{"id":63938,"date":"2025-10-18T18:19:15","date_gmt":"2025-10-18T18:19:15","guid":{"rendered":"https:\/\/www.europesays.com\/no\/63938\/"},"modified":"2025-10-18T18:19:15","modified_gmt":"2025-10-18T18:19:15","slug":"roy-jacobsen-hylles-ved-sin-bortgang","status":"publish","type":"post","link":"https:\/\/www.europesays.com\/no\/63938\/","title":{"rendered":"Roy Jacobsen hylles ved sin bortgang"},"content":{"rendered":"\n<ul class=\"_list_o9xde_3 _list_64s2r_85 _unordered_o9xde_106 text-sans-m\">\n<li class=\"_item_o9xde_30\">Forfatteren Roy Jacobsen d\u00f8de l\u00f8rdag 18. oktober, 70 \u00e5r gammel.<\/li>\n<li class=\"_item_o9xde_30\">Statsminister Jonas Gahr St\u00f8re (Ap) og flere andre politikere og forfattere hyller Jacobsen som en stor forteller og venn.<\/li>\n<li class=\"_item_o9xde_30\">Jacobsen er kjent for generasjonsromanen \u00abSeierherrene\u00bb og sin skildring av arbeiderklassen i Norge.<\/li>\n<li class=\"_item_o9xde_30\">Lars Saabye Christensen og Vigdis Hjorth minnes ham som en sjener\u00f8s og hederlig mann.<\/li>\n<\/ul>\n<p>Vis mer <\/p>\n<p class=\"_paragraph_o9xde_4 _paragraph_xtcu6_10 layout-component text-serif-m layout-normal text-serif-m layout-padded\">Den anerkjente og prisbel\u00f8nte forfatteren d\u00f8de p\u00e5 Rikshospitalet l\u00f8rdag, 70 \u00e5r gammel. Han har i flere uker kjempet mot en lungesvikt som han ikke klarte \u00e5 overvinne.<\/p>\n<p class=\"_paragraph_o9xde_4 _paragraph_xtcu6_10 layout-component text-serif-m layout-normal layout-padded\"><strong class=\"_strong_o9xde_25\">Les ogs\u00e5:<\/strong> <a href=\"https:\/\/www.vg.no\/i\/RzJ3jO\" data-track-element-type=\"Link\" data-track-id=\"link:RzJ3jO\" class=\"_link_o9xde_39\" rel=\"nofollow noopener\" target=\"_blank\">Giganten Roy<\/a><\/p>\n<p class=\"_paragraph_o9xde_4 _paragraph_xtcu6_10 layout-component text-serif-m layout-normal text-serif-m layout-padded\">Statsminister Jonas Gahr St\u00f8re (Ap) har mottatt budskapet om Jacobsens bortgang med sorg.<\/p>\n<p class=\"_paragraph_o9xde_4 _paragraph_xtcu6_10 layout-component text-serif-m layout-normal text-serif-m layout-padded\">\u2013 Roy Jacobsen var ogs\u00e5 min venn. Jeg vil savne hans omtanke, \u00e6rlighet og klare tale med ris og ros uten filter. Jeg vil savne ham, skriver statsministeren i en uttalelse.<\/p>\n<p><img decoding=\"async\" alt=\"Bilde av Jonas Gahr St\u00f8re\" class=\"_image_ygndg_42\" height=\"27\" itemprop=\"image\" loading=\"lazy\"  src=\"https:\/\/www.europesays.com\/no\/wp-content\/uploads\/2025\/10\/1760811551_438_f57ffd8c-5723-4e19-bbf9-47dfa78a16da\"  width=\"40\"\/><strong class=\"_name_ygndg_51 title-serif-xs\">Jonas Gahr St\u00f8re<\/strong><\/p>\n<p class=\"_paragraph_o9xde_4 text-sans-m _description_ygndg_56\">Statsminister (Ap)<\/p>\n<p class=\"_paragraph_o9xde_4 _paragraph_xtcu6_10 layout-component text-serif-m layout-normal text-serif-m layout-padded\">Ogs\u00e5 finansminister Jens Stoltenberg hadde et n\u00e6rt vennskap med Jacobsen.<\/p>\n<p class=\"_paragraph_o9xde_4 _paragraph_xtcu6_10 layout-component text-serif-m layout-normal text-serif-m layout-padded\">\u2013 Han er allerede dypt savnet. Men litteraturen han skapte vil leve videre. Han skildret p\u00e5 gripende vis Norges og arbeidsfolks klassereise p\u00e5 1900-tallet, sier Stoltenberg til VG.<\/p>\n<p class=\"_paragraph_o9xde_4 _paragraph_xtcu6_10 layout-component text-serif-m layout-normal text-serif-m layout-padded\">\u2013 Han forlot aldri sitt sosialdemokratiske verdigrunnlag og portretterte arbeiderklassen og kystfolkets slit, hverdag, verdighet og dr\u00f8mmer bedre enn noen, fortsetter Stoltenberg.<\/p>\n<p><img decoding=\"async\" alt=\"Bilde av Jens Stoltenberg\" class=\"_image_ygndg_42\" height=\"27\" itemprop=\"image\" loading=\"lazy\"  src=\"https:\/\/www.europesays.com\/no\/wp-content\/uploads\/2025\/10\/33c79173-4c2b-4f65-a102-af2fd50284cd\"  width=\"40\"\/><strong class=\"_name_ygndg_51 title-serif-xs\">Jens Stoltenberg<\/strong><\/p>\n<p class=\"_paragraph_o9xde_4 text-sans-m _description_ygndg_56\">Finansminister (Ap)<\/p>\n<p class=\"_paragraph_o9xde_4 _paragraph_xtcu6_10 layout-component text-serif-m layout-normal text-serif-m layout-padded\">St\u00f8re kaller ham en av de store fortellerne i norsk litteratur.<\/p>\n<p class=\"_paragraph_o9xde_4 _paragraph_xtcu6_10 layout-component text-serif-m layout-normal text-serif-m layout-padded\">\u2013 I b\u00f8kene hans finner vi kysten, arbeiderklassen, krigen \u2013 men fremfor alt mennesket. Han satte ord p\u00e5 det norske livet og landskapet med \u00e6rlighet, innsikt og et modig blikk, sier St\u00f8re.<\/p>\n<p class=\"_paragraph_o9xde_4 _paragraph_xtcu6_10 layout-component text-serif-m layout-normal text-serif-m layout-padded\">Jacobsen hadde sitt gjennombrudd med generasjonsromanen \u00abSeierherrene\u00bb og skildret det n\u00e5del\u00f8se livet p\u00e5 kysten av Nord-Norge i serien om Barr\u00f8y.<\/p>\n<p><img alt=\"Roy Jacobsen i sitt hjem p\u00e5 Nordstrand i Oslo i forbindelse med et VG-intervju i 2024.   Foto: Line M\u00f8ller \/ VG\" class=\"_image_qp4xg_65 layout-component layout-normal\" data-fullscreen- data-track-element-type=\"Article image fullscreen\" data-track-name=\"ImageFullscreen\" decoding=\"async\" loading=\"lazy\" height=\"4076\" itemprop=\"image\"  src=\"https:\/\/www.europesays.com\/no\/wp-content\/uploads\/2025\/10\/1760811552_233_8d56542f-7752-44fc-a087-ed35b5338bfc\"  style=\"object-position:0% 0%\" width=\"5435\"\/>Roy Jacobsen i sitt hjem p\u00e5 Nordstrand i Oslo i forbindelse med et VG-intervju i 2024.   Foto: Line M\u00f8ller \/ VG Roy Jacobsen<\/p>\n<ul class=\"_list_o9xde_3 _list_xtcu6_9 _list_16v91_9 _unordered_o9xde_106 layout-component text-serif-m layout-normal text-sans-m layout-padded\">\n<li class=\"_item_o9xde_30\">Norsk forfatter, f\u00f8dt 26. desember 1954.<\/li>\n<li class=\"_item_o9xde_30\">Har skrevet suksessromaner som \u00abSeierherrene\u00bb og romanserien om Ingrid fra Barr\u00f8y.<\/li>\n<li class=\"_item_o9xde_30\">Som f\u00f8rste nordmann ble han nominert p\u00e5 kortlisten til den internasjonale Bookerprisen \u2013 for \u00abDe usynlige\u00bb, f\u00f8rste bok i Barr\u00f8y-serien.<\/li>\n<li class=\"_item_o9xde_30\">Jacobsen er tildelt en rekke priser, blant annet Bokhandlerprisen for \u00abSeierherrene\u00bb.<\/li>\n<li class=\"_item_o9xde_30\">Han har arbeiderklassebakgrunn og er oppvokst p\u00e5 \u00c5rvoll i Oslo, men har ogs\u00e5 bodd ulike steder i Nord-Norge og i utlandet.<\/li>\n<li class=\"_item_o9xde_30\">Av yrker har Jacobsen v\u00e6rt b\u00e5de sjauer, fisker, snekker, l\u00e6rer og jobbet innen helseomsorgen.<\/li>\n<li class=\"_item_o9xde_30\">Han skriver innen den realistiske fortellertradisjonen.<\/li>\n<li class=\"_item_o9xde_30\">I september 2023 ble han tildelt St. Olavs Orden for \u00absitt enest\u00e5ende forfatterskap\u00bb.<\/li>\n<\/ul>\n<p class=\"_paragraph_o9xde_4 _paragraph_xtcu6_10 _paragraph_16v91_10 layout-component text-serif-m layout-normal text-sans-m layout-padded\">KILDE: Store norske leksikon<\/p>\n<p>Vis mer\u2013 En tung, tung dag<\/p>\n<p class=\"_paragraph_o9xde_4 _paragraph_xtcu6_10 layout-component text-serif-m layout-normal text-serif-m layout-padded\">Forfatterkollega <a href=\"https:\/\/www.vg.no\/tag\/lars-saabye-christensen?utm_source=vg-article&amp;utm_medium=auto-tagger&amp;utm_campaign=bmy3yA\" class=\"_link_o9xde_39\" rel=\"nofollow noopener\" target=\"_blank\">Lars Saabye Christensen<\/a> var n\u00e6r venn av Roy Jacobsen og har akkurat f\u00e5tt d\u00f8dsbudskapet da VG ringer. <\/p>\n<p class=\"_paragraph_o9xde_4 _paragraph_xtcu6_10 layout-component text-serif-m layout-normal text-serif-m layout-padded\">\u2013 Det er et stort tap for familien hans og norsk litteratur, for leserne og alle mann, sier en gr\u00e5tkvalt Christensen.<\/p>\n<p><img decoding=\"async\" alt=\"Bilde av Lars Saabye Christensen\" class=\"_image_ygndg_42\" height=\"27\" itemprop=\"image\" loading=\"lazy\"  src=\"https:\/\/www.europesays.com\/no\/wp-content\/uploads\/2025\/10\/20ba38e0-dcdd-49df-a1a9-3217020a9473\"  width=\"40\"\/><strong class=\"_name_ygndg_51 title-serif-xs\">Lars Saabye Christensen<\/strong><\/p>\n<p class=\"_paragraph_o9xde_4 text-sans-m _description_ygndg_56\">Forfatter<\/p>\n<p class=\"_paragraph_o9xde_4 _paragraph_xtcu6_10 layout-component text-serif-m layout-normal text-serif-m layout-padded\">\u2013 Han vil bli savnet. Vi har b\u00f8kene hans og det er en tr\u00f8st. Men det er ingen som fyller tomrommet etter ham bortsett fra hans egne b\u00f8ker. Det er en tung, tung dag.<\/p>\n<p class=\"_paragraph_o9xde_4 _paragraph_xtcu6_10 layout-component text-serif-m layout-normal text-serif-m layout-padded\">\u2013 Hvordan var han for deg som venn?<\/p>\n<p class=\"_paragraph_o9xde_4 _paragraph_xtcu6_10 layout-component text-serif-m layout-normal text-serif-m layout-padded\">\u2013 Han var det man kaller en real kar. Vi har fulgt hverandre i f\u00f8rti-femti \u00e5r i skrivekarrierene v\u00e5re. Vi har veldig mye til felles. Det er en veldig, veldig tung og rar dag, gjentar Lars Saabye Christensen.<\/p>\n<p><img alt=\"Forfatterne Roy Jacobsen (t.v.),  Ingvar Ambj\u00f8rnsen og Lars Saabye Christensen p\u00e5 forlagsfest i 1995.  Foto: Trond Solberg \/ VG\" class=\"_image_qp4xg_65 layout-component layout-normal\" data-fullscreen- data-track-element-type=\"Article image fullscreen\" data-track-name=\"ImageFullscreen\" decoding=\"async\" loading=\"lazy\" height=\"3264\" itemprop=\"image\"  src=\"https:\/\/www.europesays.com\/no\/wp-content\/uploads\/2025\/10\/1760811553_848_4295114a-6155-4f74-95d1-73b41ad10ec9\"  style=\"object-position:0% 0%\" width=\"4352\"\/>Forfatterne Roy Jacobsen (t.v.),  Ingvar Ambj\u00f8rnsen og Lars Saabye Christensen p\u00e5 forlagsfest i 1995.  Foto: Trond Solberg \/ VG\u2013 En hedersmann<\/p>\n<p class=\"_paragraph_o9xde_4 _paragraph_xtcu6_10 layout-component text-serif-m layout-normal text-serif-m layout-padded\">Ogs\u00e5 forfatterkollega Vigdis Hjorth er full av lovord.<\/p>\n<p class=\"_paragraph_o9xde_4 _paragraph_xtcu6_10 layout-component text-serif-m layout-normal text-serif-m layout-padded\">\u2013 Det er kjempetrist, sier hun om d\u00f8dsfallet.<\/p>\n<p class=\"_paragraph_o9xde_4 _paragraph_xtcu6_10 layout-component text-serif-m layout-normal text-serif-m layout-padded\">\u2013 Han var en fabelaktig kollega og har alltid fungert som en stor trygghet p\u00e5 f\u00f8rst Cappelen og n\u00e5 Cappelen Damm Forlag.<\/p>\n<p><img decoding=\"async\" alt=\"Bilde av Vigdis Hjorth\" class=\"_image_ygndg_42\" height=\"27\" itemprop=\"image\" loading=\"lazy\"  src=\"https:\/\/www.europesays.com\/no\/wp-content\/uploads\/2025\/10\/1760811553_798_6bb2355d-2391-4a58-842b-e7d94992e01b\"  width=\"40\"\/><strong class=\"_name_ygndg_51 title-serif-xs\">Vigdis Hjorth<\/strong><\/p>\n<p class=\"_paragraph_o9xde_4 text-sans-m _description_ygndg_56\">Forfatter<\/p>\n<p class=\"_paragraph_o9xde_4 _paragraph_xtcu6_10 layout-component text-serif-m layout-normal text-serif-m layout-padded\">Som person var Roy Jacobsen viktig for sine kolleger, mener Hjorth.<\/p>\n<p class=\"_paragraph_o9xde_4 _paragraph_xtcu6_10 layout-component text-serif-m layout-normal text-serif-m layout-padded\">\u2013 Han var veldig rolig. Blid. Solidarisk. Tok deg inn i varmen. Jeg har kjent ham like lenge som jeg har v\u00e6rt forfatter. Han var veldig sjener\u00f8s. Kjempesjener\u00f8s mot kolleger.<\/p>\n<p class=\"_paragraph_o9xde_4 _paragraph_xtcu6_10 layout-component text-serif-m layout-normal text-serif-m layout-padded\">Hun trekker pusten i telefonen.<\/p>\n<p class=\"_paragraph_o9xde_4 _paragraph_xtcu6_10 layout-component text-serif-m layout-normal text-serif-m layout-padded\">\u2013 Han var en hedersmann p\u00e5 alle m\u00e5ter. <\/p>\n<p> \u2013 Stemmen til en hel generasjon<\/p>\n<p class=\"_paragraph_o9xde_4 _paragraph_xtcu6_10 layout-component text-serif-m layout-normal text-serif-m layout-padded\">Forfatter og forlegger Anders Heger kjente Jacobsen godt.<\/p>\n<p class=\"_paragraph_o9xde_4 _paragraph_xtcu6_10 layout-component text-serif-m layout-normal text-serif-m layout-padded\">\u2013 Dette er et enormt tap, f\u00f8rst og fremst for familien og alle som kjente ham, men ogs\u00e5 for norsk litteratur. Jacobsen var stemmen til en hel generasjon, sier Heger.<\/p>\n<p class=\"_paragraph_o9xde_4 _paragraph_xtcu6_10 layout-component text-serif-m layout-normal text-serif-m layout-padded\">\u2013 Det er titusenvis av mennesker som f\u00f8ler at de har kjent ham, og som n\u00e5 f\u00f8ler at de har mistet en n\u00e6r og kj\u00e6r venn, fortsetter Heger.<\/p>\n<p><img decoding=\"async\" alt=\"Bilde av Anders Heger\" class=\"_image_ygndg_42\" height=\"27\" itemprop=\"image\" loading=\"lazy\"  src=\"https:\/\/www.europesays.com\/no\/wp-content\/uploads\/2025\/10\/1760811554_207_c9e11805-d168-4216-ae4b-6b89b49fc911\"  width=\"40\"\/><strong class=\"_name_ygndg_51 title-serif-xs\">Anders Heger<\/strong><\/p>\n<p class=\"_paragraph_o9xde_4 text-sans-m _description_ygndg_56\">Forfatter og forlegger<\/p>\n<p class=\"_paragraph_o9xde_4 _paragraph_xtcu6_10 layout-component text-serif-m layout-normal text-serif-m layout-padded\">Han tror at Jacobsen blir husket som en helt unik forfatter.<\/p>\n<p class=\"_paragraph_o9xde_4 _paragraph_xtcu6_10 layout-component text-serif-m layout-normal text-serif-m layout-padded\">\u2013 De fleste vil nok huske ham for \u00abSeierherrene\u00bb, men forfatterskapet hans er enormt og rikt utover det. <\/p>\n<p><img decoding=\"async\" alt=\"Bilde av John Erik Riley\" class=\"_image_ygndg_42\" height=\"40\" itemprop=\"image\" loading=\"lazy\"  src=\"https:\/\/www.europesays.com\/no\/wp-content\/uploads\/2025\/10\/7851dcf8-04d1-4ddf-9a0b-042ebe4770e0\"  width=\"40\"\/><strong class=\"_name_ygndg_51 title-serif-xs\">John Erik Riley<\/strong><\/p>\n<p class=\"_paragraph_o9xde_4 text-sans-m _description_ygndg_56\">Redaksjonssjef i Cappelen Damm<\/p>\n<p class=\"_paragraph_o9xde_4 _paragraph_xtcu6_10 layout-component text-serif-m layout-normal text-serif-m layout-padded\">\u2013 I dag har vi mistet en stor forfatter og en n\u00e6r venn av forlaget, sier John Erik Riley, redaksjonssjef for norsk skj\u00f8nnlitteratur hos Cappelen Damm.<\/p>\n<p class=\"_paragraph_o9xde_4 _paragraph_xtcu6_10 layout-component text-serif-m layout-normal text-serif-m layout-padded\">\u2013 Roy var en historieforteller av de sjeldne, en uts\u00f8kt stilist, enormt kunnskapsrik og med et hjerte for de oversette og glemte sider ved v\u00e5r historie.<\/p>\n<p>\u2013 T\u00f8ff mann med et stort hjerte<\/p>\n<p class=\"_paragraph_o9xde_4 _paragraph_xtcu6_10 layout-component text-serif-m layout-normal text-serif-m layout-padded\">\u2013 Dette var forferdelig trist, sier reklamemannen Kjetil Try til VG.<\/p>\n<p class=\"_paragraph_o9xde_4 _paragraph_xtcu6_10 layout-component text-serif-m layout-normal text-serif-m layout-padded\">Han kaller Roy Jacobsen en av sine beste venner. De m\u00f8ttes f\u00f8rste gang etter at \u00abSeierherrene\u00bb kom i 1991, hadde oppveksten i Oslos drabantbyer felles og har siden holdt sammen.<\/p>\n<p><img decoding=\"async\" alt=\"Bilde av Kjetil Try\" class=\"_image_ygndg_42\" height=\"60\" itemprop=\"image\" loading=\"lazy\"  src=\"https:\/\/www.europesays.com\/no\/wp-content\/uploads\/2025\/10\/3731ea92-bd01-4fc7-be9a-a5b8a2fb2586\"  width=\"40\"\/><strong class=\"_name_ygndg_51 title-serif-xs\">Kjetil Try<\/strong><\/p>\n<p class=\"_paragraph_o9xde_4 text-sans-m _description_ygndg_56\">Styreleder kommunikasjonsbyr\u00e5et Try<\/p>\n<p class=\"_paragraph_o9xde_4 _paragraph_xtcu6_10 layout-component text-serif-m layout-normal text-serif-m layout-padded\">\u2013 Han var en t\u00f8ff mann med et stort hjerte. Han var opptatt av folk og av rettferdighet, som er adelsmerket innenfor sosialdemokratiet, sier styrelederen i kommunikasjonsbyr\u00e5et Try.<\/p>\n<p class=\"_paragraph_o9xde_4 _paragraph_xtcu6_10 layout-component text-serif-m layout-normal text-serif-m layout-padded\">Han karakteriserer kameraten et politisk dyr som var god venn b\u00e5de med n\u00e5v\u00e6rende og tidligere statsminister fra Arbeiderpartiet.<\/p>\n<p class=\"_paragraph_o9xde_4 _paragraph_xtcu6_10 layout-component text-serif-m layout-normal text-serif-m layout-padded\">\u2013 Han var knallhard ogs\u00e5 overfor sine egne, n\u00e5r han mente de hadde gjort noe feil og la ikke fingrene imellom, n\u00e5r han snakket med Jens og Jonas.<\/p>\n<p>Opptatt av krigen i Ukraina<\/p>\n<p class=\"_paragraph_o9xde_4 _paragraph_xtcu6_10 layout-component text-serif-m layout-normal text-serif-m layout-padded\">Roy Jacobsen var sterkt engasjert i Fritt Ukraina.<\/p>\n<p class=\"_paragraph_o9xde_4 _paragraph_xtcu6_10 layout-component text-serif-m layout-normal text-serif-m layout-padded\">\u2013 Da krigen i Ukraina br\u00f8t ut, sto han ikke p\u00e5 sidelinjen. Han ville handle, sier Peter Fr\u00f8lich, leder av Fritt Ukraina og stortingsrepresentant for H\u00f8yre.<\/p>\n<p><img decoding=\"async\" alt=\"Bilde av Peter Fr\u00f8lich\" class=\"_image_ygndg_42\" height=\"27\" itemprop=\"image\" loading=\"lazy\"  src=\"https:\/\/www.europesays.com\/no\/wp-content\/uploads\/2025\/10\/735dc34d-effa-456e-a801-243d62ae387e\"  width=\"40\"\/><strong class=\"_name_ygndg_51 title-serif-xs\">Peter Fr\u00f8lich<\/strong><\/p>\n<p class=\"_paragraph_o9xde_4 text-sans-m _description_ygndg_56\">Leder Fritt Ukraina og stortingsrepresentant (H)<\/p>\n<p class=\"_paragraph_o9xde_4 _paragraph_xtcu6_10 layout-component text-serif-m layout-normal text-serif-m layout-padded\">Jacobsen reiste ogs\u00e5 selv til det krigsherjede landet med utstyr til de milit\u00e6re styrkene. Forfatteren har mottatt Fritt Ukrainas hederspris.<\/p>\n<p class=\"_paragraph_o9xde_4 _paragraph_xtcu6_10 layout-component text-serif-m layout-normal text-serif-m layout-padded\">\u2013 Roy var en av b\u00e6rebjelkene i Fritt Ukraina. Han var et menneske med en usedvanlig kombinasjon av klarsyn, engasjement og varme, fremholder Fr\u00f8lich.<\/p>\n","protected":false},"excerpt":{"rendered":"Forfatteren Roy Jacobsen d\u00f8de l\u00f8rdag 18. oktober, 70 \u00e5r gammel. Statsminister Jonas Gahr St\u00f8re (Ap) og flere andre&hellip;\n","protected":false},"author":2,"featured_media":63939,"comment_status":"","ping_status":"","sticky":false,"template":"","format":"standard","meta":{"footnotes":""},"categories":[5],"tags":[150,31,20,21,9269,24,25,15,19,240,9268,22,23,17,18,13,30,28,29,14,16,516,3075,26,27,3198],"class_list":{"0":"post-63938","1":"post","2":"type-post","3":"status-publish","4":"format-standard","5":"has-post-thumbnail","7":"category-overskrifter","8":"tag-bok","9":"tag-breaking","10":"tag-breaking-news","11":"tag-breakingnews","12":"tag-cappelen-damm","13":"tag-featured-news","14":"tag-featurednews","15":"tag-headlines","16":"tag-hovedoppslag","17":"tag-jens-stoltenberg","18":"tag-lars-saabye-christensen","19":"tag-latest-news","20":"tag-latestnews","21":"tag-main-news","22":"tag-mainnews","23":"tag-news","24":"tag-no","25":"tag-norge","26":"tag-norway","27":"tag-nyheter","28":"tag-overskrifter","29":"tag-roy-jacobsen","30":"tag-skjonnlitteratur","31":"tag-top-stories","32":"tag-topstories","33":"tag-vigdis-hjorth"},"share_on_mastodon":{"url":"","error":""},"_links":{"self":[{"href":"https:\/\/www.europesays.com\/no\/wp-json\/wp\/v2\/posts\/63938","targetHints":{"allow":["GET"]}}],"collection":[{"href":"https:\/\/www.europesays.com\/no\/wp-json\/wp\/v2\/posts"}],"about":[{"href":"https:\/\/www.europesays.com\/no\/wp-json\/wp\/v2\/types\/post"}],"author":[{"embeddable":true,"href":"https:\/\/www.europesays.com\/no\/wp-json\/wp\/v2\/users\/2"}],"replies":[{"embeddable":true,"href":"https:\/\/www.europesays.com\/no\/wp-json\/wp\/v2\/comments?post=63938"}],"version-history":[{"count":0,"href":"https:\/\/www.europesays.com\/no\/wp-json\/wp\/v2\/posts\/63938\/revisions"}],"wp:featuredmedia":[{"embeddable":true,"href":"https:\/\/www.europesays.com\/no\/wp-json\/wp\/v2\/media\/63939"}],"wp:attachment":[{"href":"https:\/\/www.europesays.com\/no\/wp-json\/wp\/v2\/media?parent=63938"}],"wp:term":[{"taxonomy":"category","embeddable":true,"href":"https:\/\/www.europesays.com\/no\/wp-json\/wp\/v2\/categories?post=63938"},{"taxonomy":"post_tag","embeddable":true,"href":"https:\/\/www.europesays.com\/no\/wp-json\/wp\/v2\/tags?post=63938"}],"curies":[{"name":"wp","href":"https:\/\/api.w.org\/{rel}","templated":true}]}}