{"id":63942,"date":"2025-10-18T18:21:16","date_gmt":"2025-10-18T18:21:16","guid":{"rendered":"https:\/\/www.europesays.com\/no\/63942\/"},"modified":"2025-10-18T18:21:16","modified_gmt":"2025-10-18T18:21:16","slug":"jeg-savner-henne-allerede","status":"publish","type":"post","link":"https:\/\/www.europesays.com\/no\/63942\/","title":{"rendered":"\u2013 Jeg savner henne allerede"},"content":{"rendered":"<p>    Desta Marie Beeder har f\u00e5tt en vikar i \u00abGod morgen Norge\u00bb under \u00abSkal vi danse\u00bb-eventyret. Men n\u00e5r hun vender tilbake til sofaen, vil det v\u00e6re uten folkekj\u00e6re Wenche Andersen som TV-kokk.<\/p>\n<p>\n        <b>TV-AKTUELL: <\/b>\u00abGod morgen Norge\u00bb-programlederen gleder seg til \u00e5 entre parketten.<br \/>\n        Svein Brimi\n    <\/p>\n<p>\u2013 Jeg er glad i \u00e5 danse, men jeg danser mest hjemme. Vi f\u00e5r se om jeg har noe form for talent, smiler Desta Marie Beeder (37) n\u00e5r Her og N\u00e5 m\u00f8ter henne p\u00e5 \u00abSkal vi danse\u00bb-lanseringen.<\/p>\n<p>Denne h\u00f8sten er den blide TV-profilen \u00e5 finne p\u00e5 parketten sammen med proffdanser Tarjei Svalastog. Deltakelsen er noe som lenge har st\u00e5tt p\u00e5 \u00f8nskelisten hennes, innr\u00f8mmer hun.<\/p>\n<p>\u2013 Det \u00e5 kunne tre ut av hverdagen sin og leve litt som en idrettsut\u00f8ver en periode, sier hun er noe av det hun gleder seg til.<\/p>\n<p>\u2013 Og s\u00e5 elsker jeg glitter og glam!<\/p>\n<p>                <img decoding=\"async\" src=\"https:\/\/www.europesays.com\/no\/wp-content\/uploads\/2025\/10\/7561551.webp\" width=\"480\" height=\"293\" title=\"RYTMISK DUO: Det er Tarjei Svalastog som er Destas dansepartner. Han har v\u00e6rt med i fire sesonger og kom p\u00e5 3. plass da han danset med Ulrikke Brandstorp i 2023.\" alt=\"\" loading=\"lazy\" style=\"\"\/><\/p>\n<p>\n            <b>RYTMISK DUO:<\/b> Det er Tarjei Svalastog som er Destas dansepartner. Han har v\u00e6rt med i fire sesonger og kom p\u00e5 3. plass da han danset med Ulrikke Brandstorp <br \/>i 2023.<br \/>\n            Svein Brimi\n        <\/p>\n<p>Har f\u00e5tt vikar<\/p>\n<p>37-\u00e5ringen fra Bergen har til vanlig en travel jobb som program- leder i \u00abGod morgen Norge\u00bb. Hun s\u00e5 imidlertid fort at de grytidlige morgenene ikke lot seg kombinere med den krevende danse- treningen.<\/p>\n<p>\u2013 Jeg er s\u00e5 heldig at jeg har f\u00e5tt en vikar, s\u00e5 jeg skal ikke jobbe morgenene mens jeg danser. For turnusen v\u00e5r er knallhard! Det er jobb fra 5 til 12, s\u00e5 noen timer fri midt p\u00e5 dagen, f\u00f8r vi begynner \u00e5 jobbe igjen p\u00e5 kvelden.\u00a0<\/p>\n<p> \u2013 Det hadde ikke g\u00e5tt, s\u00e5 det var mitt kriterium for \u00e5 kunne v\u00e6re med i \u00abSkal vi danse\u00bb, forteller Desta.<\/p>\n<p>Les ogs\u00e5: <a href=\"https:\/\/www.klikk.no\/underholdning\/desta-marie-beeder-snek-seg-inn-pa-etterfesten-7517978\" rel=\"nofollow noopener\" target=\"_blank\">Desta Marie Beeder snek seg inn p\u00e5 etterfesten mens vaktene s\u00e5 i en annen retning<\/a> <\/p>\n<p>                <img decoding=\"async\" src=\"https:\/\/www.europesays.com\/no\/wp-content\/uploads\/2025\/10\/7561547.webp\" width=\"480\" height=\"360\" title=\"DANSESPIRE: Dansing blir det mest av hjemme for Desta. \u2013 Jeg er ikke en klubb-jente, men mer pub-type, sier hun.\" alt=\"\" loading=\"lazy\" style=\"\"\/><\/p>\n<p>\n            <b>DANSESPIRE:<\/b> Dansing blir det mest av hjemme for Desta. \u2013 Jeg er ikke en klubb-jente, men mer pub-type, sier hun.<br \/>\n            Svein Brimi\n        <\/p>\n<p>Bilder av Wenche\u00a0<\/p>\n<p>Programlederjobben har hun hatt siden 2018, etter \u00e5 ha startet TV-karrieren som v\u00e6rmelder. I de syv \u00e5rene Desta har \u00f8nsket TV-seerne en god morgen, har hun bestandig hatt Wenche Andersen (71) i bakgrunnen som TV-kokk.\u00a0<\/p>\n<p>I sommer takket imidlertid kj\u00f8kkensjefen for seg, og dermed vil ikke Desta dele studio med sin gode venn og kollega lenger. Savnet har 37-\u00e5ringen allerede kjent p\u00e5.<\/p>\n<p>\u2013 Det blir veldig rart \u00e5 komme tilbake uten Wenche. Jeg har allerede planlagt at jeg skal printe ut bilder av oss, som jeg skal ha p\u00e5 innsiden av skapet mitt p\u00e5 jobb.\u00a0<\/p>\n<p> \u2013 Heldigvis har jeg fortsatt mye kontakt med henne, og vi sender hverandre meldinger. S\u00e5 skal jeg invitere henne p\u00e5 \u00abSkal vi danse\u00bb, hun m\u00e5 jo komme og se p\u00e5. Jeg savner henne allerede, sl\u00e5r hun fast.<\/p>\n<p> Les ogs\u00e5: (+)\u00a0<a href=\"https:\/\/www.klikk.no\/foreldre\/sjefen-truer-med-a-si-meg-opp-fordi-jeg-har-mistet-forerkortet-7516867\" rel=\"nofollow noopener\" target=\"_blank\">Sjefen truer med \u00e5 si meg opp fordi jeg har mistet f\u00f8rerkortet<\/a> <\/p>\n<p>                <img decoding=\"async\" src=\"https:\/\/www.europesays.com\/no\/wp-content\/uploads\/2025\/10\/7561544.webp\" width=\"480\" height=\"270\" title=\"KJ\u00c6R KOLLEGA: Wenche Andersen gikk av med pensjon i sommer og etterlater seg et stort tomrom i \u00abGod morgen Norge\u00bb. Desta Marie savner henne allerede.\" alt=\"\" loading=\"lazy\" style=\"\"\/><\/p>\n<p>\n            <b>KJ\u00c6R KOLLEGA: <\/b>Wenche Andersen gikk av med pensjon i sommer og etterlater seg et stort tomrom i \u00abGod morgen Norge\u00bb. Desta Marie savner henne allerede.<br \/>\n            TV 2\n        <\/p>\n<p>Feirer bursdag og nytt\u00e5r\u00a0<\/p>\n<p>Den 11. september fylte Desta 37 \u00e5r, og dagen sammenfaller med etiopisk nytt\u00e5r. Det er 11 \u00e5r siden TV-profilen var i farens hjemland, Etiopia, sist. Da var hun der i forbindelse med NRK-programmet \u00abHva har du i bagasjen?\u00bb.<\/p>\n<p>\u2013 Vi har litt nytt\u00e5rsfeiringer hjemme, der vi sier gratulerer med dagen og \u00f8nsker hverandre godt nytt \u00e5r.<\/p>\n<p>Men hun skulle gjerne v\u00e6rt tilbake i Etiopia.<\/p>\n<p>\u2013 Det er altfor lenge siden jeg var der sist. N\u00e5 er det litt vanskelig \u00e5 dra fordi det er en urolig situasjon og en del reiser\u00e5d fra UD. Men jeg h\u00e5per \u00e5 kunne dra tilbake, sier hun.<\/p>\n<p>                <img decoding=\"async\" src=\"https:\/\/www.europesays.com\/no\/wp-content\/uploads\/2025\/10\/7561549.webp\" width=\"480\" height=\"221\" title=\"2014: Det er 11 \u00e5r siden Desta siste var i Etiopia, da hun deltok i programmet \u00abHva har du i bagasjen?\u00bb i 2014.\" alt=\"\" loading=\"lazy\" style=\"\"\/><\/p>\n<p>\n            <b>2014:<\/b> Det er 11 \u00e5r siden Desta siste var i Etiopia, da hun deltok i programmet \u00abHva har du i bagasjen?\u00bb i 2014.<br \/>\n            NRK\/Skjermdump\n        <\/p>\n<p>Da kunne hun tenkt seg \u00e5 ha med turutstyr.<\/p>\n<p>\u2013 Etiopia har et fantastisk fjellandskap, som jeg har lyst til \u00e5 g\u00e5 litt i.<\/p>\n<p>N\u00e5 som hun skal v\u00e6re med i \u00abSkal vi danse\u00bb, h\u00e5per hun ogs\u00e5 at hun har noen etiopiske rytmer i seg, som kan komme frem!<\/p>\n","protected":false},"excerpt":{"rendered":"Desta Marie Beeder har f\u00e5tt en vikar i \u00abGod morgen Norge\u00bb under \u00abSkal vi danse\u00bb-eventyret. Men n\u00e5r hun&hellip;\n","protected":false},"author":2,"featured_media":63943,"comment_status":"","ping_status":"","sticky":false,"template":"","format":"standard","meta":{"footnotes":""},"categories":[58],"tags":[71,30,28,29,72],"class_list":{"0":"post-63942","1":"post","2":"type-post","3":"status-publish","4":"format-standard","5":"has-post-thumbnail","7":"category-underholdning","8":"tag-entertainment","9":"tag-no","10":"tag-norge","11":"tag-norway","12":"tag-underholdning"},"share_on_mastodon":{"url":"","error":""},"_links":{"self":[{"href":"https:\/\/www.europesays.com\/no\/wp-json\/wp\/v2\/posts\/63942","targetHints":{"allow":["GET"]}}],"collection":[{"href":"https:\/\/www.europesays.com\/no\/wp-json\/wp\/v2\/posts"}],"about":[{"href":"https:\/\/www.europesays.com\/no\/wp-json\/wp\/v2\/types\/post"}],"author":[{"embeddable":true,"href":"https:\/\/www.europesays.com\/no\/wp-json\/wp\/v2\/users\/2"}],"replies":[{"embeddable":true,"href":"https:\/\/www.europesays.com\/no\/wp-json\/wp\/v2\/comments?post=63942"}],"version-history":[{"count":0,"href":"https:\/\/www.europesays.com\/no\/wp-json\/wp\/v2\/posts\/63942\/revisions"}],"wp:featuredmedia":[{"embeddable":true,"href":"https:\/\/www.europesays.com\/no\/wp-json\/wp\/v2\/media\/63943"}],"wp:attachment":[{"href":"https:\/\/www.europesays.com\/no\/wp-json\/wp\/v2\/media?parent=63942"}],"wp:term":[{"taxonomy":"category","embeddable":true,"href":"https:\/\/www.europesays.com\/no\/wp-json\/wp\/v2\/categories?post=63942"},{"taxonomy":"post_tag","embeddable":true,"href":"https:\/\/www.europesays.com\/no\/wp-json\/wp\/v2\/tags?post=63942"}],"curies":[{"name":"wp","href":"https:\/\/api.w.org\/{rel}","templated":true}]}}