{"id":63944,"date":"2025-10-18T18:25:20","date_gmt":"2025-10-18T18:25:20","guid":{"rendered":"https:\/\/www.europesays.com\/no\/63944\/"},"modified":"2025-10-18T18:25:20","modified_gmt":"2025-10-18T18:25:20","slug":"debatt-helse-nord-et-helsevesen-som-er-totalt-fokka","status":"publish","type":"post","link":"https:\/\/www.europesays.com\/no\/63944\/","title":{"rendered":"Debatt, Helse Nord | Et helsevesen som er totalt f\u00f8kka"},"content":{"rendered":"\n<p>Torsdag ble det kjent at Helse Nords kommunikasjonsdirekt\u00f8r Kim Hannisdal g\u00e5r ned i l\u00f8nn. Helt frivillig. Det kommer nemlig p\u00e5 hans eget initiativ og betyr 110.000 kroner mindre utbetalt i \u00e5ret. Hannisdal sier til NRK at debatten rundt l\u00f8nnen hans har skapt uro for ham og Helse Nord. S\u00e5 100 prosent frivillig var det alts\u00e5 ikke.<\/p>\n<p>Det skyldes i stor grad det faktum at tv er et s\u00e5 ekstremt sterkt medium. Ett minutt der kan bety mer enn 100 avisartikler. Vi s\u00e5 det i NRKs Debatten forrige torsdag. Der ble Helse Nords styreleder og direkt\u00f8r latterliggjort foran et helt land. Delvis fordi de hadde en d\u00e5rlig sak, men ogs\u00e5 fordi de s\u00e5 \u00e5penbart ikke behersker tv-mediet.<\/p>\n<p>  <a href=\"https:\/\/www.an.no\/5-4-2253732\" class=\"related-teaser has-image default-opinion-teaser article--c-eRUmMG article--c-eRUmMG-jKCPdD-design-default\" rel=\"nofollow noopener\" target=\"_blank\"><\/p>\n<p>    <img decoding=\"async\" loading=\"lazy\"  src=\"https:\/\/www.europesays.com\/no\/wp-content\/uploads\/2025\/10\/ae041304-eca9-4cb1-a1a5-a4feb3bc4e49.jpg\" alt=\"\" class=\"brick-c-cFOWSL\" style=\"\"\/><\/p>\n<p>\n            Les ogs\u00e5<\/p>\n<p>              Helse Nords l\u00f8nnsgalopp er ikke b\u00e6rekraftig\n        <\/p>\n<p>  <\/a><\/p>\n<p>Det er mye \u00e5 si om det. Som det vanvittige paradokset at en kommunikasjonsdirekt\u00f8r med en l\u00f8nn p\u00e5 1,8 millioner kroner (den gang) ikke hadde forberedt dem bedre p\u00e5 hva som ventet dem. Selv jeg skulle klart det bedre og jeg ville ikke krevd med enn \u00e9n million for innsatsen. Eller nesten gratis som det vel heter i Helse Nord n\u00e5.<\/p>\n<p>Sp\u00f8k til side. For situasjonen i Helse Nord er virkelig ingen sp\u00f8k. Og Debatten gjorde lite for \u00e5 f\u00e5 smilet tilbake. Det er da heller ikke dens oppgave, men det ensidige fokuset p\u00e5 Helse Nord og l\u00f8nn f\u00f8rte en viktig debatt inn p\u00e5 et sidespor. Noe reaksjonene etter debatten har vist.<\/p>\n<p>Ja, den nye direkt\u00f8rens l\u00f8nnsbetingelser er uanstendige. Ja, det var t\u00e5pelig av Marit Lind \u00e5 hevde at det ikke finnes god nok kompetanse i Nord-Norge. Ja, det er muligens et regelbrudd \u00e5 ikke lyse ut stillingen.<\/p>\n<p>  <a href=\"https:\/\/www.an.no\/5-4-2100520\" class=\"related-teaser has-image default-opinion-teaser article--c-eRUmMG article--c-eRUmMG-jKCPdD-design-default\" rel=\"nofollow noopener\" target=\"_blank\"><\/p>\n<p>    <img decoding=\"async\" loading=\"lazy\"  src=\"https:\/\/www.europesays.com\/no\/wp-content\/uploads\/2025\/10\/NTB_Zg0_HgODfXI.jpg\" alt=\"\" class=\"brick-c-cFOWSL\" style=\"\"\/><\/p>\n<p>\n            Les ogs\u00e5<\/p>\n<p>              N\u00e5r vi blir stadig f\u00e6rre kan vi ikke bo like spredt\n        <\/p>\n<p>  <\/a><\/p>\n<p>Men nei, det er ikke dette som er hovedutfordringene for v\u00e5rt helsevesen og Helse Nord, eller Marit Lind er ikke verre enn de andre helseforetakene og deres ledere. Det betyr ikke at kritikken mot henne og styreleder Renate Larsen er ubegrunnet. Men det betyr at \u00e5 skifte dem ut ikke vil endre Helse Nords og norsk helsevesens grunnleggende utfordringer.<\/p>\n<p>Det f\u00f8rste som Debatten og debatten etterp\u00e5 ikke har tatt inn over seg er hvor unike Helse Nords utfordringer er i forhold til de andre helseforetakenes. Helse Nord har ansvaret for helsen til ni prosent av Norges befolkning, men den befolkningen befinner seg p\u00e5 nesten halvparten av Norges landareal, om vi tar med Svalbard.<\/p>\n<p>Det er ogs\u00e5 et landareal med sv\u00e6rt spredt befolkning, mange sykehus og sterke lokalpolitikere som sl\u00e5ss med nebb og kl\u00f8r for sitt tilbud. Dette skrives ikke for \u00e5 forsvare den jobben Helse Nords ledelse har gjort. Den har beg\u00e5tt mange feil, den har kommunisert d\u00e5rlig, den har bygget murer og ikke bruer. Poenget er at hovedutfordringene ikke blir borte med ny ledelse.<\/p>\n<p>  <a href=\"https:\/\/www.an.no\/5-4-1920893\" class=\"related-teaser has-image default-opinion-teaser article--c-eRUmMG article--c-eRUmMG-jKCPdD-design-default\" rel=\"nofollow noopener\" target=\"_blank\"><\/p>\n<p>    <img decoding=\"async\" loading=\"lazy\"  src=\"https:\/\/www.europesays.com\/no\/wp-content\/uploads\/2025\/10\/Debattvignetter+-+Steins+versjon+-+2024-03-04T092432.093.jpg\" alt=\"\" class=\"brick-c-cFOWSL\" style=\"\"\/><\/p>\n<p>\n            Les ogs\u00e5<\/p>\n<p>              Skal vi fortsette med \u00e5 flikke p\u00e5 helseforetaksmodellen, eller t\u00f8r vi tenke helt nytt?\n        <\/p>\n<p>  <\/a><\/p>\n<p>Det blir heller ikke de utfordringer hele helsevesenet n\u00e5 m\u00f8ter. I alle helseforetakene \u00f8ker b\u00e5de antall ledere og deres l\u00f8nn. Alle sliter med rekrutteringen av fagpersonell. Alle m\u00e5 tilpasse seg en kraftig \u00f8kning av eldre pasienter med tunge, medisinsk behov. Alle m\u00e5 tilpasse seg at bevilgningene ikke lenger bare \u00f8ker og \u00f8ker.<\/p>\n<p>Norge ligger allerede i verdenstoppen n\u00e5r det gjelder penger brukt p\u00e5 helse. Sett i forhold til innbyggertallet er det bare USA som bruker klart mer. Pengebruken er ogs\u00e5 \u00f8kende. I 2013 fikk helseforetakene rundt 112 milliarder kroner, i \u00e5r blir de p\u00e5 rundt 230 milliarder. F\u00e5 vil hevde at det har l\u00f8st alle problemer.<\/p>\n<p>En av \u00e5rsaken er \u00e5penbart feil bruk av pengene. N\u00e5 tar regjeringen grep. I statsbudsjettet flytter den 300 millioner kroner fra forvaltning til pasientbehandling. Av dette m\u00e5 helseforetakene effektivisere for 194 millioner. I sum betyr det mindre penger direkte til dem neste \u00e5r enn det de f\u00e5r fra staten i \u00e5r.<\/p>\n<p>  <a href=\"https:\/\/www.an.no\/5-4-1895042\" class=\"related-teaser has-image default-opinion-teaser article--c-eRUmMG article--c-eRUmMG-jKCPdD-design-default\" rel=\"nofollow noopener\" target=\"_blank\"><\/p>\n<p>    <img decoding=\"async\" loading=\"lazy\"  src=\"https:\/\/www.europesays.com\/no\/wp-content\/uploads\/2025\/10\/Debattvignetter+-+Steins+versjon+-+2024-01-18T124818.818.jpg\" alt=\"\" class=\"brick-c-cFOWSL\" style=\"\"\/><\/p>\n<p>\n            Les ogs\u00e5<\/p>\n<p>              \u00c5 diskutere Helse Nord uten \u00e5 se p\u00e5 hele foretaksmodellen, er som \u00e5 studere anatomi ved \u00e5 unders\u00f8ke halve kroppen\n        <\/p>\n<p>  <\/a><\/p>\n<p>Dette er et klart signal til helseforetakene, noe helseminister Jan Christian Vestre har understreket: Staten kan ikke bare \u00f8ke og \u00f8ke bevilgningene til helsevesenet uten ogs\u00e5 \u00e5 se p\u00e5 effekten av det. Og selv om bevilgningen til sykehusene \u00f8ker med 3,4 milliarder neste \u00e5r, er det langt fra nok til \u00e5 l\u00f8se alle utfordringer. Derfor trengs det andre grep enn bare mer og mer penger.<\/p>\n<p>Dette er bakgrunnen for at Vestre har etablert det s\u00e5kalte Helsereformutvalget. Det skal foresl\u00e5 nye modeller for organiseringen av norsk helsevesen. Som ledd i den prosessen er det alt satt i gang ulike pr\u00f8veprosjekter, blant annet i Lofoten der man pr\u00f8ver ut en \u00e9n felles helsetjeneste enten man f\u00e5r tilbud fra sykehus eller kommune.<\/p>\n<p>Med i utvalget er ogs\u00e5 ordf\u00f8rer Jonny Finstad (H) i Vestv\u00e5g\u00f8y og det er gitt et sv\u00e6rt bredt mandat, og i det m\u00e5 ogs\u00e5 en grundig vurdering av modellen med regionale helseforetak inng\u00e5. Den har overlevd lenge, tross dens mange mangler og tross sterk politisk motstand, blant annet fra partier som n\u00e5 har et flertall p\u00e5 Stortinget.<\/p>\n<p>  <a href=\"https:\/\/www.an.no\/5-4-1889185\" class=\"related-teaser has-image default-opinion-teaser article--c-eRUmMG article--c-eRUmMG-jKCPdD-design-default\" rel=\"nofollow noopener\" target=\"_blank\"><\/p>\n<p>    <img decoding=\"async\" loading=\"lazy\"  src=\"https:\/\/www.europesays.com\/no\/wp-content\/uploads\/2025\/10\/Debattvignetter+-+Steins+versjon+-+2024-01-05T115724.362.jpg\" alt=\"\" class=\"brick-c-cFOWSL\" style=\"\"\/><\/p>\n<p>\n            Les ogs\u00e5<\/p>\n<p>              I Troms\u00f8 lades kanonene for et frontalangrep p\u00e5 sykehustilbudet i Bod\u00f8\n        <\/p>\n<p>  <\/a><\/p>\n<p>Problemet til n\u00e5 har v\u00e6rt mangelen p\u00e5 alternativer, modellens motstanderne har helt ulike svar p\u00e5 hva som skal komme i stedet. Kanskje er det heller ikke n\u00f8dvendig \u00e5 fjerne modellen helt. Kanskje kan man starte med \u00e5 redusere antall administrative enheter. Opprinnelig hadde vi fem helseregioner med 43 ulike foretak. I dag har vi fire helseregioner og 20 foretak, men samme antall sykehus.<\/p>\n<p>Kanskje kan det tallet reduseres enda mer. Det betyr ikke f\u00e6rre sykehus, bare mindre administrasjon. Kanskje kan vi til og med g\u00e5 ned til bare ett, nasjonalt helseforetak? Kombinert med mer ansvar flyttet ned til hvert enkelt sykehus? Det jobbes allerede med \u00e5 styrke generalistkompetansene i lokalsykehusene, noe som gj\u00f8r at kan f\u00e5 mer kompliserte oppdrag enn i dag.<\/p>\n<p>  <a href=\"https:\/\/www.an.no\/5-4-1874066\" class=\"related-teaser has-image default-opinion-teaser article--c-eRUmMG article--c-eRUmMG-jKCPdD-design-default\" rel=\"nofollow noopener\" target=\"_blank\"><\/p>\n<p>    <img decoding=\"async\" loading=\"lazy\"  src=\"https:\/\/www.europesays.com\/no\/wp-content\/uploads\/2025\/10\/Debattvignetter+-+Steins+versjon+-+2023-12-06T141127.780.jpg\" alt=\"\" class=\"brick-c-cFOWSL\" style=\"\"\/><\/p>\n<p>\n            Les ogs\u00e5<\/p>\n<p>              Norske sykehus finansieres p\u00e5 en m\u00e5te som setter liv i fare\n        <\/p>\n<p>  <\/a><\/p>\n<p>Det er dette debatten om v\u00e5rt helsevesen framover b\u00f8r handle om. Det betyr ikke at kritikken mot dagens system og dagens ledere skal dempes. De skjer neppe gjennom Hannisdals lille l\u00f8nnskutt heller; reaksjonene i sosiale medier har stort sett v\u00e6rt negative.<\/p>\n<p>Men blir det med denne type kritikk ender vi fort opp med stadig nye repetisjoner av den samme debatten, der stadig nye helseledere skjemmer seg ut foran Fredrik Solvang. Morsomt \u00e5 se p\u00e5, men neppe et avgj\u00f8rende bidrag til \u00e5 gj\u00f8re norsk helsevesen bedre.<\/p>\n","protected":false},"excerpt":{"rendered":"Torsdag ble det kjent at Helse Nords kommunikasjonsdirekt\u00f8r Kim Hannisdal g\u00e5r ned i l\u00f8nn. Helt frivillig. Det kommer&hellip;\n","protected":false},"author":2,"featured_media":63945,"comment_status":"","ping_status":"","sticky":false,"template":"","format":"standard","meta":{"footnotes":""},"categories":[10],"tags":[36,20,21,37,24,25,15,8164,2104,8166,22,23,8380,2898,13,30,28,29,14,1533,16,948,26,27],"class_list":{"0":"post-63944","1":"post","2":"type-post","3":"status-publish","4":"format-standard","5":"has-post-thumbnail","7":"category-norge","8":"tag-art","9":"tag-breaking-news","10":"tag-breakingnews","11":"tag-debatt","12":"tag-featured-news","13":"tag-featurednews","14":"tag-headlines","15":"tag-helse-nord","16":"tag-helseforetaksmodellen","17":"tag-kim-hannisdal","18":"tag-latest-news","19":"tag-latestnews","20":"tag-marit-lind","21":"tag-media","22":"tag-news","23":"tag-no","24":"tag-norge","25":"tag-norway","26":"tag-nyheter","27":"tag-opinion","28":"tag-overskrifter","29":"tag-sykehus","30":"tag-top-stories","31":"tag-topstories"},"share_on_mastodon":{"url":"","error":""},"_links":{"self":[{"href":"https:\/\/www.europesays.com\/no\/wp-json\/wp\/v2\/posts\/63944","targetHints":{"allow":["GET"]}}],"collection":[{"href":"https:\/\/www.europesays.com\/no\/wp-json\/wp\/v2\/posts"}],"about":[{"href":"https:\/\/www.europesays.com\/no\/wp-json\/wp\/v2\/types\/post"}],"author":[{"embeddable":true,"href":"https:\/\/www.europesays.com\/no\/wp-json\/wp\/v2\/users\/2"}],"replies":[{"embeddable":true,"href":"https:\/\/www.europesays.com\/no\/wp-json\/wp\/v2\/comments?post=63944"}],"version-history":[{"count":0,"href":"https:\/\/www.europesays.com\/no\/wp-json\/wp\/v2\/posts\/63944\/revisions"}],"wp:featuredmedia":[{"embeddable":true,"href":"https:\/\/www.europesays.com\/no\/wp-json\/wp\/v2\/media\/63945"}],"wp:attachment":[{"href":"https:\/\/www.europesays.com\/no\/wp-json\/wp\/v2\/media?parent=63944"}],"wp:term":[{"taxonomy":"category","embeddable":true,"href":"https:\/\/www.europesays.com\/no\/wp-json\/wp\/v2\/categories?post=63944"},{"taxonomy":"post_tag","embeddable":true,"href":"https:\/\/www.europesays.com\/no\/wp-json\/wp\/v2\/tags?post=63944"}],"curies":[{"name":"wp","href":"https:\/\/api.w.org\/{rel}","templated":true}]}}