{"id":63966,"date":"2025-10-18T18:51:14","date_gmt":"2025-10-18T18:51:14","guid":{"rendered":"https:\/\/www.europesays.com\/no\/63966\/"},"modified":"2025-10-18T18:51:14","modified_gmt":"2025-10-18T18:51:14","slug":"vendela-takket-nei-til-comeback","status":"publish","type":"post","link":"https:\/\/www.europesays.com\/no\/63966\/","title":{"rendered":"Vendela takket nei til comeback"},"content":{"rendered":"\n<p class=\"_paragraph_o9xde_4 _paragraph_xtcu6_10 layout-component text-serif-m layout-normal text-serif-m layout-padded\">Interi\u00f8rdesigneren og programlederen <a href=\"https:\/\/www.vg.no\/rampelys\/i\/LM8b0P\/trekker-seg-fra-skal-vi-danse\" data-track-element-type=\"Link\" data-track-id=\"link:LM8b0P\" class=\"_link_o9xde_39\" rel=\"nofollow noopener\" target=\"_blank\">trakk seg etter en betennelse<\/a> i t\u00e6rne, etter vurdering fra en lege.<\/p>\n<p class=\"_paragraph_o9xde_4 _paragraph_xtcu6_10 layout-component text-serif-m layout-normal text-serif-m layout-padded\">\u2013 Det er helt forferdelig. Jeg er skikkelig lei meg. Jeg har dr\u00f8mt om dette i ti \u00e5r, og var i s\u00e5 god flyt, sa han til <a href=\"https:\/\/www.tv2.no\/underholdning\/halvor-bakke-trekker-seg-fra-skal-vi-danse\/18196684\/?utm_source=sdrn%3Avg%3Aarticle%3ALM8b0P\" class=\"_link_o9xde_39\" rel=\"nofollow noopener\" target=\"_blank\">TV 2<\/a>. <\/p>\n<p class=\"_paragraph_o9xde_4 _paragraph_xtcu6_10 layout-component text-serif-m layout-normal text-serif-m layout-padded\">Da VG spurte pressesjef i <a href=\"https:\/\/www.vg.no\/tag\/tv-2?utm_source=vg-article&amp;utm_medium=auto-tagger&amp;utm_campaign=Mn4xor\" class=\"_link_o9xde_39\" rel=\"nofollow noopener\" target=\"_blank\">TV 2<\/a>, Jan-Petter Dahl, om hvem som ville overta Bakkes plass, sa han f\u00f8lgende:<\/p>\n<p class=\"_paragraph_o9xde_4 _paragraph_xtcu6_10 layout-component text-serif-m layout-normal text-serif-m layout-padded\">\u2013 Hva som skjer videre, vil bli klart p\u00e5 l\u00f8rdag. To par m\u00e5 i duell og ett par ryker ut.<\/p>\n<p class=\"_paragraph_o9xde_4 _paragraph_xtcu6_10 layout-component text-serif-m layout-normal text-serif-m layout-padded\">Forrige l\u00f8rdag ble <a href=\"https:\/\/www.vg.no\/rampelys\/i\/Mn4WKE\/skal-vi-danse-i-kveld-ryker-en-av-deltagerne\" data-track-element-type=\"Link\" data-track-id=\"link:Mn4WKE\" class=\"_link_o9xde_39\" rel=\"nofollow noopener\" target=\"_blank\">Vendela Kirsebom (58) f\u00f8rste deltager til \u00e5 ryke ut<\/a>, sammen med sin dansepartner Ivo Havranek (38).<\/p>\n<p class=\"_paragraph_o9xde_4 _paragraph_xtcu6_10 layout-component text-serif-m layout-normal text-serif-m layout-padded\">Tidligere denne uken skrev Kirsebom i en SMS til VG at hun ikke var blitt spurt om \u00e5 steppe inn igjen, men at hun ville takket ja om hun fikk tilbudet.<\/p>\n<p class=\"_paragraph_o9xde_4 _paragraph_xtcu6_10 layout-component text-serif-m layout-normal text-serif-m layout-padded\">L\u00f8rdag kveld kunne Kirsebom likevel avsl\u00f8re at hun fikk tilbudet om \u00e5 komme tilbake til programmet, men takket nei.<\/p>\n<p class=\"_paragraph_o9xde_4 _paragraph_xtcu6_10 layout-component text-serif-m layout-normal text-serif-m layout-padded\">Det opplyser <a href=\"https:\/\/www.tv2.no\/underholdning\/fikk-tilbud-om-comeback-takket-nei\/18202143\/\" class=\"_link_o9xde_39\" rel=\"nofollow noopener\" target=\"_blank\">TV2<\/a>, som snakket med Kirsebom f\u00f8r l\u00f8rdagens sending.<\/p>\n<p class=\"_paragraph_o9xde_4 _paragraph_xtcu6_10 layout-component text-serif-m layout-normal text-serif-m layout-padded\">\u2013 De kunne valgt \u00e5 ikke sp\u00f8rre meg, men at de gjorde det ga meg en fantastisk f\u00f8lelse, sier hun til kanalen.<\/p>\n<p><img alt=\"TRAKK SEG: Halvor Bakke trakk seg fra programmet tidligere denne uken.  Her med dansepartner Amalie Aune.  Foto: Thomas Andersen \/ TV 2\" class=\"_image_qp4xg_65 layout-component layout-normal\" data-fullscreen- data-track-element-type=\"Article image fullscreen\" data-track-name=\"ImageFullscreen\" decoding=\"async\" loading=\"lazy\" height=\"2332\" itemprop=\"image\"  src=\"https:\/\/www.europesays.com\/no\/wp-content\/uploads\/2025\/10\/e3aefbd5-77e0-4b89-8b58-789d39bcc496\"  style=\"object-position:0% 0%\" width=\"3500\"\/>TRAKK SEG: Halvor Bakke trakk seg fra programmet tidligere denne uken.  Her med dansepartner Amalie Aune.  Foto: Thomas Andersen \/ TV 2  Danser til Disney<\/p>\n<p class=\"_paragraph_o9xde_4 _paragraph_xtcu6_10 layout-component text-serif-m layout-normal text-serif-m layout-padded\">\u00abSkal vi danse\u00bb er inne i sin 20. sesong, og satte seerekord da programmet hadde premiere l\u00f8rdag 4. oktober.<\/p>\n<p class=\"_paragraph_o9xde_4 _paragraph_xtcu6_10 layout-component text-serif-m layout-normal text-serif-m layout-padded\">I kveldens program svinger deltagerne seg p\u00e5 parketten til velkjente Disney-hits.<\/p>\n<p><img alt=\"Trygve Bennetsen og dansepartner Ida i forrige ukes program.  Foto: Thomas Andersen \/ TV 2\" class=\"_image_qp4xg_65 layout-component layout-normal\" data-fullscreen- data-track-element-type=\"Article image fullscreen\" data-track-name=\"ImageFullscreen\" decoding=\"async\" loading=\"lazy\" height=\"2332\" itemprop=\"image\"  src=\"https:\/\/www.europesays.com\/no\/wp-content\/uploads\/2025\/10\/046896d3-2a14-4113-8cba-32892fc4c33b\"  style=\"object-position:0% 0%\" width=\"3500\"\/>Trygve Bennetsen og dansepartner Ida i forrige ukes program.  Foto: Thomas Andersen \/ TV 2<\/p>\n<p class=\"_paragraph_o9xde_4 _paragraph_xtcu6_10 layout-component text-serif-m layout-normal text-serif-m layout-padded\"><strong class=\"_strong_o9xde_25\">Dette er kveldens rekkef\u00f8lge:<\/strong><\/p>\n<p class=\"_paragraph_o9xde_4 _paragraph_xtcu6_10 layout-component text-serif-m layout-normal text-serif-m layout-padded\"><strong class=\"_strong_o9xde_25\">Tale Torjussen og dansepartner Antonio.<\/strong><\/p>\n<p class=\"_paragraph_o9xde_4 _paragraph_xtcu6_10 layout-component text-serif-m layout-normal text-serif-m layout-padded\">Torjussen danset samba, til musikk fra Den Lille Havfruen.<\/p>\n<p class=\"_paragraph_o9xde_4 _paragraph_xtcu6_10 layout-component text-serif-m layout-normal text-serif-m layout-padded\">\u2013 Dette har v\u00e6rt min favorittuke! Jeg elsker Disney, sa hun etter dansen.  <\/p>\n<p class=\"_paragraph_o9xde_4 _paragraph_xtcu6_10 layout-component text-serif-m layout-normal text-serif-m layout-padded\">Fra dommer Merete M\u00f8rk Lingj\u00e6rde fikk Torjussen beskjed om at hun har l\u00f8ftet seg.<\/p>\n<p class=\"_paragraph_o9xde_4 _paragraph_xtcu6_10 layout-component text-serif-m layout-normal text-serif-m layout-padded\">\u2013 Det er fortsatt noe grums i havet der, sier dommer Nadya Khamitskaya.<\/p>\n<p class=\"_paragraph_o9xde_4 _paragraph_xtcu6_10 layout-component text-serif-m layout-normal text-serif-m layout-padded\">Totalt fikk Torjussen og Antonio 28 poeng fra dommerne.<\/p>\n<p><img alt=\"Tale Torjussen og dansepartner Antonio.  Foto: Thomas Andersen \/ TV 2\" class=\"_image_qp4xg_65 layout-component layout-normal\" data-fullscreen- data-track-element-type=\"Article image fullscreen\" data-track-name=\"ImageFullscreen\" decoding=\"async\" loading=\"lazy\" height=\"2332\" itemprop=\"image\"  src=\"https:\/\/www.europesays.com\/no\/wp-content\/uploads\/2025\/10\/c1ac35da-a391-4069-837e-a8dbe436e3af\"  style=\"object-position:0% 0%\" width=\"3500\"\/>Tale Torjussen og dansepartner Antonio.  Foto: Thomas Andersen \/ TV 2<\/p>\n<p class=\"_paragraph_o9xde_4 _paragraph_xtcu6_10 layout-component text-serif-m layout-normal text-serif-m layout-padded\"><strong class=\"_strong_o9xde_25\">Danby Choi og dansepartner Norunn danser quickstep til musikk fra Pinnochio.<\/strong><\/p>\n<p class=\"_paragraph_o9xde_4 _paragraph_xtcu6_10 layout-component text-serif-m layout-normal text-serif-m layout-padded\">\u2013 Du er leken som en pinnochio, sier dommer Merete M\u00f8rk Lingj\u00e6rde, men som ogs\u00e5 \u00f8nsket mer variasjon i uttrykket.<\/p>\n<p class=\"_paragraph_o9xde_4 _paragraph_xtcu6_10 layout-component text-serif-m layout-normal text-serif-m layout-padded\">\u2013 Du er alt annet enn en kontorrotte! sier dommer Jan Thomas.<\/p>\n<p class=\"_paragraph_o9xde_4 _paragraph_xtcu6_10 layout-component text-serif-m layout-normal text-serif-m layout-padded\">Choi sier han pr\u00f8vde \u00e5 leve seg inn i rollen og at Disney-temaet har f\u00e5tt han til \u00e5 smile litt mer.<\/p>\n<p class=\"_paragraph_o9xde_4 _paragraph_xtcu6_10 layout-component text-serif-m layout-normal text-serif-m layout-padded\">Totalt fikk Choi og Norunn 32 poeng fra dommerne.<\/p>\n<p><img alt=\"Danby Choi og dansepartner Norunn.  Foto: Thomas Andersen \/ TV 2\" class=\"_image_qp4xg_65 layout-component layout-normal\" data-fullscreen- data-track-element-type=\"Article image fullscreen\" data-track-name=\"ImageFullscreen\" decoding=\"async\" loading=\"lazy\" height=\"2332\" itemprop=\"image\"  src=\"https:\/\/www.europesays.com\/no\/wp-content\/uploads\/2025\/10\/152e73fb-bc4f-460c-a0f9-c0cae4f1fb87\"  style=\"object-position:0% 0%\" width=\"3500\"\/>Danby Choi og dansepartner Norunn.  Foto: Thomas Andersen \/ TV 2<\/p>\n<p class=\"_paragraph_o9xde_4 _paragraph_xtcu6_10 layout-component text-serif-m layout-normal text-serif-m layout-padded\"><strong class=\"_strong_o9xde_25\">Emma Ellingsen og dansepartner Catalin danser freestyle til sangen \u00abWaiting on a wish\u00bb fra \u00abSnehvit og de syv dvergene\u00bb.<\/strong><\/p>\n<p class=\"_paragraph_o9xde_4 _paragraph_xtcu6_10 layout-component text-serif-m layout-normal text-serif-m layout-padded\">Seerne fikk f\u00f8r dansen vite at s\u00e6rlig linjen \u00abI close my eyes and see the girl I\u2019m meant to be\u00bb betydde mye for Ellingsen, som er r\u00f8rt og t\u00e5rev\u00e5t etter dansen.<\/p>\n<p class=\"_paragraph_o9xde_4 _paragraph_xtcu6_10 layout-component text-serif-m layout-normal text-serif-m layout-padded\">Hun forteller om ett av sine beste minner, da hun etter \u00e5 ha byttet navn som liten, ble ropt opp p\u00e5 en dansetime.<\/p>\n<p class=\"_paragraph_o9xde_4 _paragraph_xtcu6_10 layout-component text-serif-m layout-normal text-serif-m layout-padded\">\u2013 Det var f\u00f8rste gang jeg ikke f\u00f8lte noe skam over den jeg var, sier hun p\u00e5 direkten.<\/p>\n<p><img alt=\"Emma Ellingsen og dansepartner Catalin, i Snehvit-stil.  Foto: Thomas Andersen \/ TV 2\" class=\"_image_qp4xg_65 layout-component layout-normal\" data-fullscreen- data-track-element-type=\"Article image fullscreen\" data-track-name=\"ImageFullscreen\" decoding=\"async\" loading=\"lazy\" height=\"2334\" itemprop=\"image\"  src=\"https:\/\/www.europesays.com\/no\/wp-content\/uploads\/2025\/10\/0f403a84-af07-49ce-a7aa-29c9d13fde89\"  style=\"object-position:0% 0%\" width=\"3500\"\/>Emma Ellingsen og dansepartner Catalin, i Snehvit-stil.  Foto: Thomas Andersen \/ TV 2<\/p>\n<p class=\"_paragraph_o9xde_4 _paragraph_xtcu6_10 layout-component text-serif-m layout-normal text-serif-m layout-padded\">Cengiz Al applauderer Ellingsen for karakterbyggingen, og at hun klarer \u00e5 vise frem en reise for seerne. Han kaller henne stolt, trygg og modig.<\/p>\n<p class=\"_paragraph_o9xde_4 _paragraph_xtcu6_10 layout-component text-serif-m layout-normal text-serif-m layout-padded\">Dommer Nadya Khamitskaya er tydelig r\u00f8rt:<\/p>\n<p class=\"_paragraph_o9xde_4 _paragraph_xtcu6_10 layout-component text-serif-m layout-normal text-serif-m layout-padded\">\u2013 At jeg skulle sitte \u00e5 f\u00e5 t\u00e5rer i \u00f8ynene, i et Cruella-kostyme, det s\u00e5 ikke komme. 5-\u00e5rige Emma hadde v\u00e6rt stolt, jeg h\u00e5per virkelig du er stolt. Du r\u00f8rer meg virkelig. Dette \u00f8yeblikket kommer jeg til \u00e5 huske. Takk for dansen, Emma, sier hun.<\/p>\n<p class=\"_paragraph_o9xde_4 _paragraph_xtcu6_10 layout-component text-serif-m layout-normal text-serif-m layout-padded\">Ellingsen og Catalin f\u00e5r totalt 27 poeng fra dommerne.<\/p>\n<p class=\"_paragraph_o9xde_4 _paragraph_xtcu6_10 layout-component text-serif-m layout-normal text-serif-m layout-padded\"><strong class=\"_strong_o9xde_25\">Emilie Enger Mehl og dansepartner J\u00f8rgen danser slowfox til slageren \u00abLa det g\u00e5\u00bb fra Frost.<\/strong><\/p>\n<p class=\"_paragraph_o9xde_4 _paragraph_xtcu6_10 layout-component text-serif-m layout-normal text-serif-m layout-padded\">Dommer Jan Thomas peker p\u00e5 at hun i ung alder hadde en av de viktigste jobbene i Norge, at det krevde en viss v\u00e6rem\u00e5te, og at det har krevd litt \u00e5 slippe taket. <\/p>\n<p class=\"_paragraph_o9xde_4 _paragraph_xtcu6_10 layout-component text-serif-m layout-normal text-serif-m layout-padded\">\u2013 Du har vist progresjon og du er veldig tilpasningsdyktig, sier han. <\/p>\n<p class=\"_paragraph_o9xde_4 _paragraph_xtcu6_10 layout-component text-serif-m layout-normal text-serif-m layout-padded\">Emilie Enger Mehl er tidligere justis- og beredskapsminister for Senterpartiet. <\/p>\n<p class=\"_paragraph_o9xde_4 _paragraph_xtcu6_10 layout-component text-serif-m layout-normal text-serif-m layout-padded\">\u2013 Det er g\u00f8y og jeg l\u00e6rer noe nytt hver dag, sier Mehl om deltagelsen i danseprogrammet s\u00e5 langt.<\/p>\n<p class=\"_paragraph_o9xde_4 _paragraph_xtcu6_10 layout-component text-serif-m layout-normal text-serif-m layout-padded\">Totalt f\u00e5r Mehl og J\u00f8rgen 24 poeng fra dommerne.<\/p>\n<p><img alt=\"Foto: Thomas Andersen \/ TV 2\" class=\"_image_qp4xg_65 layout-component layout-normal\" data-fullscreen- data-track-element-type=\"Article image fullscreen\" data-track-name=\"ImageFullscreen\" decoding=\"async\" loading=\"lazy\" height=\"2334\" itemprop=\"image\"  src=\"https:\/\/www.europesays.com\/no\/wp-content\/uploads\/2025\/10\/f7464073-1690-4931-bdf8-a9f084dd2ef3\"  style=\"object-position:0% 0%\" width=\"3500\"\/>Foto: Thomas Andersen \/ TV 2<\/p>\n<p class=\"_paragraph_o9xde_4 _paragraph_xtcu6_10 layout-component text-serif-m layout-normal text-serif-m layout-padded\"><strong class=\"_strong_o9xde_25\">Bernt \u00abBalloo\u00bb Hulsker og dansepartner Marianne danser salsa til musikk fra Jungelboken.<\/strong><\/p>\n<p class=\"_paragraph_o9xde_4 _paragraph_xtcu6_10 layout-component text-serif-m layout-normal text-serif-m layout-padded\">\u2013 Dette er min disney-figur, 100 prosent! sier Hulsker f\u00f8r dansen. <\/p>\n<p class=\"_paragraph_o9xde_4 _paragraph_xtcu6_10 layout-component text-serif-m layout-normal text-serif-m layout-padded\">\u2013 Jeg hadde ikke klart \u00e5 spille Balloo like bra som deg! S\u00e5 bra levert p\u00e5 karakter. Dritbra jobba, sier dommer Cengiz Al.<\/p>\n<p><img alt=\"Bernt Hulsker og dansepartner Marianne.  Foto: Thomas Andersen \/ TV 2\" class=\"_image_qp4xg_65 layout-component layout-normal\" data-fullscreen- data-track-element-type=\"Article image fullscreen\" data-track-name=\"ImageFullscreen\" decoding=\"async\" loading=\"lazy\" height=\"2334\" itemprop=\"image\"  src=\"https:\/\/www.europesays.com\/no\/wp-content\/uploads\/2025\/10\/317febaf-eafa-4f48-81f0-bb17e3cc7965\"  style=\"object-position:0% 0%\" width=\"3500\"\/>Bernt Hulsker og dansepartner Marianne.  Foto: Thomas Andersen \/ TV 2<\/p>\n<p class=\"_paragraph_o9xde_4 _paragraph_xtcu6_10 layout-component text-serif-m layout-normal text-serif-m layout-padded\">Hulsker fikk skryt og kommentar p\u00e5 at han \u00aber stjerne i sitt eget Jungelbok-show,\u00bb fra dommer Merete M\u00f8rk Lingj\u00e6rde.<\/p>\n<p class=\"_paragraph_o9xde_4 _paragraph_xtcu6_10 layout-component text-serif-m layout-normal text-serif-m layout-padded\">Dette er nesten morsommere enn \u00e5 spille fotball, sier Hulsker etter dansen.<\/p>\n<p class=\"_paragraph_o9xde_4 _paragraph_xtcu6_10 layout-component text-serif-m layout-normal text-serif-m layout-padded\">Totalt f\u00e5r Huskler og Marianne 24 poeng fra dommerne.<\/p>\n<p class=\"_paragraph_o9xde_4 _paragraph_xtcu6_10 layout-component text-serif-m layout-normal text-serif-m layout-padded\"><strong class=\"_strong_o9xde_25\">Carina Dahl og dansepartner Ole Thomas har det lekent p\u00e5 parketten med slowfox til l\u00e5ten \u00abYou Got a Friend In Me\u00bb fra Disney-klassikeren Toy Story.<\/strong><\/p>\n<p class=\"_paragraph_o9xde_4 _paragraph_xtcu6_10 layout-component text-serif-m layout-normal text-serif-m layout-padded\">Dah dedikerer dansen til lilles\u00f8steren Amanda Dahl, og da s\u00e6rlig linjen \u00abTo infinity and beyond\u00bb.<\/p>\n<p class=\"_paragraph_o9xde_4 _paragraph_xtcu6_10 layout-component text-serif-m layout-normal text-serif-m layout-padded\">Hun hopper til s\u00f8steren i publikum etter dansen.<\/p>\n<p class=\"_paragraph_o9xde_4 _paragraph_xtcu6_10 layout-component text-serif-m layout-normal text-serif-m layout-padded\">\u2013 Dette r\u00f8rte. Dette var helt fantastisk, sier dommer Jan Thomas. <\/p>\n<p class=\"_paragraph_o9xde_4 _paragraph_xtcu6_10 layout-component text-serif-m layout-normal text-serif-m layout-padded\">Merete M\u00f8rk Lingj\u00e6rde gir Dahl skryt for b\u00e5de danseteknikk og indre dedikasjon som gir innhold til dansen. <\/p>\n<p class=\"_paragraph_o9xde_4 _paragraph_xtcu6_10 layout-component text-serif-m layout-normal text-serif-m layout-padded\">\u2013 Det har ikke alltid v\u00e6rt s\u00e5 lett. S\u00e5 har vel jeg v\u00e6rt en bauta som stores\u00f8ster. Men den st\u00f8tten og det ankeret du er i livet mitt, jeg h\u00e5per du skj\u00f8nner det, sier Dahl til s\u00f8steren Amanda etter dansen.<\/p>\n<p class=\"_paragraph_o9xde_4 _paragraph_xtcu6_10 layout-component text-serif-m layout-normal text-serif-m layout-padded\">Dahl og Ole Thomas f\u00e5r totalt 34 poeng fra dommerne og fyker rett opp i ledelsen etter. <\/p>\n<p class=\"_paragraph_o9xde_4 _paragraph_xtcu6_10 layout-component text-serif-m layout-normal text-serif-m layout-padded\">7. Tobias Brandal Bus\u00e6t og dansepartner Vyara.<\/p>\n<p class=\"_paragraph_o9xde_4 _paragraph_xtcu6_10 layout-component text-serif-m layout-normal text-serif-m layout-padded\">8. Desta Beeder og dansepartner Tarjei. <\/p>\n<p class=\"_paragraph_o9xde_4 _paragraph_xtcu6_10 layout-component text-serif-m layout-normal text-serif-m layout-padded\">9. Viggo Venn og dansepartner Rikke.<\/p>\n<p class=\"_paragraph_o9xde_4 _paragraph_xtcu6_10 layout-component text-serif-m layout-normal text-serif-m layout-padded\">10. Tiril Eckhoff og dansepartner Santino.<\/p>\n<p class=\"_paragraph_o9xde_4 _paragraph_xtcu6_10 layout-component text-serif-m layout-normal text-serif-m layout-padded\">11. Trygve Bennetsen og dansepartner Ida.<\/p>\n<p><img alt=\"POPUL\u00c6RT: \u00abSkal vi danse\u00bb er en stor l\u00f8rdagsfavoritt blant flere. Tidligere skiskyter Tiril Eckoff er en av deltagerne. Her sammen med dansepartner Santino.  Foto: Thomas Andersen \/ TV 2\" class=\"_image_qp4xg_65 layout-component layout-normal\" data-fullscreen- data-track-element-type=\"Article image fullscreen\" data-track-name=\"ImageFullscreen\" decoding=\"async\" loading=\"lazy\" height=\"2332\" itemprop=\"image\"  src=\"https:\/\/www.europesays.com\/no\/wp-content\/uploads\/2025\/10\/d1ae8ea0-b269-44dc-bd9b-38b4e65e53bd\"  style=\"object-position:0% 0%\" width=\"3500\"\/>POPUL\u00c6RT: \u00abSkal vi danse\u00bb er en stor l\u00f8rdagsfavoritt blant flere. Tidligere skiskyter Tiril Eckoff er en av deltagerne. Her sammen med dansepartner Santino.  Foto: Thomas Andersen \/ TV 2    <\/p>\n","protected":false},"excerpt":{"rendered":"Interi\u00f8rdesigneren og programlederen trakk seg etter en betennelse i t\u00e6rne, etter vurdering fra en lege. \u2013 Det er&hellip;\n","protected":false},"author":2,"featured_media":63967,"comment_status":"","ping_status":"","sticky":false,"template":"","format":"standard","meta":{"footnotes":""},"categories":[58],"tags":[71,479,30,28,29,4448,2177,2280,208,72],"class_list":{"0":"post-63966","1":"post","2":"type-post","3":"status-publish","4":"format-standard","5":"has-post-thumbnail","7":"category-underholdning","8":"tag-entertainment","9":"tag-kjendis","10":"tag-no","11":"tag-norge","12":"tag-norway","13":"tag-program","14":"tag-reality-tv","15":"tag-skal-vi-danse","16":"tag-tv-2","17":"tag-underholdning"},"share_on_mastodon":{"url":"","error":""},"_links":{"self":[{"href":"https:\/\/www.europesays.com\/no\/wp-json\/wp\/v2\/posts\/63966","targetHints":{"allow":["GET"]}}],"collection":[{"href":"https:\/\/www.europesays.com\/no\/wp-json\/wp\/v2\/posts"}],"about":[{"href":"https:\/\/www.europesays.com\/no\/wp-json\/wp\/v2\/types\/post"}],"author":[{"embeddable":true,"href":"https:\/\/www.europesays.com\/no\/wp-json\/wp\/v2\/users\/2"}],"replies":[{"embeddable":true,"href":"https:\/\/www.europesays.com\/no\/wp-json\/wp\/v2\/comments?post=63966"}],"version-history":[{"count":0,"href":"https:\/\/www.europesays.com\/no\/wp-json\/wp\/v2\/posts\/63966\/revisions"}],"wp:featuredmedia":[{"embeddable":true,"href":"https:\/\/www.europesays.com\/no\/wp-json\/wp\/v2\/media\/63967"}],"wp:attachment":[{"href":"https:\/\/www.europesays.com\/no\/wp-json\/wp\/v2\/media?parent=63966"}],"wp:term":[{"taxonomy":"category","embeddable":true,"href":"https:\/\/www.europesays.com\/no\/wp-json\/wp\/v2\/categories?post=63966"},{"taxonomy":"post_tag","embeddable":true,"href":"https:\/\/www.europesays.com\/no\/wp-json\/wp\/v2\/tags?post=63966"}],"curies":[{"name":"wp","href":"https:\/\/api.w.org\/{rel}","templated":true}]}}