{"id":63972,"date":"2025-10-18T18:56:16","date_gmt":"2025-10-18T18:56:16","guid":{"rendered":"https:\/\/www.europesays.com\/no\/63972\/"},"modified":"2025-10-18T18:56:16","modified_gmt":"2025-10-18T18:56:16","slug":"halvor-bakke-trekker-seg-etter-skade-og-lillian-aasebo-triller-terning-pa-hostens-tredje-program","status":"publish","type":"post","link":"https:\/\/www.europesays.com\/no\/63972\/","title":{"rendered":"Halvor Bakke trekker seg etter skade, og Lillian Aaseb\u00f8 triller terning p\u00e5 h\u00f8stens tredje program"},"content":{"rendered":"<p class=\"kicker \" style=\"\">\u00abSkal vi danse\u00bb:<\/p>\n<p>  Proffdanser Lillian Aaseb\u00f8 vurderer kjendisenes danser.<\/p>\n<p>\n    \u00c5PNET SHOWET: Tale Torjussen og Antonio Carerim var f\u00f8rste par ut p\u00e5 parketten l\u00f8rdag kveld. Foto: Thomas Andersen \/ TV 2\n  <\/p>\n<p>Siden forrige uke har det skjedd mye i\u00a0\u00abSkal vi danse\u00bb-universet.\u00a0<\/p>\n<p>Sist l\u00f8rdag, under programmets andre sending, ble det klart at Vendela Kirsebom og Ivo Havranek ble f\u00f8rste par til \u00e5 ryke ut denne gang &#8211; etter \u00e5 ha havnet i danseduell mot\u00a0Halvor Bakke og Amalie Aune.<\/p>\n<p>Onsdag kom nyheten om at Bakke m\u00e5tte trekke seg fra programmet, som f\u00f8lge av en skade han har slitt med i flere uker.\u00a0<\/p>\n<p>De gjenv\u00e6rende deltakerne er imidlertid klare for \u00e5 levere sin tredje dans p\u00e5 parketten denne h\u00f8sten, og vi har ogs\u00e5 denne gangen f\u00e5tt med oss proffdanser Lillian Aaseb\u00f8 til \u00e5 trille terning p\u00e5 kveldens leveranser.<\/p>\n<p>Det f\u00f8rste paret ut i kveld er Tale Torjussen og Antonio Carerim som danser en samba til l\u00e5ta \u00abHer m\u00e5 du bli\u00bb av Talawa. De fikk 24 dommerpoeng i forrige sending.\u00a0<\/p>\n<p>          <img loading=\"lazy\" decoding=\"async\" src=\"https:\/\/www.europesays.com\/no\/wp-content\/uploads\/2025\/10\/83741351.webp\" width=\"980\" height=\"559\" title=\"Foto: Thomas Andersen \/ TV 2\" alt=\"\" class=\"\" style=\"--aspect-ratio-image: 1.75; \"\/><\/p>\n<p>\n          Foto: Thomas Andersen \/ TV 2\n      <\/p>\n<p>&#8211; Jeg \u00f8nsker at rytmen ikke bare telles, men virkelig kjennes i kroppen. I store deler av dansen var sambaen virkelig i kroppen din, men den slipper litt gjennom dansen. Men alt i alt, en fin samba &#8211; herlig \u00e5 se lekenheten din, sier Aaseb\u00f8.<\/p>\n<p>Dommerne gir 28 poeng.<\/p>\n<p>Neste par p\u00e5 parketten er Danby Choi og Norunn Ringvoll. De danser quickstep til \u00abI&#8217;ve Got No Strings\u00bb av Dickie Jones. Paret fikk 32 poeng sist l\u00f8rdag.\u00a0<\/p>\n<p>          <img loading=\"lazy\" decoding=\"async\" src=\"https:\/\/www.europesays.com\/no\/wp-content\/uploads\/2025\/10\/83741352.webp\" width=\"980\" height=\"559\" title=\"Foto: Thomas Andersen \/ TV 2\" alt=\"\" class=\"\" style=\"--aspect-ratio-image: 1.75; \"\/><\/p>\n<p>\n          Foto: Thomas Andersen \/ TV 2\n      <\/p>\n<p>&#8211; En knakende god Quickstep, du hopper deg lett over dansegulvet og bruker anklene dine godt i hoppetrinnene. Jeg liker den stramme holdningen din &#8211; kanskje i det strammeste laget, men fordi du er Pinocchio s\u00e5 er dette dritkult og det gj\u00f8r deg mer i karakter. Fantastisk bra utf\u00f8rt, med en sv\u00e6rt avansert koreografi!, sier Aaseb\u00f8.<\/p>\n<p>Dommerne gir 32 poeng.<\/p>\n<p>Tredje par ut er Emma Ellingsen og Catalin Mihu som framf\u00f8rer en freestyle til \u00abWaiting on a Wish\u00bb med Rachel Zegler. De fikk 22 dommerpoeng sist l\u00f8rdag.\u00a0<\/p>\n<p>          <img loading=\"lazy\" decoding=\"async\" src=\"https:\/\/www.europesays.com\/no\/wp-content\/uploads\/2025\/10\/83741354.webp\" width=\"686\" height=\"460\" title=\"Foto: Thomas Andersen \/ TV 2\" alt=\"\" class=\"\" style=\"--aspect-ratio-image: 1.49; \"\/><\/p>\n<p>\n          Foto: Thomas Andersen \/ TV 2\n      <\/p>\n<p>&#8211; Du leverer et underholdende show, Emma -med nydelig utrykk, hvor du absolutt forteller historie gjennom en nydelig koreografi. Du leverer l\u00f8ft og du kaster deg i Catalins armer &#8211; elsker det!\u00a0<\/p>\n<p>&#8211; MEN, det ble for stivt for meg dansemessig. Jeg skulle \u00f8nske jeg fikk seg deg fri nok til \u00e5 uttrykke f\u00f8lelsene dine i hele koppen &#8211; helt ut til fingerspissene, sier Aaseb\u00f8.<\/p>\n<p>Etter dansen m\u00e5 dommer Nadya Khamitskaya ta til t\u00e5rene under tilbakemeldingene, noe ogs\u00e5 Ellingsen gj\u00f8r.<\/p>\n<p>Dommerne gir 27 poeng.<\/p>\n<p>Parkettens neste dansere er Emilie Enger Mehl og J\u00f8rgen Nilsen som framf\u00f8rer en slowfox til l\u00e5ta \u00abLet It Go\u00bb med Lisa Stokke. De fikk 24 poeng i forrige sending.\u00a0<\/p>\n<p>          <img loading=\"lazy\" decoding=\"async\" src=\"https:\/\/www.europesays.com\/no\/wp-content\/uploads\/2025\/10\/83741350.webp\" width=\"686\" height=\"460\" title=\"Foto: Thomas Andersen \/ TV 2\" alt=\"\" class=\"\" style=\"--aspect-ratio-image: 1.49; \"\/><\/p>\n<p>\n          Foto: Thomas Andersen \/ TV 2\n      <\/p>\n<p>&#8211; Emilie Emilie Emilie &#8211; du har jobbet p\u00e5 siden sist! Du svever over gulvet, spesifikt i koreografiens langsider, og jeg liker \u00e5 se at du jobber overkropp og pr\u00f8ver \u00e5 ta din plass i holdningen. Skulle \u00f8nske du hadde v\u00e6rt mer observant p\u00e5 pusten din n\u00e5r du danser, da hadde bevegelsene dine kommet mer naturlig &#8211; spesielt n\u00e5r du danser alene, sier Aaseb\u00f8.<\/p>\n<p>Dommerne gir 24 poeng.<\/p>\n<p>Neste par ut er Bernt Hulsker og Marianne Sandaker som danser salsa til \u00abTa livet som det faller seg\u00bb med Paul \u00c5ge Johannessen. De fikk 20 dommerpoeng sist l\u00f8rdag.\u00a0<\/p>\n<p>          <img loading=\"lazy\" decoding=\"async\" src=\"https:\/\/www.europesays.com\/no\/wp-content\/uploads\/2025\/10\/83741353.webp\" width=\"980\" height=\"559\" title=\"Foto: Thomas Andersen \/ TV 2\" alt=\"\" class=\"\" style=\"--aspect-ratio-image: 1.75; \"\/><\/p>\n<p>\n          Foto: Thomas Andersen \/ TV 2\n      <\/p>\n<p>&#8211; Aldri om jeg hadde trodd du leverte shimmy skuldre og slike salsa-hofter! Det er deilig \u00e5 se deg jobbe kropp, og ikke er redd for \u00e5 feile. Var det feilfritt &#8211; nei! Men jeg elsker at du g\u00f8nner p\u00e5 \u00e5 leverer alt du kan av hva du har l\u00e6rt denne uka. Du er fryktl\u00f8s og levde deg inn i Disney-verden, sier Aaseb\u00f8.<\/p>\n<p>Dommerne gir 24 poeng.<\/p>\n<p>Carina Dahl og Ole Thomas Hansen entrer parketten for sin slowfox. De danser til l\u00e5ten \u00abYo Got a Friend in Me\u00bb med Randy Newman. Dommerne ga 29 poeng til paret sist l\u00f8rdag.\u00a0<\/p>\n<p>          <img loading=\"lazy\" decoding=\"async\" src=\"https:\/\/www.europesays.com\/no\/wp-content\/uploads\/2025\/10\/83741346.webp\" width=\"980\" height=\"559\" title=\"Foto: Thomas Andersen \/ TV 2\" alt=\"\" class=\"\" style=\"--aspect-ratio-image: 1.75; \"\/><\/p>\n<p>\n          Foto: Thomas Andersen \/ TV 2\n      <\/p>\n<p>&#8211; Slowfoxen skal virkelig flyte og inneb\u00e6rer myke, kontinuerlige overganger. Dansen har ogs\u00e5 et sv\u00e6rt krevende fotarbeid. Du har stabil overkropp og ramme, selv under retninger og rotasjoner. Du leverer til de grader Carina &#8211; veldig imponerende, er helt r\u00f8rt her jeg sitter!, sier Aaseb\u00f8.<\/p>\n<p>Dommerne gir 34 poeng.<\/p>\n<p>\u00abSkal vi danse\u00bb sendes p\u00e5 TV 2 l\u00f8rdager fra 4. oktober 2025.<\/p>\n","protected":false},"excerpt":{"rendered":"\u00abSkal vi danse\u00bb: Proffdanser Lillian Aaseb\u00f8 vurderer kjendisenes danser. \u00c5PNET SHOWET: Tale Torjussen og Antonio Carerim var f\u00f8rste&hellip;\n","protected":false},"author":2,"featured_media":63973,"comment_status":"","ping_status":"","sticky":false,"template":"","format":"standard","meta":{"footnotes":""},"categories":[5],"tags":[20,21,24,25,15,19,479,22,23,4656,17,18,13,30,28,29,14,16,2280,26,27],"class_list":{"0":"post-63972","1":"post","2":"type-post","3":"status-publish","4":"format-standard","5":"has-post-thumbnail","7":"category-overskrifter","8":"tag-breaking-news","9":"tag-breakingnews","10":"tag-featured-news","11":"tag-featurednews","12":"tag-headlines","13":"tag-hovedoppslag","14":"tag-kjendis","15":"tag-latest-news","16":"tag-latestnews","17":"tag-lillian-aasebo","18":"tag-main-news","19":"tag-mainnews","20":"tag-news","21":"tag-no","22":"tag-norge","23":"tag-norway","24":"tag-nyheter","25":"tag-overskrifter","26":"tag-skal-vi-danse","27":"tag-top-stories","28":"tag-topstories"},"share_on_mastodon":{"url":"","error":""},"_links":{"self":[{"href":"https:\/\/www.europesays.com\/no\/wp-json\/wp\/v2\/posts\/63972","targetHints":{"allow":["GET"]}}],"collection":[{"href":"https:\/\/www.europesays.com\/no\/wp-json\/wp\/v2\/posts"}],"about":[{"href":"https:\/\/www.europesays.com\/no\/wp-json\/wp\/v2\/types\/post"}],"author":[{"embeddable":true,"href":"https:\/\/www.europesays.com\/no\/wp-json\/wp\/v2\/users\/2"}],"replies":[{"embeddable":true,"href":"https:\/\/www.europesays.com\/no\/wp-json\/wp\/v2\/comments?post=63972"}],"version-history":[{"count":0,"href":"https:\/\/www.europesays.com\/no\/wp-json\/wp\/v2\/posts\/63972\/revisions"}],"wp:featuredmedia":[{"embeddable":true,"href":"https:\/\/www.europesays.com\/no\/wp-json\/wp\/v2\/media\/63973"}],"wp:attachment":[{"href":"https:\/\/www.europesays.com\/no\/wp-json\/wp\/v2\/media?parent=63972"}],"wp:term":[{"taxonomy":"category","embeddable":true,"href":"https:\/\/www.europesays.com\/no\/wp-json\/wp\/v2\/categories?post=63972"},{"taxonomy":"post_tag","embeddable":true,"href":"https:\/\/www.europesays.com\/no\/wp-json\/wp\/v2\/tags?post=63972"}],"curies":[{"name":"wp","href":"https:\/\/api.w.org\/{rel}","templated":true}]}}