{"id":63976,"date":"2025-10-18T18:58:18","date_gmt":"2025-10-18T18:58:18","guid":{"rendered":"https:\/\/www.europesays.com\/no\/63976\/"},"modified":"2025-10-18T18:58:18","modified_gmt":"2025-10-18T18:58:18","slug":"konstantins-drommedeltaker-i-a-laget-hun-er-sot","status":"publish","type":"post","link":"https:\/\/www.europesays.com\/no\/63976\/","title":{"rendered":"Konstantins dr\u00f8mmedeltaker i \u00abA-laget\u00bb: \u2013 Hun er s\u00f8t"},"content":{"rendered":"<p>    For Konstantin betyr musikken vennskap, glede og mestring. I Dissimilis og \u00abA-laget\u00bb har han f\u00e5tt oppleve r\u00f8rende \u00f8yeblikk, p\u00e5 scenen s\u00e5 vel som foran kamera.<\/p>\n<p>\n        <b>TRIVES FORAN KAMERA:<\/b> Konstantin Karakostas blir euforisk n\u00e5r han snakker om musikk og \u00abA-laget\u00bb.<br \/>\n        Morten Bendiksen\n    <\/p>\n<p>Konstantin Karakostas (26) fra NRKs \u00abA-laget\u00bb str\u00e5ler n\u00e5r han snakker om musikk, fellesskapet i Dissimilis og dr\u00f8mmem\u00f8tene p\u00e5 skjermen.\u00a0<\/p>\n<p>\u2013 Jeg blir i godt hum\u00f8r n\u00e5r jeg spiller, for da tenker jeg p\u00e5 glede, forklarer han.<\/p>\n<p>For Konstantin er musikk mer enn bare toner og melodier. Han har absolutt geh\u00f8r, og kan identifisere en musikktone uten noe ytre referansepunkt.<\/p>\n<p>\u2013 For meg handler musikken om \u00e5 utforske mange sjangre og melodier, og kjenne hvordan de f\u00e5r meg i godt hum\u00f8r, utdyper han.<\/p>\n<p>Viktig fellesskap<\/p>\n<p>Hjemme \u00f8ver han flittig, men like viktig er samholdet n\u00e5r Konstantin spiller sammen med andre. Hos Dissimilis finner Konstantin b\u00e5de venner og musikalske samarbeidspartnere.<\/p>\n<p>\u2013 Vi har band, pianotimer og \u00f8vinger sammen. Jeg liker \u00e5 v\u00e6re med p\u00e5 alt. Det er det vi deler, som gj\u00f8r det spesielt, understreker han.<\/p>\n<p>Han ramser opp navnene p\u00e5 instrukt\u00f8rer og medspillere han har m\u00f8tt underveis. For Konstantin er fellesskapet like verdifullt som selve musikken.<\/p>\n<p>Les ogs\u00e5:\u00a0<a href=\"https:\/\/www.klikk.no\/underholdning\/jonathan-fra-a-laget-han-var-morsomst-a-intervjue-7565371\" rel=\"nofollow noopener\" target=\"_blank\">Jonathan fra\u00a0\u00abA-laget\u00bb:\u00a0\u2013 Han var morsomst \u00e5 intervjue<\/a> <\/p>\n<p>                <img decoding=\"async\" src=\"https:\/\/www.europesays.com\/no\/wp-content\/uploads\/2025\/10\/7566964.webp\" width=\"480\" height=\"321\" title=\"GOD STEMNING: Konstantin p\u00e5 gitar da Dissimilis holdt nytt\u00e5rsforestillingen \u00abGatelangs\u00bb i Operaen i januar i \u00e5r.\" alt=\"\" loading=\"lazy\" style=\"\"\/><\/p>\n<p>\n            <b>GOD STEMNING:<\/b> Konstantin p\u00e5 gitar da Dissimilis holdt nytt\u00e5rsforestillingen \u00abGatelangs\u00bb i Operaen i januar i \u00e5r.\u00a0<br \/>\n            Fredrik Varfjell\n        <\/p>\n<p>Dr\u00f8mmem\u00f8te<\/p>\n<p>Gjennom NRK-serien \u00abA-laget\u00bb har Konstantin m\u00f8tt og intervjuet flere kjendiser. Det har f\u00f8rt til b\u00e5de sterke og morsomme \u00f8yeblikk.<\/p>\n<p>\u2013 Det er fint n\u00e5r kjendisene blir r\u00f8rt. Da f\u00e5r man en bra glede, sier han.<\/p>\n<p>En favoritt har allerede skilt seg ut:<\/p>\n<p>\u2013 Jeg er veldig glad i Herman Flesvig. Han er flink til \u00e5 synge, trekker han frem.<\/p>\n<p>Men det er s\u00e6rlig \u00e9n person han h\u00e5per p\u00e5 \u00e5 m\u00f8te i fremtiden: skuespiller Ane Viola Semb, kjent som Den unge dronning Fjellrose fra \u00abJulenatt i Bl\u00e5fjell\u00bb.<\/p>\n<p>\u2013 Jeg syns hun er s\u00f8t, og jeg syns hun er flink. Det hadde v\u00e6rt fint hvis hun kom til \u00abA-laget\u00bb, sier han h\u00e5pefullt.<\/p>\n<p> Les ogs\u00e5:\u00a0<a href=\"https:\/\/www.klikk.no\/underholdning\/victoria-fra-a-laget-savnet-vil-for-alltid-gjore-vondt-7499619\" rel=\"nofollow noopener\" target=\"_blank\">Victoria fra \u00abA-laget\u00bb: \u2013 Savnet vil for alltid gj\u00f8re vondt<\/a> <\/p>\n<p>Trives som forbilde<\/p>\n<p>Etter selv \u00e5 ha blitt et kjent ansikt p\u00e5 skjermen, har Konstantin f\u00e5tt f\u00f8le litt p\u00e5 hvordan det er \u00e5 bli gjenkjent.<\/p>\n<p>\u2013 Jeg m\u00f8ter mange mennesker ute p\u00e5 gaten. Jeg syns det er g\u00f8y \u00e5 v\u00e6re kjent, deler han med glimt i \u00f8yet.<\/p>\n<p>Han er ogs\u00e5 stolt over \u00e5 v\u00e6re et forbilde for andre.<\/p>\n<p>\u2013 Det er fint \u00e5 v\u00e6re et forbilde, og jeg syns det er g\u00f8y \u00e5 v\u00e6re kjent, gjentar han blidt.<\/p>\n<p> Les ogs\u00e5: (+)\u00a0<a href=\"https:\/\/www.klikk.no\/historier\/mamma-gi-meg-en-klem-og-si-at-jeg-er-bra-nok-7558491\" rel=\"nofollow noopener\" target=\"_blank\">Mamma, gi meg en klem og si at jeg er bra nok<\/a> <\/p>\n<p>                <img decoding=\"async\" src=\"https:\/\/www.europesays.com\/no\/wp-content\/uploads\/2025\/10\/7566966.webp\" width=\"480\" height=\"270\" title=\"TRIVES I ROLLEN: Konstantin intervjuer milliard\u00e6r Gustav Magnar Witz\u00f8e.\" alt=\"\" loading=\"lazy\" style=\"\"\/><\/p>\n<p>\n            <b>TRIVES I ROLLEN:<\/b> Konstantin intervjuer milliard\u00e6r Gustav Magnar Witz\u00f8e.<br \/>\n            NRK\n        <\/p>\n<p>Klar for ny sesong<\/p>\n<p>N\u00e5 ser Konstantin frem til \u00e5 gi publikum nye opplevelser.<\/p>\n<p>\u2013 Det har v\u00e6rt kjempebra \u00e5 spille inn en ny sesong. Jeg tenkte p\u00e5 mange fine sp\u00f8rsm\u00e5l jeg kunne stille gjestene, forteller han.<\/p>\n<p>Og neste gang, hvis det blir en ny sesong, h\u00e5per han \u00e5 oppfylle dr\u00f8mmen:<\/p>\n<p>\u2013 Jeg h\u00e5per Ane Viola Semb dukker opp, sier han med et stort smil.<\/p>\n","protected":false},"excerpt":{"rendered":"For Konstantin betyr musikken vennskap, glede og mestring. I Dissimilis og \u00abA-laget\u00bb har han f\u00e5tt oppleve r\u00f8rende \u00f8yeblikk,&hellip;\n","protected":false},"author":2,"featured_media":63977,"comment_status":"","ping_status":"","sticky":false,"template":"","format":"standard","meta":{"footnotes":""},"categories":[58],"tags":[71,30,28,29,72],"class_list":{"0":"post-63976","1":"post","2":"type-post","3":"status-publish","4":"format-standard","5":"has-post-thumbnail","7":"category-underholdning","8":"tag-entertainment","9":"tag-no","10":"tag-norge","11":"tag-norway","12":"tag-underholdning"},"share_on_mastodon":{"url":"","error":""},"_links":{"self":[{"href":"https:\/\/www.europesays.com\/no\/wp-json\/wp\/v2\/posts\/63976","targetHints":{"allow":["GET"]}}],"collection":[{"href":"https:\/\/www.europesays.com\/no\/wp-json\/wp\/v2\/posts"}],"about":[{"href":"https:\/\/www.europesays.com\/no\/wp-json\/wp\/v2\/types\/post"}],"author":[{"embeddable":true,"href":"https:\/\/www.europesays.com\/no\/wp-json\/wp\/v2\/users\/2"}],"replies":[{"embeddable":true,"href":"https:\/\/www.europesays.com\/no\/wp-json\/wp\/v2\/comments?post=63976"}],"version-history":[{"count":0,"href":"https:\/\/www.europesays.com\/no\/wp-json\/wp\/v2\/posts\/63976\/revisions"}],"wp:featuredmedia":[{"embeddable":true,"href":"https:\/\/www.europesays.com\/no\/wp-json\/wp\/v2\/media\/63977"}],"wp:attachment":[{"href":"https:\/\/www.europesays.com\/no\/wp-json\/wp\/v2\/media?parent=63976"}],"wp:term":[{"taxonomy":"category","embeddable":true,"href":"https:\/\/www.europesays.com\/no\/wp-json\/wp\/v2\/categories?post=63976"},{"taxonomy":"post_tag","embeddable":true,"href":"https:\/\/www.europesays.com\/no\/wp-json\/wp\/v2\/tags?post=63976"}],"curies":[{"name":"wp","href":"https:\/\/api.w.org\/{rel}","templated":true}]}}