{"id":64062,"date":"2025-10-18T21:04:17","date_gmt":"2025-10-18T21:04:17","guid":{"rendered":"https:\/\/www.europesays.com\/no\/64062\/"},"modified":"2025-10-18T21:04:17","modified_gmt":"2025-10-18T21:04:17","slug":"brann-herjet-med-haugesund-niklas-castro-ut-med-ny-skade","status":"publish","type":"post","link":"https:\/\/www.europesays.com\/no\/64062\/","title":{"rendered":"Brann herjet med Haugesund \u2013 Niklas Castro ut med ny skade"},"content":{"rendered":"\n<p class=\"_lead_o9xde_2 _lead_xtcu6_50 layout-component text-serif-m layout-normal text-serif-l layout-component layout-wide layout-padded _wide_17hqh_1 layout-padded\">Freyr Alexanderssons menn leverte festfotball mot Obos-klare Haugesund.<\/p>\n<p> <img class=\"_image_qp4xg_65 layout-component layout-wide\" data-fullscreen- data-track-element-type=\"Article image fullscreen\" data-track-name=\"ImageFullscreen\" fetchpriority=\"high\" decoding=\"sync\" loading=\"eager\" height=\"57\" itemprop=\"image\"  src=\"https:\/\/www.europesays.com\/no\/wp-content\/uploads\/2025\/10\/c56d2f548325b7a402948c8e12a591ba.jpg\"  style=\"object-position:50% 50%;aspect-ratio:1.75;height:auto;object-fit:cover;width:100%\" width=\"102\"\/>  <\/p>\n<ul aria-hidden=\"true\" class=\"_images_18f0k_111\">\n<li><a class=\"_link_18f0k_116\" href=\"https:\/\/www.vg.no\/forfatter\/eirik-soerenmo-paasche\" style=\"z-index:1\" title=\"Eirik S\u00f8renmo P\u00e5sche\" rel=\"nofollow noopener\" target=\"_blank\"><img alt=\"Bilde av Eirik S\u00f8renmo P\u00e5sche\" class=\"_image_18f0k_93\" fetchpriority=\"low\" loading=\"lazy\" decoding=\"async\" itemprop=\"image\"  src=\"https:\/\/www.europesays.com\/no\/wp-content\/uploads\/2025\/10\/1760821453_918_cfda420f-d23e-4c6c-b420-faa95e9679ed\"  width=\"480\"\/><\/a><\/li>\n<\/ul>\n<p> Oppdatert l\u00f8rdag 18. oktober kl. 20:56    <\/p>\n<ul class=\"_list_o9xde_3 _list_64s2r_85 _unordered_o9xde_106 text-sans-m\">\n<li class=\"_item_o9xde_30\">Brann knuste Haugesund 4-1 i en viktig kamp for gullkampen.<\/li>\n<li class=\"_item_o9xde_30\">B\u00e5rd Finne og Eggert Aron Gudmundsson scoret to m\u00e5l hver.<\/li>\n<li class=\"_item_o9xde_30\">Brann er n\u00e5 seks poeng bak Bod\u00f8\/Glimt.<\/li>\n<\/ul>\n<p>Vis mer <\/p>\n<p class=\"_paragraph_o9xde_4 _paragraph_xtcu6_10 layout-component text-serif-m layout-normal text-serif-m layout-padded\">Etter 0\u20133 i sekken mot serietoer Viking i forrige runde \u00abm\u00e5tte\u00bb Brann sl\u00e5 jumbolaget Haugesund for \u00e5 henge med i gullkampen.<\/p>\n<p class=\"_paragraph_o9xde_4 _paragraph_xtcu6_10 layout-component text-serif-m layout-normal text-serif-m layout-padded\">Det hadde de f\u00e5 problemer med.<\/p>\n<p class=\"_paragraph_o9xde_4 _paragraph_xtcu6_10 layout-component text-serif-m layout-normal text-serif-m layout-padded\">To scoringer fra b\u00e5de B\u00e5rd Finne og Eggert Aron Gudmundsson gj\u00f8r at Brann n\u00e5 er seks poeng bak Bod\u00f8\/Glimt. Opp til Viking p\u00e5 annenplass er det fire poeng.<\/p>\n<p class=\"_paragraph_o9xde_4 _paragraph_xtcu6_10 layout-component text-serif-m layout-normal text-serif-m layout-padded\">\u2013 Vi kunne sikkert scoret enda mer m\u00e5l her i dag, sier Finne til TV 2 etter kampen.<\/p>\n<p class=\"_paragraph_o9xde_4 _paragraph_xtcu6_10 layout-component text-serif-m layout-normal text-serif-m layout-padded\">\u2013 Vi er ikke til stede. Mye klabb og babb, pasninger som ikke sitter. Det er en flau kamp \u00e5 v\u00e6re Haugesund-spiller p\u00e5 i dag. Det er synd fansen m\u00e5 se p\u00e5 dette, sier Haugesunds Claus Niyukuri til TV 2.<\/p>\n<p class=\"_paragraph_o9xde_4 _paragraph_xtcu6_10 layout-component text-serif-m layout-normal text-serif-m layout-padded\">Men seieren hadde et sk\u00e5r i gleden.<\/p>\n<p class=\"_paragraph_o9xde_4 _paragraph_xtcu6_10 layout-component text-serif-m layout-normal text-serif-m layout-padded\">F\u00f8r halvtimen var spilt holdt Niklas Castro seg til baksiden av l\u00e5ret. I det han blir byttet ut kunne man se t\u00e5rene trille hos Brann-vingen. Castro <a href=\"https:\/\/www.vg.no\/sport\/i\/pPR6bV\/brann-stjerne-maa-opereres-ute-i-flere-maaneder\" data-track-element-type=\"Link\" data-track-id=\"link:pPR6bV\" class=\"_link_o9xde_39\" rel=\"nofollow noopener\" target=\"_blank\">har allerede mistet store deler av sesongen p\u00e5 grunn av en ankelskade<\/a>.<\/p>\n<p class=\"_paragraph_o9xde_4 _paragraph_xtcu6_10 layout-component text-serif-m layout-normal text-serif-m layout-padded\">\u2013 Det er blytungt for Brann, kommenterte TV 2s Jesper Mathisen.<\/p>\n<ul class=\"_gallery_1qa3s_23\" tabindex=\"0\">\n<li class=\"_item_1qa3s_37\" data-index=\"0\"><img decoding=\"async\" class=\"_image_foru8_23 _articleGallery_foru8_39\" data-fullscreen- width=\"5387\" height=\"3591\" itemprop=\"image\" loading=\"lazy\"  src=\"https:\/\/www.europesays.com\/no\/wp-content\/uploads\/2025\/10\/fa1a2d38-2a80-4d6e-b377-fc767d97e883\"  style=\"object-position:50% 50%;aspect-ratio:var(--gallery-aspect-ratio, 16 \/ 9)\"\/>Foto: MARIUS SIMENSEN \/ Bildbyr\u00e5n<\/li>\n<li class=\"_item_1qa3s_37\" data-index=\"1\"><img decoding=\"async\" class=\"_image_foru8_23 _articleGallery_foru8_39\" data-fullscreen- width=\"5752\" height=\"3835\" itemprop=\"image\" loading=\"lazy\"  src=\"https:\/\/www.europesays.com\/no\/wp-content\/uploads\/2025\/10\/e9a183ed-c53e-4b8d-8bc9-a92fde228fbd\"  style=\"object-position:50% 50%;aspect-ratio:var(--gallery-aspect-ratio, 16 \/ 9)\"\/>Foto: MARIUS SIMENSEN \/ Bildbyr\u00e5n<\/li>\n<\/ul>\n<p>Foto: MARIUS SIMENSEN \/ Bildbyr\u00e5n<\/p>\n<p class=\"_paragraph_o9xde_4 _paragraph_xtcu6_10 layout-component text-serif-m layout-normal text-serif-m layout-padded\">Det er enda et navn p\u00e5 skadelisten til Brann-trener Freyr Alexandersson.<\/p>\n<p class=\"_paragraph_o9xde_4 _paragraph_xtcu6_10 layout-component text-serif-m layout-normal text-serif-m layout-padded\">Tidligere denne uken ble det kjent <a href=\"https:\/\/www.vg.no\/sport\/i\/Mn4V3E\/kjempesmell-for-brann-maalfarlige-saevar-atli-magnusson-ute-resten-av-sesongen\" data-track-element-type=\"Link\" data-track-id=\"link:Mn4V3E\" class=\"_link_o9xde_39\" rel=\"nofollow noopener\" target=\"_blank\">at S\u00e6var Atli Magn\u00fasson mister resten av sesongen p\u00e5 grunn av en kneskade<\/a>.<\/p>\n<p class=\"_paragraph_o9xde_4 _paragraph_xtcu6_10 layout-component text-serif-m layout-normal text-serif-m layout-padded\">I tillegg er <a href=\"https:\/\/www.vg.no\/sport\/i\/al5nRL\/brann-stjerne-ute-i-to-uker\" data-track-element-type=\"Link\" data-track-id=\"link:al5nRL\" class=\"_link_o9xde_39\" rel=\"nofollow noopener\" target=\"_blank\">Felix Horn Myhre utilgjengelig for spill i et par uker<\/a>.<\/p>\n<p><img alt=\"Freyr Alexanderssons skadeliste blir lengre og lengre.  Foto: Paul S. Amundsen \/ NTB\" class=\"_image_qp4xg_65 layout-component layout-normal\" data-fullscreen- data-track-element-type=\"Article image fullscreen\" data-track-name=\"ImageFullscreen\" decoding=\"async\" loading=\"lazy\" height=\"3868\" itemprop=\"image\"  src=\"https:\/\/www.europesays.com\/no\/wp-content\/uploads\/2025\/10\/1307475c-5d77-4445-b01c-97c6d327e4de\"  style=\"object-position:0% 0%\" width=\"5801\"\/>Freyr Alexanderssons skadeliste blir lengre og lengre.  Foto: Paul S. Amundsen \/ NTB<\/p>\n<p class=\"_paragraph_o9xde_4 _paragraph_xtcu6_10 layout-component text-serif-m layout-normal text-serif-m layout-padded\">Brann tok oppskriftsmessig ledelsen like etter at Castro m\u00e5tte forlate gresset.<\/p>\n<ul class=\"_list_o9xde_3 _list_xtcu6_9 _unordered_o9xde_106 layout-component text-serif-m layout-normal text-serif-m layout-padded\">\n<li class=\"_item_o9xde_30\">Ulrik Mathisen sender en perfekt stikker rett gjennom Haugesund-forsvaret. Med innsiden setter B\u00e5rd Finne ballen sikkert i m\u00e5l og 1\u20130 til Brann.<\/li>\n<\/ul>\n<p class=\"_paragraph_o9xde_4 _paragraph_xtcu6_10 layout-component text-serif-m layout-normal text-serif-m layout-padded\">\u2013 N\u00e5r han f\u00f8rst f\u00e5r muligheten alene med Amund Wichne er han stein, stein sikker, sier TV 2s Jesper Mathisen.<\/p>\n<p class=\"_paragraph_o9xde_4 _paragraph_xtcu6_10 layout-component text-serif-m layout-normal text-serif-m layout-padded\">I pausen var Finne forn\u00f8yd med m\u00e5let, men samtidig bekymret for sin lagkamerat Castro.<\/p>\n<p class=\"_paragraph_o9xde_4 _paragraph_xtcu6_10 layout-component text-serif-m layout-normal text-serif-m layout-padded\">\u2013 Det er kjedelig om det er noe skikkelig, sier han til TV 2.<\/p>\n<p><img alt=\"B\u00e5rd Finne ga Brann ledelsen.  Foto: Paul S. Amundsen \/ NTB\" class=\"_image_qp4xg_65 layout-component layout-normal\" data-fullscreen- data-track-element-type=\"Article image fullscreen\" data-track-name=\"ImageFullscreen\" decoding=\"async\" loading=\"lazy\" height=\"4981\" itemprop=\"image\"  src=\"https:\/\/www.europesays.com\/no\/wp-content\/uploads\/2025\/10\/151c8642-5208-4b97-8216-8b821bd4d1a5\"  style=\"object-position:0% 0%\" width=\"7471\"\/>B\u00e5rd Finne ga Brann ledelsen.  Foto: Paul S. Amundsen \/ NTB<\/p>\n<p class=\"_paragraph_o9xde_4 _paragraph_xtcu6_10 layout-component text-serif-m layout-normal text-serif-m layout-padded\">Rundt 90 sekunder ut i andre omgang satt kveldens andre for hjemmelaget.<\/p>\n<ul class=\"_list_o9xde_3 _list_xtcu6_9 _unordered_o9xde_106 layout-component text-serif-m layout-normal text-serif-m layout-padded\">\n<li class=\"_item_o9xde_30\">Ulrik Mathisen \u00abRonaldo-choppet\u00bb seg fri utenfor Haugesunds 16-meter. Han fant Noah Holm i boksen, som la til rette for Eggert Aron Gudmundsson. Islendingen sendte ballen kontrollert i hj\u00f8rnet til 2\u20130.<\/li>\n<\/ul>\n<p class=\"_paragraph_o9xde_4 _paragraph_xtcu6_10 layout-component text-serif-m layout-normal text-serif-m layout-padded\">\u2013 Det er fantastisk angrepsfotball av Brann, sa TV 2s kommentator Espen Ween.<\/p>\n<p><img alt=\"Gudmundsson jubler for Branns andre scoring.  Foto: Paul S. Amundsen \/ NTB\" class=\"_image_qp4xg_65 layout-component layout-normal\" data-fullscreen- data-track-element-type=\"Article image fullscreen\" data-track-name=\"ImageFullscreen\" decoding=\"async\" loading=\"lazy\" height=\"2973\" itemprop=\"image\"  src=\"https:\/\/www.europesays.com\/no\/wp-content\/uploads\/2025\/10\/c89b49dc-0b0e-4b71-80a4-b7b8ba23ef5d\"  style=\"object-position:0% 0%\" width=\"4459\"\/>Gudmundsson jubler for Branns andre scoring.  Foto: Paul S. Amundsen \/ NTB<\/p>\n<p class=\"_paragraph_o9xde_4 _paragraph_xtcu6_10 layout-component text-serif-m layout-normal text-serif-m layout-padded\">Fire minutter senere fikk B\u00e5rd Finne hele m\u00e5let \u00e5 score p\u00e5. Den sjansen tok han ogs\u00e5.<\/p>\n<ul class=\"_list_o9xde_3 _list_xtcu6_9 _unordered_o9xde_106 layout-component text-serif-m layout-normal text-serif-m layout-padded\">\n<li class=\"_item_o9xde_30\">Brann kj\u00f8rer en kontring. Mathisen har hele h\u00f8yresiden \u00e5 l\u00f8pe p\u00e5. Inne foran m\u00e5l er Finne, og Mathisen sl\u00e5r en presis hard pasning langs bakken slik at Finne enkelt kan bredside inn Branns tredje.<\/li>\n<\/ul>\n<p class=\"_paragraph_o9xde_4 _paragraph_xtcu6_10 layout-component text-serif-m layout-normal text-serif-m layout-padded\">\u2013 Det er i ferd med \u00e5 bli den perfekte kvelden for ham, sa TV 2s Ween.<\/p>\n<p><img alt=\"B\u00e5rd Finne setter sitt andre og Branns tredje.  Foto: Paul S. Amundsen \/ NTB\" class=\"_image_qp4xg_65 layout-component layout-normal\" data-fullscreen- data-track-element-type=\"Article image fullscreen\" data-track-name=\"ImageFullscreen\" decoding=\"async\" loading=\"lazy\" height=\"4715\" itemprop=\"image\"  src=\"https:\/\/www.europesays.com\/no\/wp-content\/uploads\/2025\/10\/ae8c5b1e-745e-4a72-b565-04700ea19b59\"  style=\"object-position:0% 0%\" width=\"7073\"\/>B\u00e5rd Finne setter sitt andre og Branns tredje.  Foto: Paul S. Amundsen \/ NTB<\/p>\n<p class=\"_paragraph_o9xde_4 _paragraph_xtcu6_10 layout-component text-serif-m layout-normal text-serif-m layout-padded\">Med litt over 20 minutter igjen \u00e5 spille trodde Finne at hattricket var komplett da han ble spilt gjennom alene med Wichne og banket ballen i m\u00e5l.<\/p>\n<p class=\"_paragraph_o9xde_4 _paragraph_xtcu6_10 layout-component text-serif-m layout-normal text-serif-m layout-padded\">Etter en VAR-sjekk konkluderte dommerne med at Brann-spissen var i offside. Men 4\u20130 kom likevel.<\/p>\n<ul class=\"_list_o9xde_3 _list_xtcu6_9 _unordered_o9xde_106 layout-component text-serif-m layout-normal text-serif-m layout-padded\">\n<li class=\"_item_o9xde_30\">Noah Holm og Gudmundsson stjeler ballen fra Pyry Petteri Hannola langt inne p\u00e5 Haugesunds halvdel. Sistnevnte f\u00e5r ballen og har flere lagkamerater med seg i det han g\u00e5r mot m\u00e5let, men velger \u00e5 lobbe lekkert over Wichne i Haugesund-buret istedenfor.<\/li>\n<\/ul>\n<p class=\"_paragraph_o9xde_4 _paragraph_xtcu6_10 layout-component text-serif-m layout-normal text-serif-m layout-padded\">\u2013 Dette er definisjonen p\u00e5 divisjonsforskjell. Det er ett lag som sprudler og koser seg og ett lag som har g\u00e5tt totalt i oppl\u00f8sning, sa TV 2s Mathisen.<\/p>\n<p><img alt=\"Holm og Gudmundsson vinner ballen fra Hannola rett f\u00f8r 4\u20130.  Foto: Paul S. Amundsen \/ NTB\" class=\"_image_qp4xg_65 layout-component layout-normal\" data-fullscreen- data-track-element-type=\"Article image fullscreen\" data-track-name=\"ImageFullscreen\" decoding=\"async\" loading=\"lazy\" height=\"5323\" itemprop=\"image\"  src=\"https:\/\/www.europesays.com\/no\/wp-content\/uploads\/2025\/10\/02971660-ba56-4c5b-9b3b-f11cd606c46e\"  style=\"object-position:0% 0%\" width=\"7985\"\/>Holm og Gudmundsson vinner ballen fra Hannola rett f\u00f8r 4\u20130.  Foto: Paul S. Amundsen \/ NTB<\/p>\n<p class=\"_paragraph_o9xde_4 _paragraph_xtcu6_10 layout-component text-serif-m layout-normal text-serif-m layout-padded\">Etter 84 minutter leverte Brann-keeper Mathias Dyngeland en br\u00f8ler av de sjeldne.<\/p>\n<ul class=\"_list_o9xde_3 _list_xtcu6_9 _unordered_o9xde_106 layout-component text-serif-m layout-normal text-serif-m layout-padded\">\n<li class=\"_item_o9xde_30\">Dyngeland har ballen utenfor boksen og fors\u00f8ker \u00e5 sl\u00e5 langt fremover, men treffer rett i Sory Diarra. Ballen g\u00e5r rett til v\u00e6rs, og hodeduellen mellom dem er det Diarra som vinner. Han header inn 1\u20134 p\u00e5 \u00e5pent m\u00e5l.<\/li>\n<\/ul>\n<p class=\"_paragraph_o9xde_4 _paragraph_xtcu6_10 layout-component text-serif-m layout-normal text-serif-m layout-padded\">Etter m\u00e5let tok Dyngeland tydelig p\u00e5 seg skylden &#8211; med et lite glis p\u00e5 lur.<\/p>\n<p class=\"_paragraph_o9xde_4 _paragraph_xtcu6_10 layout-component text-serif-m layout-normal text-serif-m layout-padded\">\u2013 Det er fint \u00e5 se at en s\u00e5pass rutinert og god keeper som Dyngeland tar det med et smil, sa TV 2s Mathisen.<\/p>\n<p><img alt=\"Haugesund og Parfait Bizoza gikk nok en gang poengl\u00f8se av banen.  Foto: Paul S. Amundsen \/ NTB\" class=\"_image_qp4xg_65 layout-component layout-normal\" data-fullscreen- data-track-element-type=\"Article image fullscreen\" data-track-name=\"ImageFullscreen\" decoding=\"async\" loading=\"lazy\" height=\"2617\" itemprop=\"image\"  src=\"https:\/\/www.europesays.com\/no\/wp-content\/uploads\/2025\/10\/c2bba26b-989c-4f14-90f1-f7d3417e8550\"  style=\"object-position:0% 0%\" width=\"3926\"\/>Haugesund og Parfait Bizoza gikk nok en gang poengl\u00f8se av banen.  Foto: Paul S. Amundsen \/ NTB<\/p>\n<p class=\"_paragraph_o9xde_4 _paragraph_xtcu6_10 layout-component text-serif-m layout-normal text-serif-m layout-padded\">Haugesund gikk p\u00e5 sitt 21. tap denne sesongen. De ligger desidert sist i Eliteserien med kun seks poeng p\u00e5 25 kamper.<\/p>\n<p class=\"_paragraph_o9xde_4 _paragraph_xtcu6_10 layout-component text-serif-m layout-normal text-serif-m layout-padded\">Nedrykket er allerede et faktum. Ettersom <a href=\"https:\/\/www.vg.no\/sport\/i\/PpkWKJ\/rosenborgs-marerittrekke-fortsetter\" data-track-element-type=\"Link\" data-track-id=\"link:PpkWKJ\" class=\"_link_o9xde_39\" rel=\"nofollow noopener\" target=\"_blank\">Bryne p\u00e5 kvalikplass tok et poeng hjemme mot Rosenborg<\/a>, kan ikke Haugesund ta dem igjen.<\/p>\n<p class=\"_paragraph_o9xde_4 _paragraph_xtcu6_10 layout-component text-serif-m layout-normal text-serif-m layout-padded\">\u2013 Vi har visst det lenge. N\u00e5 kom spikeren i kisten. Mer kan vi ikke gj\u00f8re, sier Niyukuri til TV 2.<\/p>\n<p class=\"_paragraph_o9xde_4 _paragraph_xtcu6_10 layout-component text-serif-m layout-normal text-serif-m layout-padded\">Haugesund har v\u00e6rt i den \u00f8verste divisjonen i norsk fotball siden de rykket opp i 2009.<\/p>\n<p class=\"_paragraph_o9xde_4 _paragraph_xtcu6_10 layout-component text-serif-m layout-normal text-serif-m layout-padded\">Med tre nye poeng for Brann lever gullkampen fortsatt i Eliteserien.<\/p>\n<p class=\"_paragraph_o9xde_4 _paragraph_xtcu6_10 layout-component text-serif-m layout-normal text-serif-m layout-padded\"><a href=\"https:\/\/www.vg.no\/sport\/i\/Mn4MGJ\/maalfest-da-bodoe-glimt-gikk-til-tabelltopp\" data-track-element-type=\"Link\" data-track-id=\"link:Mn4MGJ\" class=\"_link_o9xde_39\" rel=\"nofollow noopener\" target=\"_blank\">Bod\u00f8\/Glimt smadret p\u00e5 sin side Sarpsborg 5\u20132 tidligere l\u00f8rdag<\/a>.<\/p>\n<p class=\"_paragraph_o9xde_4 _paragraph_xtcu6_10 layout-component text-serif-m layout-normal text-serif-m layout-padded\">Viking m\u00f8ter Troms\u00f8 p\u00e5 bortebane s\u00f8ndag.<\/p>\n","protected":false},"excerpt":{"rendered":"Freyr Alexanderssons menn leverte festfotball mot Obos-klare Haugesund. Oppdatert l\u00f8rdag 18. oktober kl. 20:56 Brann knuste Haugesund 4-1&hellip;\n","protected":false},"author":2,"featured_media":64063,"comment_status":"","ping_status":"","sticky":false,"template":"","format":"standard","meta":{"footnotes":""},"categories":[5],"tags":[20,21,134,24,25,1114,92,15,19,22,23,17,18,13,30,28,29,14,16,418,26,27],"class_list":{"0":"post-64062","1":"post","2":"type-post","3":"status-publish","4":"format-standard","5":"has-post-thumbnail","7":"category-overskrifter","8":"tag-breaking-news","9":"tag-breakingnews","10":"tag-eliteserien","11":"tag-featured-news","12":"tag-featurednews","13":"tag-fk-haugesund","14":"tag-fotball","15":"tag-headlines","16":"tag-hovedoppslag","17":"tag-latest-news","18":"tag-latestnews","19":"tag-main-news","20":"tag-mainnews","21":"tag-news","22":"tag-no","23":"tag-norge","24":"tag-norway","25":"tag-nyheter","26":"tag-overskrifter","27":"tag-sk-brann","28":"tag-top-stories","29":"tag-topstories"},"share_on_mastodon":{"url":"","error":""},"_links":{"self":[{"href":"https:\/\/www.europesays.com\/no\/wp-json\/wp\/v2\/posts\/64062","targetHints":{"allow":["GET"]}}],"collection":[{"href":"https:\/\/www.europesays.com\/no\/wp-json\/wp\/v2\/posts"}],"about":[{"href":"https:\/\/www.europesays.com\/no\/wp-json\/wp\/v2\/types\/post"}],"author":[{"embeddable":true,"href":"https:\/\/www.europesays.com\/no\/wp-json\/wp\/v2\/users\/2"}],"replies":[{"embeddable":true,"href":"https:\/\/www.europesays.com\/no\/wp-json\/wp\/v2\/comments?post=64062"}],"version-history":[{"count":0,"href":"https:\/\/www.europesays.com\/no\/wp-json\/wp\/v2\/posts\/64062\/revisions"}],"wp:featuredmedia":[{"embeddable":true,"href":"https:\/\/www.europesays.com\/no\/wp-json\/wp\/v2\/media\/64063"}],"wp:attachment":[{"href":"https:\/\/www.europesays.com\/no\/wp-json\/wp\/v2\/media?parent=64062"}],"wp:term":[{"taxonomy":"category","embeddable":true,"href":"https:\/\/www.europesays.com\/no\/wp-json\/wp\/v2\/categories?post=64062"},{"taxonomy":"post_tag","embeddable":true,"href":"https:\/\/www.europesays.com\/no\/wp-json\/wp\/v2\/tags?post=64062"}],"curies":[{"name":"wp","href":"https:\/\/api.w.org\/{rel}","templated":true}]}}