{"id":64180,"date":"2025-10-19T01:19:09","date_gmt":"2025-10-19T01:19:09","guid":{"rendered":"https:\/\/www.europesays.com\/no\/64180\/"},"modified":"2025-10-19T01:19:09","modified_gmt":"2025-10-19T01:19:09","slug":"limp-bizkit-bassist-sam-rivers-er-dod","status":"publish","type":"post","link":"https:\/\/www.europesays.com\/no\/64180\/","title":{"rendered":"Limp Bizkit-bassist Sam Rivers er d\u00f8d"},"content":{"rendered":"\n<p class=\"_lead_o9xde_2 _lead_xtcu6_50 layout-component text-serif-m layout-normal text-serif-l layout-component layout-wide layout-padded _wide_17hqh_1 layout-padded\">Bandet kaller ham \u00abhjertet\u00bb i gruppen.<\/p>\n<p><img alt=\"Sam Rivers Foto: Yalonda M. James \/ AP \/ NTB\" class=\"_image_qp4xg_65 layout-component layout-wide\" data-fullscreen- data-track-element-type=\"Article image fullscreen\" data-track-name=\"ImageFullscreen\" fetchpriority=\"high\" decoding=\"sync\" loading=\"eager\" height=\"3392\" itemprop=\"image\"  src=\"https:\/\/www.europesays.com\/no\/wp-content\/uploads\/2025\/10\/d4221265-f5f6-4334-9248-2b0fc32e0df7\"  style=\"object-position:0% 0%\" width=\"5088\"\/>Sam Rivers Foto: Yalonda M. James \/ AP \/ NTB<\/p>\n<ul aria-hidden=\"true\" class=\"_images_18f0k_111\">\n<li><a class=\"_link_18f0k_116\" href=\"https:\/\/www.vg.no\/forfatter\/kari-aarstad-aase\" style=\"z-index:1\" title=\"Kari Aarstad Aase\" rel=\"nofollow noopener\" target=\"_blank\"><img alt=\"Bilde av Kari Aarstad Aase\" class=\"_image_18f0k_93\" fetchpriority=\"low\" loading=\"lazy\" decoding=\"async\" itemprop=\"image\"  src=\"https:\/\/www.europesays.com\/no\/wp-content\/uploads\/2025\/10\/1760836748_947_0dbde33e-6d8e-4680-8e4f-e2a64281e2b8\"  width=\"480\"\/><\/a><\/li>\n<\/ul>\n<p> Oppdatert s\u00f8ndag 19. oktober kl. 02:40     <\/p>\n<p class=\"_paragraph_o9xde_4 _paragraph_xtcu6_10 layout-component text-serif-m layout-normal text-serif-m layout-padded\">Sam Rivers, bassisten i det amerikanske rock-rap-bandet Limp Bizkit, d\u00f8de l\u00f8rdag. Han ble 48 \u00e5r gammel.<\/p>\n<p class=\"_paragraph_o9xde_4 _paragraph_xtcu6_10 layout-component text-serif-m layout-normal text-serif-m layout-padded\">Bandet bekreftet d\u00f8dsfallet i en uttalelse p\u00e5 Instagram l\u00f8rdag kveld, melder <a href=\"https:\/\/www.tmz.com\/2025\/10\/18\/limp-bizkit-bassist-sam-rivers-dies\/\" class=\"_link_o9xde_39\" rel=\"nofollow noopener\" target=\"_blank\">TMZ<\/a>.<\/p>\n<p class=\"_paragraph_o9xde_4 _paragraph_xtcu6_10 layout-component text-serif-m layout-normal text-serif-m layout-padded\">\u2013 Sam var ikke bare en bassist. Han var ren magi. Pulsen under hver sang, roen i kaoset, sjelen i lyden, skriver bandet.<\/p>\n<p class=\"_paragraph_o9xde_4 _paragraph_xtcu6_10 layout-component text-serif-m layout-normal text-serif-m layout-padded\">Rivers var med \u00e5 danne Limp Bizkit p\u00e5 1990-tallet sammen med trommeslager John Otto og vokalist Fred Durst, som han m\u00f8tte mens han jobbet p\u00e5 Chick-fil-A. Senere kom gitarist Wes Borland og DJ Lethal med i gruppa.<\/p>\n<p><img alt=\"Foto: Amy Harris \/ AP \/ NTB\" class=\"_image_qp4xg_65 layout-component layout-normal\" data-fullscreen- data-track-element-type=\"Article image fullscreen\" data-track-name=\"ImageFullscreen\" decoding=\"async\" loading=\"lazy\" height=\"2449\" itemprop=\"image\"  src=\"https:\/\/www.europesays.com\/no\/wp-content\/uploads\/2025\/10\/7467b799-7af9-4298-87c2-f75c5a76ba48\"  style=\"object-position:0% 0%\" width=\"3674\"\/>Foto: Amy Harris \/ AP \/ NTB<\/p>\n<p class=\"_paragraph_o9xde_4 _paragraph_xtcu6_10 layout-component text-serif-m layout-normal text-serif-m layout-padded\">Bandet ble verdenskjent med hits som \u00abRollin&#8217;\u00bb, \u00abBreak Stuff\u00bb og \u00abNookie\u00bb. L\u00e5ten \u00abBreak Stuff\u00bb har blitt str\u00f8mmet nesten \u00e9n milliard ganger p\u00e5 Spotify.<\/p>\n<p class=\"_paragraph_o9xde_4 _paragraph_xtcu6_10 layout-component text-serif-m layout-normal text-serif-m layout-padded\">Rivers forlot midlertidig bandet i 2015 p\u00e5 grunn av leversykdom for\u00e5rsaket av overdreven drikking. Han fikk en levertransplantasjon og kom tilbake til gruppa i 2018.<\/p>\n<p class=\"_paragraph_o9xde_4 _paragraph_xtcu6_10 layout-component text-serif-m layout-normal text-serif-m layout-padded\">Bandet har ikke oppgitt d\u00f8ds\u00e5rsak.<\/p>\n<p class=\"_paragraph_o9xde_4 _paragraph_xtcu6_10 layout-component text-serif-m layout-normal text-serif-m layout-padded\">\u2013 Hvil i fred, bror. Musikken din tar aldri slutt, skriver Limp Bizkit i uttalelsen.<\/p>\n","protected":false},"excerpt":{"rendered":"Bandet kaller ham \u00abhjertet\u00bb i gruppen. Sam Rivers Foto: Yalonda M. James \/ AP \/ NTB Oppdatert s\u00f8ndag&hellip;\n","protected":false},"author":2,"featured_media":64181,"comment_status":"","ping_status":"","sticky":false,"template":"","format":"standard","meta":{"footnotes":""},"categories":[58],"tags":[4631,576,71,30,28,29,72,46],"class_list":{"0":"post-64180","1":"post","2":"type-post","3":"status-publish","4":"format-standard","5":"has-post-thumbnail","7":"category-underholdning","8":"tag-band","9":"tag-dodsfall","10":"tag-entertainment","11":"tag-no","12":"tag-norge","13":"tag-norway","14":"tag-underholdning","15":"tag-vgai"},"share_on_mastodon":{"url":"","error":""},"_links":{"self":[{"href":"https:\/\/www.europesays.com\/no\/wp-json\/wp\/v2\/posts\/64180","targetHints":{"allow":["GET"]}}],"collection":[{"href":"https:\/\/www.europesays.com\/no\/wp-json\/wp\/v2\/posts"}],"about":[{"href":"https:\/\/www.europesays.com\/no\/wp-json\/wp\/v2\/types\/post"}],"author":[{"embeddable":true,"href":"https:\/\/www.europesays.com\/no\/wp-json\/wp\/v2\/users\/2"}],"replies":[{"embeddable":true,"href":"https:\/\/www.europesays.com\/no\/wp-json\/wp\/v2\/comments?post=64180"}],"version-history":[{"count":0,"href":"https:\/\/www.europesays.com\/no\/wp-json\/wp\/v2\/posts\/64180\/revisions"}],"wp:featuredmedia":[{"embeddable":true,"href":"https:\/\/www.europesays.com\/no\/wp-json\/wp\/v2\/media\/64181"}],"wp:attachment":[{"href":"https:\/\/www.europesays.com\/no\/wp-json\/wp\/v2\/media?parent=64180"}],"wp:term":[{"taxonomy":"category","embeddable":true,"href":"https:\/\/www.europesays.com\/no\/wp-json\/wp\/v2\/categories?post=64180"},{"taxonomy":"post_tag","embeddable":true,"href":"https:\/\/www.europesays.com\/no\/wp-json\/wp\/v2\/tags?post=64180"}],"curies":[{"name":"wp","href":"https:\/\/api.w.org\/{rel}","templated":true}]}}