{"id":64215,"date":"2025-10-19T05:03:23","date_gmt":"2025-10-19T05:03:23","guid":{"rendered":"https:\/\/www.europesays.com\/no\/64215\/"},"modified":"2025-10-19T05:03:23","modified_gmt":"2025-10-19T05:03:23","slug":"pa-tur-med-renault-4-savane-4x4","status":"publish","type":"post","link":"https:\/\/www.europesays.com\/no\/64215\/","title":{"rendered":"P\u00e5 tur med Renault 4 Savane 4&#215;4"},"content":{"rendered":"<p class=\"kicker text-red color_mobile_text-red\" style=\"\">Renault 4 Savane 4&#215;4:\u00a0<\/p>\n<p>  Bilen kommer f\u00f8rst om halvannet \u00e5r, men her har vi den med p\u00e5 stranda i Danmark.\u00a0<\/p>\n<p>\n    Foto: Fred Magne Skilleb\u00e6k\n  <\/p>\n<p>            <a id=\"folketsfavorittlenke\" href=\"https:\/\/www.elbil24.no\/nyheter\/stem-fram-folkets-favoritt-2026\/83655170\" rel=\"nofollow noopener\" target=\"_blank\"><br \/>\n    <img decoding=\"async\" id=\"folketsfavorittbilde\" src=\"https:\/\/www.europesays.com\/no\/wp-content\/uploads\/2025\/10\/din-favoritt-stem-her.jpg\" alt=\"\u00c5rets bil 2026 - stem p\u00e5 Folkets favoritt\"\/><br \/>\n<\/a><\/p>\n<p>(Elbil24): N\u00e6r 70 prosent av alle elbiler som selges i Norge leveres<br \/>\nut med firehjulsdrift. Dette sier litt, i et marked som p\u00e5 ekte har fire veldig<br \/>\nforskjellige \u00e5rstider. Men det er ikke bare fremkommelighet som gj\u00f8r elbiler<br \/>\nmer attraktive med drift p\u00e5 alle fire.<\/p>\n<p>For med firehjulsdrift f\u00e5r bilene som regel to elmotorer i<br \/>\nstedet for \u00e9n, og derfor f\u00e5r de ogs\u00e5 mer krefter. I tillegg kan de som regel<br \/>\nogs\u00e5 trekke tyngre henger. <\/p>\n<p>Renault er en av de produsentene som har holdt igjen n\u00e5r<br \/>\ndet gjelder dette med firehjulsdrift, noe vi har snakket mye med dem om. N\u00e5 har<br \/>\nde endelig snudd, og franske Fabrice Cambolive, som har v\u00e6rt sjefen der en<br \/>\nstund, har n\u00e5 kommet tilbake til oss og erkjent;\u00a0<\/p>\n<p>N\u00e5 skal vi satse p\u00e5<br \/>\nfirehjulsdrift fra Renault ogs\u00e5. <\/p>\n<p>    <a itemprop=\"url\" href=\"https:\/\/www.elbil24.no\/pro\/disse-elbilene-er-vanskeligst-a-selge-pa-finn\/83722632\" rel=\"nofollow noopener\" target=\"_blank\"><\/p>\n<p>      <img loading=\"lazy\" decoding=\"async\" src=\"https:\/\/www.europesays.com\/no\/wp-content\/uploads\/2025\/10\/83726661.webp\" width=\"980\" height=\"441\" title=\"Disse elbilene er vanskeligst \u00e5 selge p\u00e5 Finn\" alt=\"\" class=\"lazyload\" style=\"--aspect-ratio-image: 2.22; \"\/><\/p>\n<p>        Disse elbilene er vanskeligst \u00e5 selge p\u00e5 Finn<\/p>\n<p>    <\/a><\/p>\n<p>Et godt eksempel p\u00e5 dette finner vi i Renault 4 Savane 4&#215;4<br \/>\nConcept, som ble vist frem f\u00f8rste gang tidligere i sommer, men bare statisk.<br \/>\nElbil24 er derimot s\u00e5 heldig at vi har det norske jurymedlemmet i den europeiske<br \/>\n\u00abCar of the Year\u00bb-organisasjonen, og vi har derfor f\u00e5tt tilbudet om \u00e5 kj\u00f8re R4<br \/>\nSavane. <\/p>\n<p>Dette som en del av den store Tannis-testen, som \u00abCar of<br \/>\nthe Year\u00bb-juryen arrangerer i Danmark hvert \u00e5r. <\/p>\n<p>Renault valgte \u00e5 ta med Savane dit, sammen med flere andre<br \/>\nav den ordin\u00e6re Renault 4 som n\u00e5 er lansert. Dette er et sted som passer bilen<br \/>\nbra, for hvor kult er det vel ikke \u00e5 frese rundt p\u00e5 stranda i Danmark, der det<br \/>\ner fullt lovlig \u00e5 ferdes med bil, og Renault 4 Savane 4&#215;4 er vel den perfekte<br \/>\nbeach buggy-en i nyere tid. For anlendingen hadde Renault satt p\u00e5 den et sett<br \/>\nall-terrain dekk, s\u00e5 bilen ser unektelig barsk ut til \u00e5 v\u00e6re en bil i sin<br \/>\nklasse. <\/p>\n<p>          <img loading=\"lazy\" decoding=\"async\" src=\"https:\/\/www.europesays.com\/no\/wp-content\/uploads\/2025\/10\/83735346.webp\" width=\"980\" height=\"559\" title=\"Foto: Fred Magne Skilleb\u00e6k\" alt=\"\" class=\"\" style=\"--aspect-ratio-image: 1.75; \"\/><\/p>\n<p>\n          Foto: Fred Magne Skilleb\u00e6k\n      <\/p>\n<p>Firehjulsdrift og dobbel motor<\/p>\n<p>Savane-navnet er ikke nytt for Renault \u2013 det er deres &laquo;varemerke&raquo; p\u00e5 frihet og terrengeventyr \u2013 og i 1986 dukket det opp p\u00e5 en litt r\u00f8ffere variant av Renault 4. Med denne konseptversjonen revitaliseres arven, naturligvis med en dose innbakt modernisering og eldrift.\u00a0<\/p>\n<p>Savane-konseptet utstyres med to motorer \u2013 \u00e9n foran og \u00e9n<br \/>\nbak \u2013 noe som gir permanent firehjulsdrift.\u00a0Det gj\u00f8r naturligvis at modellen skal<br \/>\nklare krevende underlag som gj\u00f8rme, sn\u00f8 og grisgrendte stier p\u00e5 en bedre m\u00e5te enn<br \/>\nstandardmodellen. I Norge tipper jeg det likevel er vinterf\u00f8re som blir den st\u00f8rste utfordringen &#8211; eller kanskje ikke lenger n\u00e5, n\u00e5r den har f\u00e5tt drift p\u00e5 alle fire.\u00a0<\/p>\n<p>          <img loading=\"lazy\" decoding=\"async\" src=\"https:\/\/www.europesays.com\/no\/wp-content\/uploads\/2025\/10\/83735344.webp\" width=\"686\" height=\"392\" title=\"Foto: Fred Magne Skilleb\u00e6k\" alt=\"\" class=\"\" style=\"--aspect-ratio-image: 1.75; \"\/><\/p>\n<p>\n          Foto: Fred Magne Skilleb\u00e6k\n      <\/p>\n<p>\u00d8kt bakkeklaring og bredere sporvidde<\/p>\n<p>Bakkeklaringen er ogs\u00e5 hevet med 15 mm sammenlignet med en standard<br \/>\nR4, i tillegg til at sporvidden er utvidet med 10 mm p\u00e5 hver side, b\u00e5de foran<br \/>\nog bak. <\/p>\n<p>Konseptet ruller p\u00e5 18-tommers hjul med eget<br \/>\n\u201cSavane\u201d-design og Goodyear UltraGrip Performance+ dekk i dimensjonen 225\/55<br \/>\nR18. <\/p>\n<p>De som har sett bilen har ogs\u00e5 reagert p\u00e5 gr\u00f8nnfargen p\u00e5 karosseriet, en gr\u00f8nnfarge noen i Renault kaller Jade Green, mens andre forteller at de forel\u00f8pig ikke har navngitt den. Det f\u00e5r vi antagelig vite mer om n\u00e5r bilen kommer p\u00e5 markedet. Fargen er en egen<br \/>\nblanding, som sammen med blanke svarte hjulbuer og st\u00f8tfangere tydelig viser at<br \/>\ndenne utgaven skiller seg fra de andre. S\u00e6rlig skjermbredderne, som faktisk er<br \/>\nen del bredere, gir et t\u00f8ffere preg p\u00e5 hele fremtoningen av bilen. Her er det<br \/>\nbare \u00e5 legge til litt ekstralys i form av LED-ramper og litt annet snacks, s\u00e5<br \/>\nblir bilen helt\u00f8ff. <\/p>\n<p>Innvendig har bilen s\u00f8mmer og dekor som skiller den fra<br \/>\nstandardutgaven, s\u00e5 heller ikke her skal man unng\u00e5 \u00e5 se at bilen er noe ekstra.\n<\/p>\n<p>    <a itemprop=\"url\" href=\"https:\/\/www.elbil24.no\/pro\/duell-ikoniske-biler-i-nye-versjoner-klar-vinner\/83654638\" rel=\"nofollow noopener\" target=\"_blank\"><\/p>\n<p>      <img loading=\"lazy\" decoding=\"async\" src=\"https:\/\/www.europesays.com\/no\/wp-content\/uploads\/2025\/10\/1760850203_618_83661611.webp\" width=\"980\" height=\"441\" title=\"DUELL: Ikoniske biler i nye versjoner: - Klar vinner\" alt=\"\" class=\"lazyload\" style=\"--aspect-ratio-image: 2.22; \"\/><\/p>\n<p>        DUELL: Ikoniske biler i nye versjoner: &#8211; Klar vinner<\/p>\n<p>    <\/a><\/p>\n<p>Hva betyr dette for Norge?<\/p>\n<p>Vi har tidligere sagt at dette vil bli en typisk<br \/>\nnorgesbil, dersom den kommer p\u00e5 markedet. N\u00e5 har vi endret dette fra om den<br \/>\nkommer, til n\u00e5r den kommer. <\/p>\n<p>N\u00e5r det gjelder drivverket, s\u00e5 vil dette bli veldig likt<br \/>\ndet vi finner i originalen, men med en hjelpemotor p\u00e5 35 kW bak i tillegg.<br \/>\nBatteri og frontmotor blir som p\u00e5 opphavet, og vi ser ikke bort fra at bilen<br \/>\nmed dette skal klare 40 mil rekkevidde, selv etter at den f\u00e5r tilf\u00f8rt en ekstra<br \/>\nmotor, med den tilleggsvekten dette medf\u00f8rer. <\/p>\n<p>Den tohjulsdrevne utgaven av Renault 4 er allerede i salg,<br \/>\nog det har kommet noen eksemplarer til landet allerede. Vi har ikke grunnlag for \u00e5 tippe n\u00e5r Savane<br \/>\nkommer, eller at produksjonsutgaven vil hete Savane, men vi tipper at Renault<br \/>\nstarter produksjon i l\u00f8pet av 2026, muligens s\u00e5 sent at de f\u00f8rste bilene f\u00f8rst<br \/>\nblir \u00e5 f\u00e5 rett etter at vi har skrevet 2027 i kalenderen. Bilen p\u00e5 bildene er en tidlig konseptbil, s\u00e5 hvordan den klarer seg skal vi ikke utbrodere s\u00e5 mye om, men hva med prisen?\u00a0<\/p>\n<p class=\"font-weight-bold m-font-weight-bold\" data-lab-font_weight=\"font-weight-bold\">Tja, hva kan en ekstra elmotor og litt tilleggsutstyr v\u00e6re verdt?<\/p>\n","protected":false},"excerpt":{"rendered":"Renault 4 Savane 4&#215;4:\u00a0 Bilen kommer f\u00f8rst om halvannet \u00e5r, men her har vi den med p\u00e5 stranda&hellip;\n","protected":false},"author":2,"featured_media":64216,"comment_status":"","ping_status":"","sticky":false,"template":"","format":"standard","meta":{"footnotes":""},"categories":[56],"tags":[8612,9312,60,61,267,8957,62,30,28,29,14,4119,9311],"class_list":{"0":"post-64215","1":"post","2":"type-post","3":"status-publish","4":"format-standard","5":"has-post-thumbnail","7":"category-naeringsliv","8":"tag-8612","9":"tag-4-savane-4x4","10":"tag-business","11":"tag-economy","12":"tag-elbil","13":"tag-firehjulsdrift","14":"tag-naeringsliv","15":"tag-no","16":"tag-norge","17":"tag-norway","18":"tag-nyheter","19":"tag-renault","20":"tag-tannistest"},"share_on_mastodon":{"url":"","error":""},"_links":{"self":[{"href":"https:\/\/www.europesays.com\/no\/wp-json\/wp\/v2\/posts\/64215","targetHints":{"allow":["GET"]}}],"collection":[{"href":"https:\/\/www.europesays.com\/no\/wp-json\/wp\/v2\/posts"}],"about":[{"href":"https:\/\/www.europesays.com\/no\/wp-json\/wp\/v2\/types\/post"}],"author":[{"embeddable":true,"href":"https:\/\/www.europesays.com\/no\/wp-json\/wp\/v2\/users\/2"}],"replies":[{"embeddable":true,"href":"https:\/\/www.europesays.com\/no\/wp-json\/wp\/v2\/comments?post=64215"}],"version-history":[{"count":0,"href":"https:\/\/www.europesays.com\/no\/wp-json\/wp\/v2\/posts\/64215\/revisions"}],"wp:featuredmedia":[{"embeddable":true,"href":"https:\/\/www.europesays.com\/no\/wp-json\/wp\/v2\/media\/64216"}],"wp:attachment":[{"href":"https:\/\/www.europesays.com\/no\/wp-json\/wp\/v2\/media?parent=64215"}],"wp:term":[{"taxonomy":"category","embeddable":true,"href":"https:\/\/www.europesays.com\/no\/wp-json\/wp\/v2\/categories?post=64215"},{"taxonomy":"post_tag","embeddable":true,"href":"https:\/\/www.europesays.com\/no\/wp-json\/wp\/v2\/tags?post=64215"}],"curies":[{"name":"wp","href":"https:\/\/api.w.org\/{rel}","templated":true}]}}