{"id":64297,"date":"2025-10-19T07:41:08","date_gmt":"2025-10-19T07:41:08","guid":{"rendered":"https:\/\/www.europesays.com\/no\/64297\/"},"modified":"2025-10-19T07:41:08","modified_gmt":"2025-10-19T07:41:08","slug":"politiet-i-troms-fyllebrak-fant-full-mann-liggende-i-storgata","status":"publish","type":"post","link":"https:\/\/www.europesays.com\/no\/64297\/","title":{"rendered":"Politiet i Troms, Fyllebr\u00e5k | Fant full mann liggende i Storgata"},"content":{"rendered":"\n<p>I tillegg til at en mann skal ha blitt <a href=\"https:\/\/www.nordlys.no\/slatt-i-ansiktet-i-storgata\/s\/5-34-2234118\" rel=\"Follow nofollow noopener\" target=\"_blank\">sl\u00e5tt til i Storgata<\/a> i Troms\u00f8 natt til s\u00f8ndag, hadde politiet i Troms f\u00f8lgende episoder \u00e5 hanskes med:<\/p>\n<p><b>00.25:<\/b> Mann i 30-\u00e5rene kranglet med d\u00f8rvakter p\u00e5 et utested i Troms\u00f8 og nektet \u00e5 forlate, if\u00f8lge politiet. &#8211; Vi har v\u00e6rt p\u00e5 stedet og bortvist den berusede mannen fra sentrum. Det gikk imidlertid ikke lang tid f\u00f8r samme person begynte \u00e5 krangle med d\u00f8rvakter p\u00e5 et annet utested. Blir innbrakt og satt i arrest. Anmeldes for brudd p\u00e5 politiets p\u00e5legg, melder operasjonsleder Christian Andreassen.<\/p>\n<p><b>01.06:<\/b> Politiet rapporterer om en beruset mann i 30-\u00e5rene som ble funnet liggende i Storgata. &#8211; Vurdert til ikke i stand til \u00e5 ta vare p\u00e5 seg selv. Blir innbrakt og satt i arrest, skriver Andreassen.<\/p>\n<p><b>01.33:<\/b> Ordensforstyrrelse p\u00e5 et utested i Storgata i Troms\u00f8. En beruset mann i 30-\u00e5rene oppf\u00f8rte seg utagerende mot politiet og endte i arresten. Anmeldes for ordensforstyrrelse.<\/p>\n<p><b>03.14: <\/b>En beruset mann i 20-\u00e5rene ble innbrakt og satt i arrest, etter at han nektet \u00e5 fjerne seg fra sentrum p\u00e5 politiets p\u00e5legg. Bakgrunnen var en ordensforstyrrelse. Blir anmeldt.<\/p>\n<p><b>03.16:<\/b> En politipatrulje i Harstad observerte to personer som var i ferd med \u00e5 havne i slagsm\u00e5l med hverandre. &#8211; Vi har avverget dette f\u00f8r noen ble sl\u00e5tt. Begge de to involverte, gutter i slutten av ten\u00e5rene, kommer til \u00e5 bli bortvist fra sentrum, skriver operasjonsleder Christian Andreassen i loggen. <\/p>\n","protected":false},"excerpt":{"rendered":"I tillegg til at en mann skal ha blitt sl\u00e5tt til i Storgata i Troms\u00f8 natt til s\u00f8ndag,&hellip;\n","protected":false},"author":2,"featured_media":64298,"comment_status":"","ping_status":"","sticky":false,"template":"","format":"standard","meta":{"footnotes":""},"categories":[10],"tags":[36,20,21,24,25,9321,15,22,23,13,30,28,29,14,16,563,1356,1510,26,27],"class_list":{"0":"post-64297","1":"post","2":"type-post","3":"status-publish","4":"format-standard","5":"has-post-thumbnail","7":"category-norge","8":"tag-art","9":"tag-breaking-news","10":"tag-breakingnews","11":"tag-featured-news","12":"tag-featurednews","13":"tag-fyllebrak","14":"tag-headlines","15":"tag-latest-news","16":"tag-latestnews","17":"tag-news","18":"tag-no","19":"tag-norge","20":"tag-norway","21":"tag-nyheter","22":"tag-overskrifter","23":"tag-politiet-i-troms","24":"tag-storgata","25":"tag-story","26":"tag-top-stories","27":"tag-topstories"},"share_on_mastodon":{"url":"","error":""},"_links":{"self":[{"href":"https:\/\/www.europesays.com\/no\/wp-json\/wp\/v2\/posts\/64297","targetHints":{"allow":["GET"]}}],"collection":[{"href":"https:\/\/www.europesays.com\/no\/wp-json\/wp\/v2\/posts"}],"about":[{"href":"https:\/\/www.europesays.com\/no\/wp-json\/wp\/v2\/types\/post"}],"author":[{"embeddable":true,"href":"https:\/\/www.europesays.com\/no\/wp-json\/wp\/v2\/users\/2"}],"replies":[{"embeddable":true,"href":"https:\/\/www.europesays.com\/no\/wp-json\/wp\/v2\/comments?post=64297"}],"version-history":[{"count":0,"href":"https:\/\/www.europesays.com\/no\/wp-json\/wp\/v2\/posts\/64297\/revisions"}],"wp:featuredmedia":[{"embeddable":true,"href":"https:\/\/www.europesays.com\/no\/wp-json\/wp\/v2\/media\/64298"}],"wp:attachment":[{"href":"https:\/\/www.europesays.com\/no\/wp-json\/wp\/v2\/media?parent=64297"}],"wp:term":[{"taxonomy":"category","embeddable":true,"href":"https:\/\/www.europesays.com\/no\/wp-json\/wp\/v2\/categories?post=64297"},{"taxonomy":"post_tag","embeddable":true,"href":"https:\/\/www.europesays.com\/no\/wp-json\/wp\/v2\/tags?post=64297"}],"curies":[{"name":"wp","href":"https:\/\/api.w.org\/{rel}","templated":true}]}}