{"id":64317,"date":"2025-10-19T08:09:09","date_gmt":"2025-10-19T08:09:09","guid":{"rendered":"https:\/\/www.europesays.com\/no\/64317\/"},"modified":"2025-10-19T08:09:09","modified_gmt":"2025-10-19T08:09:09","slug":"ny-reklame-skaper-forvirring-hennig-olsen-eller-henning-olsen","status":"publish","type":"post","link":"https:\/\/www.europesays.com\/no\/64317\/","title":{"rendered":"Ny reklame skaper forvirring: Hennig-Olsen eller Henning Olsen?"},"content":{"rendered":"\n<p class=\"_lead_o9xde_2 _lead_xtcu6_50 layout-component text-serif-m layout-normal text-serif-l layout-component layout-wide layout-padded _wide_17hqh_1 layout-padded\">Kundene tok kontakt etter f\u00e5 timer, bekrefter iskremprodusenten. \u2013\u2060\u00a0Jeg m\u00e5tte spole tilbake for \u00e5 se om jeg s\u00e5 riktig, forteller VG-tipser.<\/p>\n<p><img alt=\"SKRIVELEIF: Hennig har blitt til Henning i iskremprodusentens nye reklame.  Foto: Skjermbilde\/Hennig-Olsen Is\" class=\"_image_qp4xg_65 layout-component layout-wide\" data-fullscreen- data-track-element-type=\"Article image fullscreen\" data-track-name=\"ImageFullscreen\" fetchpriority=\"high\" decoding=\"sync\" loading=\"eager\" height=\"311\" itemprop=\"image\"  src=\"https:\/\/www.europesays.com\/no\/wp-content\/uploads\/2025\/10\/cdaf046c-d88e-4e88-a5ff-b85d767f343b\"  style=\"object-position:0% 0%\" width=\"584\"\/>SKRIVELEIF: Hennig har blitt til Henning i iskremprodusentens nye reklame.  Foto: Skjermbilde\/Hennig-Olsen Is<\/p>\n<ul aria-hidden=\"true\" class=\"_images_18f0k_111\">\n<li><a class=\"_link_18f0k_116\" href=\"https:\/\/www.vg.no\/forfatter\/bendik-hansen\" style=\"z-index:1\" title=\"Bendik Hansen\" rel=\"nofollow noopener\" target=\"_blank\"><img alt=\"Bilde av Bendik Hansen\" class=\"_image_18f0k_93\" fetchpriority=\"low\" loading=\"lazy\" decoding=\"async\" itemprop=\"image\"  src=\"https:\/\/www.europesays.com\/no\/wp-content\/uploads\/2025\/10\/1760861349_173_236bc5a3-2236-4046-b957-81f29d024aa6\"  width=\"480\"\/><\/a><\/li>\n<\/ul>\n<p> Oppdatert s\u00f8ndag 19. oktober kl. 08:44     <\/p>\n<p class=\"_paragraph_o9xde_4 _paragraph_xtcu6_10 layout-component text-serif-m layout-normal text-serif-m layout-padded\">Helt siden 1924 har <a href=\"https:\/\/www.vg.no\/tag\/hennig-olsen-is?utm_source=vg-article&amp;utm_medium=auto-tagger&amp;utm_campaign=kwA4yA\" class=\"_link_o9xde_39\" rel=\"nofollow noopener\" target=\"_blank\">Hennig-Olsen Is<\/a> laget det de mener er \u00abkremen av iskrem\u00bb. <\/p>\n<p class=\"_paragraph_o9xde_4 _paragraph_xtcu6_10 layout-component text-serif-m layout-normal text-serif-m layout-padded\">Kristiansand-bedriften styrer nesten halvparten av det norske iskremmarkedet, og har gjennom tidene blitt kjent b\u00e5de for isklassikere som Kaptein Sabeltann-is og SjokoKirs, men ogs\u00e5 for sitt noe uvanlige navn: <\/p>\n<p class=\"_paragraph_o9xde_4 _paragraph_xtcu6_10 layout-component text-serif-m layout-normal text-serif-m layout-padded\"><strong class=\"_strong_o9xde_25\">Hennig-Olsen. <\/strong><\/p>\n<p class=\"_paragraph_o9xde_4 _paragraph_xtcu6_10 layout-component text-serif-m layout-normal text-serif-m layout-padded\">Til forveksling likt det mer typiske navnet Henni<strong class=\"_strong_o9xde_25\">n<\/strong>g, men uten en<strong class=\"_strong_o9xde_25\"> <\/strong>tredje<strong class=\"_strong_o9xde_25\"> N<\/strong>. Inntil n\u00e5.<\/p>\n<p class=\"_paragraph_o9xde_4 _paragraph_xtcu6_10 layout-component text-serif-m layout-normal text-serif-m layout-padded\">L\u00f8rdag har VG f\u00e5tt flere tips fra oppmerksomme TV-seere som har bitt seg merke i en ny reklame fra isgiganten. Den er ikke til \u00e5 ta feil av: Hennig har blitt til Henning. Noen m\u00e5 ha tastet en N for mye.<\/p>\n<p class=\"_paragraph_o9xde_4 _paragraph_xtcu6_10 layout-component text-serif-m layout-normal text-serif-m layout-padded\">\u2013 For litt siden h\u00f8rte jeg p\u00e5 radioen at det heter Hennig-Olsen og at mange tar feil av det. Derfor s\u00e5 jeg n\u00f8ye p\u00e5 reklamen, forteller Berardeta Najduch-Sch\u00f8yen til VG. <\/p>\n<p class=\"_paragraph_o9xde_4 _paragraph_xtcu6_10 layout-component text-serif-m layout-normal text-serif-m layout-padded\">F\u00f8r var ogs\u00e5 Najduch-Sch\u00f8yen usikker p\u00e5 om det riktige var Hennig eller Henning, avsl\u00f8rer hun, men ikke n\u00e5 lenger. Hun sperret derfor opp \u00f8ynene da den nye iskrem-reklamen gikk mot slutten, og den velkjente r\u00f8de logoen dukket opp. <\/p>\n<p class=\"_paragraph_o9xde_4 _paragraph_xtcu6_10 layout-component text-serif-m layout-normal text-serif-m layout-padded\">Navnet var ikke til \u00e5 ta feil av:<\/p>\n<p class=\"_paragraph_o9xde_4 _paragraph_xtcu6_10 layout-component text-serif-m layout-normal text-serif-m layout-padded\">H-E-N-N-I-N-G  O-L-S-E-N<\/p>\n<p class=\"_paragraph_o9xde_4 _paragraph_xtcu6_10 layout-component text-serif-m layout-normal text-serif-m layout-padded\"><strong class=\"_strong_o9xde_25\">\u2013 Jeg m\u00e5tte spole tilbake for \u00e5 se om jeg s\u00e5 riktig! Det sto \u00abHenning\u00bb, sier hun entusiastisk, men kanskje ogs\u00e5 noe r\u00e5dvill.<\/strong><\/p>\n<p class=\"_paragraph_o9xde_4 _paragraph_xtcu6_10 layout-component text-serif-m layout-normal text-serif-m layout-padded\">Hun plukket derfor opp telefonen og sendte bilde av reklamen til venner. S\u00e5 sendte hun det til VG.<\/p>\n<p>Derfor heter produsenten Hennig-Olsen<\/p>\n<ul class=\"_list_o9xde_3 _list_xtcu6_9 _list_16v91_9 _unordered_o9xde_106 layout-component text-serif-m layout-normal text-sans-m layout-padded\">\n<li class=\"_item_o9xde_30\">Hennig-Olsen Is er en norsk familieeid iskremprodusent. <\/li>\n<li class=\"_item_o9xde_30\">Firmaet ble grunnlagt i 1924 i Kristiansand av <strong class=\"_strong_o9xde_25\">Sven Hennig-Olsen<\/strong>.<\/li>\n<li class=\"_item_o9xde_30\">Selskapet er den eldste iskremprodusenten i Norden, og en av f\u00e5 store bedrifter i n\u00e6ringsmiddelindustrien som fremdeles er privateid. <\/li>\n<li class=\"_item_o9xde_30\">Har siden 1960 produsert iskrem ved sin fabrikk i Hannevika utenfor Kristiansand, hvor de lager rundt 32 millioner liter iskrem hvert \u00e5r. <\/li>\n<li class=\"_item_o9xde_30\">Hennig-Olsen er, sammen med Diplom-Is, en av to store akt\u00f8rer innen iskremproduksjon i Norge. <\/li>\n<\/ul>\n<p class=\"_paragraph_o9xde_4 _paragraph_xtcu6_10 _paragraph_16v91_10 layout-component text-serif-m layout-normal text-sans-m layout-padded\">Kilde: Store Norske Leksikon<\/p>\n<p>Vis mer<img alt=\"Foto: Lise \u00c5serud \/ NTB\" class=\"_image_qp4xg_65 layout-component layout-normal\" data-fullscreen- data-track-element-type=\"Article image fullscreen\" data-track-name=\"ImageFullscreen\" decoding=\"async\" loading=\"lazy\" height=\"6000\" itemprop=\"image\"  src=\"https:\/\/www.europesays.com\/no\/wp-content\/uploads\/2025\/10\/e1ba0475-bad0-4ae3-97b1-57174b63fd7b\"  style=\"object-position:0% 0%\" width=\"4000\"\/>Foto: Lise \u00c5serud \/ NTBHennig-Olsen: \u2013 Tok kontakt etter tre timer<\/p>\n<p class=\"_paragraph_o9xde_4 _paragraph_xtcu6_10 layout-component text-serif-m layout-normal text-serif-m layout-padded\">If\u00f8lge Statistisk sentralbyr\u00e5 sitt navnes\u00f8k er det 93 som har Hennig som sitt etternavn. Til sammenligning er det 5221 personer i Norge som heter Henning. <\/p>\n<p class=\"_paragraph_o9xde_4 _paragraph_xtcu6_10 layout-component text-serif-m layout-normal text-serif-m layout-padded\">\u2013 Hele familien Hennig-Olsen og alle oss som jobber her er jo vant med at folk uttaler og skriver navnet v\u00e5rt p\u00e5 ulike m\u00e5ter, sier Marianne H\u00f8y Erikstad, markedsdirekt\u00f8r i Hennig-Olsen Is til VG.<\/p>\n<p class=\"_paragraph_o9xde_4 _paragraph_xtcu6_10 layout-component text-serif-m layout-normal text-serif-m layout-padded\">Da de skulle lansere en ny is tenkte de derfor: \u00abhvorfor ikke leke litt med det?\u00bb<\/p>\n<p class=\"_paragraph_o9xde_4 _paragraph_xtcu6_10 layout-component text-serif-m layout-normal text-serif-m layout-padded\"><strong class=\"_strong_o9xde_25\">\u2013 Vi var egentlig spente p\u00e5 hvor lang tid det ville ta f\u00f8r noen oppdaget det \u2013 men etter bare tre timer hadde folk allerede tatt kontakt. Det imponerte oss skikkelig, sier H\u00f8y Erikstad. <\/strong><\/p>\n<p class=\"_paragraph_o9xde_4 _paragraph_xtcu6_10 layout-component text-serif-m layout-normal text-serif-m layout-padded\">\u2013 N\u00e5 ringer de til og med til dere. <\/p>\n<p class=\"_paragraph_o9xde_4 _paragraph_xtcu6_10 layout-component text-serif-m layout-normal text-serif-m layout-padded\">Hun sier at familiebedriften synes det er fantastisk \u00e5 se at mange er like opptatt av detaljene som de p\u00e5 fabrikken nede i Kristiansand &#8211; som ogs\u00e5 er reklamens hovedpoeng. <\/p>\n<p class=\"_paragraph_o9xde_4 _paragraph_xtcu6_10 layout-component text-serif-m layout-normal text-serif-m layout-padded\">I videoen under f\u00e5r du tips til hvordan du kan lage hjemmelaget b\u00e5tis: <\/p>\n","protected":false},"excerpt":{"rendered":"Kundene tok kontakt etter f\u00e5 timer, bekrefter iskremprodusenten. \u2013\u2060\u00a0Jeg m\u00e5tte spole tilbake for \u00e5 se om jeg s\u00e5&hellip;\n","protected":false},"author":2,"featured_media":64318,"comment_status":"","ping_status":"","sticky":false,"template":"","format":"standard","meta":{"footnotes":""},"categories":[10],"tags":[20,21,24,25,15,9322,9323,331,22,23,13,30,28,29,14,16,26,27],"class_list":{"0":"post-64317","1":"post","2":"type-post","3":"status-publish","4":"format-standard","5":"has-post-thumbnail","7":"category-norge","8":"tag-breaking-news","9":"tag-breakingnews","10":"tag-featured-news","11":"tag-featurednews","12":"tag-headlines","13":"tag-hennig-olsen-is","14":"tag-iskrem","15":"tag-kristiansand","16":"tag-latest-news","17":"tag-latestnews","18":"tag-news","19":"tag-no","20":"tag-norge","21":"tag-norway","22":"tag-nyheter","23":"tag-overskrifter","24":"tag-top-stories","25":"tag-topstories"},"share_on_mastodon":{"url":"","error":""},"_links":{"self":[{"href":"https:\/\/www.europesays.com\/no\/wp-json\/wp\/v2\/posts\/64317","targetHints":{"allow":["GET"]}}],"collection":[{"href":"https:\/\/www.europesays.com\/no\/wp-json\/wp\/v2\/posts"}],"about":[{"href":"https:\/\/www.europesays.com\/no\/wp-json\/wp\/v2\/types\/post"}],"author":[{"embeddable":true,"href":"https:\/\/www.europesays.com\/no\/wp-json\/wp\/v2\/users\/2"}],"replies":[{"embeddable":true,"href":"https:\/\/www.europesays.com\/no\/wp-json\/wp\/v2\/comments?post=64317"}],"version-history":[{"count":0,"href":"https:\/\/www.europesays.com\/no\/wp-json\/wp\/v2\/posts\/64317\/revisions"}],"wp:featuredmedia":[{"embeddable":true,"href":"https:\/\/www.europesays.com\/no\/wp-json\/wp\/v2\/media\/64318"}],"wp:attachment":[{"href":"https:\/\/www.europesays.com\/no\/wp-json\/wp\/v2\/media?parent=64317"}],"wp:term":[{"taxonomy":"category","embeddable":true,"href":"https:\/\/www.europesays.com\/no\/wp-json\/wp\/v2\/categories?post=64317"},{"taxonomy":"post_tag","embeddable":true,"href":"https:\/\/www.europesays.com\/no\/wp-json\/wp\/v2\/tags?post=64317"}],"curies":[{"name":"wp","href":"https:\/\/api.w.org\/{rel}","templated":true}]}}