{"id":64457,"date":"2025-10-19T11:53:17","date_gmt":"2025-10-19T11:53:17","guid":{"rendered":"https:\/\/www.europesays.com\/no\/64457\/"},"modified":"2025-10-19T11:53:17","modified_gmt":"2025-10-19T11:53:17","slug":"truet-til-taushet","status":"publish","type":"post","link":"https:\/\/www.europesays.com\/no\/64457\/","title":{"rendered":"&#8211; Truet til taushet"},"content":{"rendered":"<p class=\"kicker \" style=\"\">Palestinske fanger sluppet fri:<\/p>\n<p>  Mens de israelske gislenes frigj\u00f8ring blir feiret over hele Israel, blir de l\u00f8slatte palestinske fangene &#8211; og deres familier &#8211; truet til stillhet.<\/p>\n<p>\n    HJELP OSS: Abdullah Al Zeghari leder Palestinian Prisoner Society, og f\u00f8lger opp de palestinske fangene som ble frigitt i forbindelse med v\u00e5penhvilen mellom Israel og palestinerne. &#8211; Palestinerne er endelig fri, men de er torturert og f\u00e5r n\u00e5 ikke lov til \u00e5 f\u00e5 bes\u00f8k av noen, sier Zeghari. Foto: J\u00f8rn H. Moen \/ Dagbladet\n  <\/p>\n<p>BETLEHEM (Dagbladet): Mandag i forrige uke ble 20 levende israelske gisler og n\u00e6r 2000 palestinske fanger omsider sluppet fri i forbindelse med v\u00e5penhvilen mellom Israel og palestinerne.\u00a0<\/p>\n<p>&#8211; Mens israelerne ble hentet hjem som helter, er palestinerne truet til taushet. De fire siste dagene f\u00f8r l\u00f8slatelsen ble de torturert og nektet mat. S\u00e5 fikk de beskjed om at om de tar imot bes\u00f8k av familie eller journalister, blir enten husene deres bombet &#8211; eller s\u00e5 blir de arrestert igjen, sier Abdullah Al Zeghari, lederen for <a href=\"https:\/\/www.ppsmo.ps\/\" rel=\"nofollow noopener\" target=\"_blank\">Palestinian Prisoner&#8217;s Society<\/a>\u00a0(PPS), til Dagbladet.<\/p>\n<p>          <img loading=\"lazy\" decoding=\"async\" src=\"https:\/\/www.europesays.com\/no\/wp-content\/uploads\/2025\/10\/83740062.webp\" width=\"686\" height=\"460\" title=\"LIGG LAVT: \u00c9n av de rundt 2000 palestinerne som ble l\u00f8slatt i forbindelse med v\u00e5penhvileavtalen i forrige uke. Flere av fangene ble torturert like f\u00f8r frigivelsen, if\u00f8lge Palestinian Prisoner Society. Denne fangen ble sluppet fri i Ramallah p\u00e5 Vestbredden mandag 13. oktober. Foto: Zain Jaafar \/ AFP \/ NTB\" alt=\"\" class=\"\" style=\"--aspect-ratio-image: 1.49; \"\/><\/p>\n<p>\n          LIGG LAVT: \u00c9n av de rundt 2000 palestinerne som ble l\u00f8slatt i forbindelse med v\u00e5penhvileavtalen i forrige uke. Flere av fangene ble torturert like f\u00f8r frigivelsen, if\u00f8lge Palestinian Prisoner Society. Denne fangen ble sluppet fri i Ramallah p\u00e5 Vestbredden mandag 13. oktober. Foto: Zain Jaafar \/ AFP \/ NTB\n      <\/p>\n<p>Radmager og torturert\t<\/p>\n<p>Han prater om gislene som er satt fri p\u00e5 Vestbredden. I Gaza har ikke Israel kontroll over de l\u00f8slatte fangene, som forteller grusomme historier om tortur, isolasjon og umenneskelig behandling i israelsk fangenskap.\u00a0<\/p>\n<p>Som 22-\u00e5rige\u00a0Mohammed al-Asaliya, intervjuet av <a href=\"https:\/\/www.theguardian.com\/world\/2025\/oct\/14\/freed-palestinians-describe-horrors-of-israeli-jail\" rel=\"nofollow noopener\" target=\"_blank\">The Guardian<\/a>. Al-Asaliya var 75 kilo da han ble arrestert, og var 42 kilo p\u00e5 sitt tynneste. Han ble l\u00f8slatt forrige mandag.<\/p>\n<p>&#8211; Det var et omr\u00e5de de kalte\u00a0\u00abdiskoet\u00bb, hvor de spilte h\u00f8y musikk kontinuerlig i to dager. De hang oss ogs\u00e5 opp p\u00e5 veggene og sprayet oss med kald luft og vann. Noen ganger kastet de chilipulver p\u00e5 fangene, sier han til den britiske avisa.<\/p>\n<p>          <img loading=\"lazy\" decoding=\"async\" src=\"https:\/\/www.europesays.com\/no\/wp-content\/uploads\/2025\/10\/83740084.webp\" width=\"686\" height=\"460\" title=\"OPPR\u00d8RT: - Ja, fangene er fri, men Israel nekter dem \u00e5 ta imot sine kj\u00e6re, selv om de har v\u00e6rt fra hverandre i mange ti\u00e5r. Helt uh\u00f8rt, sier fangesjefen Abdallah Al Zeghari. Foto: J\u00f8rn H. Moen \/ Dagbladet\" alt=\"\" class=\"\" style=\"--aspect-ratio-image: 1.49; \"\/><\/p>\n<p>\n          OPPR\u00d8RT: &#8211; Ja, fangene er fri, men Israel nekter dem \u00e5 ta imot sine kj\u00e6re, selv om de har v\u00e6rt fra hverandre i mange ti\u00e5r. Helt uh\u00f8rt, sier fangesjefen Abdallah Al Zeghari. Foto: J\u00f8rn H. Moen \/ Dagbladet\n      <\/p>\n<p>&#8211; Dra n\u00e5\t<\/p>\n<p>De siste dagene har Dagbladet fors\u00f8kt \u00e5 m\u00f8te noen av de l\u00f8slatte palestinske fangene p\u00e5 Vestbredden, men uten resultat.<\/p>\n<p>&#8211; Dessverre. Helt umulig. De l\u00f8slatte sier de ikke kan prate, at israelske soldater st\u00e5r utenfor husene deres og passer p\u00e5 at ingen kommer inn. De som har f\u00e5tt bes\u00f8k av familie har straks blitt ringt opp av israelsk milit\u00e6re med beskjed om at gjestene m\u00e5 dra med \u00e9n gang. Ellers blir huset deres bombet, blir Dagbladet fortalt av flere palestinske kilder.\u00a0<\/p>\n<p>    <a itemprop=\"url\" href=\"https:\/\/www.dagbladet.no\/nyheter\/grenselost-naivt\/83738778\" rel=\"nofollow noopener\" target=\"_blank\"><\/p>\n<p>      <img loading=\"lazy\" decoding=\"async\" src=\"https:\/\/www.europesays.com\/no\/wp-content\/uploads\/2025\/10\/1760874791_611_83738838.webp\" width=\"147\" height=\"98\" title=\"- Grensel\u00f8st naivt\" alt=\"\" class=\"lazyload\" style=\"--aspect-ratio-image: 1.50; \"\/><\/p>\n<p>        &#8211; Grensel\u00f8st naivt<\/p>\n<p>    <\/a><\/p>\n<p>Gjennom flere ti\u00e5r har palestineren Abdullah Al Zeghari ledet organisasjonen Palestinian Prisoner\u2019s Society. Hamas&#8217; terrorangrep i det s\u00f8rlige Israel 7. oktober 2023 har fullstendig endret m\u00e5ten palestinske fanger behandles p\u00e5.<\/p>\n<p>&#8211; Dette gjelder ikke bare i Gaza, men ogs\u00e5 p\u00e5 den israelsk-okkuperte Vestbredden. I fengsel ble de ofte nektet mat, torturert, utsatt for seksuelle overgrep og holdt i celler under bakken, sier Al Zeghari og fortsetter:<\/p>\n<p> &#8211; De siste to \u00e5ra har palestinske fanger v\u00e6rt fullstendig isolert fra omverden. De har ikke f\u00e5tt ta imot bes\u00f8k, ikke f\u00f8lge med p\u00e5 nyheter eller annet. Noen f\u00e5 har f\u00e5tt bes\u00f8k av advokat, men da har de blitt torturert i etterkant. N\u00e5, n\u00e5r de omsider er l\u00f8slatt, har flere f\u00e5tt hjemmene sine angrepet av israelsk milit\u00e6re om natta, sier Zeghari. <\/p>\n<p>          <img loading=\"lazy\" decoding=\"async\" src=\"https:\/\/www.europesays.com\/no\/wp-content\/uploads\/2025\/10\/83739978.webp\" width=\"686\" height=\"460\" title=\"SAMMEN IGJEN: En l\u00f8slatt palestinsk fange blir m\u00f8tt av slektninger da han ble satt fri i Gaza mandag i forrige uke. Foto: Jehad Alshrafi \/ Ap \/ NTB\" alt=\"\" class=\"\" style=\"--aspect-ratio-image: 1.49; \"\/><\/p>\n<p>\n          SAMMEN IGJEN: En l\u00f8slatt palestinsk fange blir m\u00f8tt av slektninger da han ble satt fri i Gaza mandag i forrige uke. Foto: Jehad Alshrafi \/ Ap \/ NTB\n      <\/p>\n<p>&#8211; Utstrakt tortur\t<\/p>\n<p>Den palestinske fangesjefen mener det internasjonale samfunnet m\u00e5 presse Israel s\u00e5nn at de l\u00f8slatte palestinerne kan f\u00e5 leve normale liv som frie mennesker.<\/p>\n<p>&#8211; Ja, de er fri n\u00e5. Men de l\u00f8slatte kvinnene, barna &#8211; og folk som har v\u00e6rt i fengsel i over 30 \u00e5r&#8230; At de fremdeles blir fullstendig kontrollert av Israel er absolutt ikke greit, sier Al Zeghari.\u00a0\u00a0<\/p>\n<p>Torsdag kom organisasjonen hans med en rapport om hvordan de l\u00f8slatte fangene hadde blitt behandlet i israelsk fangenskap: \u00abKrigsforbrytelser og systematisk tortur\u00bb, if\u00f8lge PPS.<\/p>\n<p>Ogs\u00e5 israelske organisasjoner som <a href=\"https:\/\/www.btselem.org\/publications\/202408_welcome_to_hell\" rel=\"nofollow noopener\" target=\"_blank\">B&#8217;Tselem<\/a> har kommet med rapporter om at tortur har \u00f8kt dramatisk mot palestinske fanger etter 7. oktober 2023. I rapporten\u00a0\u00abVelkommen til helvete\u00bb skriver B&#8217;Tselem at israelske fengsel er et\u00a0\u00abnettverk av torturkammere\u00bb. Den israelske regjeringen nekter for at tortur finner sted i fengslene.<\/p>\n<p class=\"font-weight-bold m-font-weight-bold\" data-lab-font_weight=\"font-weight-bold\">&#8211; Legene i Gaza fikk utlevert 120 d\u00f8de palestinske fanger, og har unders\u00f8kt disse. Flere var henrettet p\u00e5 kloss hold mens hendene var bakbundet, og med bind for \u00f8ynene, sier Al Zeghari.\u00a0<\/p>\n<p>    <a itemprop=\"url\" href=\"https:\/\/www.dagbladet.no\/meninger\/na-ma-verden-slippe-inn\/83737989\" rel=\"nofollow noopener\" target=\"_blank\"><\/p>\n<p>      <img loading=\"lazy\" decoding=\"async\" src=\"https:\/\/www.europesays.com\/no\/wp-content\/uploads\/2025\/10\/83736934.webp\" width=\"980\" height=\"441\" title=\"- N\u00e5 m\u00e5 verden slippe inn\" alt=\"\" class=\"lazyload\" style=\"--aspect-ratio-image: 2.22; \"\/><\/p>\n<p>        &#8211; N\u00e5 m\u00e5 verden slippe inn<\/p>\n<p>    <\/a><\/p>\n<p> Flere av de utleverte d\u00f8de var lemlestet etter \u00e5 ha \u00abblitt kj\u00f8rt over av bulldosere eller andre milit\u00e6re kj\u00f8ret\u00f8y\u00bb. Andre hadde brannskader &#8211; eller tegn p\u00e5 seksuelle overgrep. PPS mener ogs\u00e5 at Israel ikke vil utlevere 86 drepte fanger. 75 av disse har blitt drept siden 7. oktober 2023.<\/p>\n<p>&#8211; Israel utf\u00f8rer krigsforbrytelser og forbrytelser mot menneskeheten, og n\u00e5 m\u00e5 det internasjonale samfunnet gj\u00f8re mer for \u00e5 presse Israel. Det v\u00e5re palestinske fanger opplever, er grusomme overgrep som m\u00e5 stoppes, sier Zeghari.\u00a0<\/p>\n<p>          <img loading=\"lazy\" decoding=\"async\" src=\"https:\/\/www.europesays.com\/no\/wp-content\/uploads\/2025\/10\/83740317.webp\" width=\"686\" height=\"446\" title=\"I MIDT\u00d8STEN: Journalist Line Fransson og fotograf J\u00f8rn H. Moen er i Israel og Palestina. Foto: Privat\" alt=\"\" class=\"\" style=\"--aspect-ratio-image: 1.54; \"\/><\/p>\n<p>\n          I MIDT\u00d8STEN: Journalist Line Fransson og fotograf J\u00f8rn H. Moen er i Israel og Palestina. Foto: Privat\n      <\/p>\n<p>&#8211; Apartheid\t<\/p>\n<p>Han fortviler nok en gang over at palestinere som har opplevd overgrep i fangenskap n\u00e5 ikke kan feire at de er frie sammen med sine kj\u00e6re.<\/p>\n<p>    <a itemprop=\"url\" href=\"https:\/\/www.dagbladet.no\/nyheter\/ikke-ro-i-sjela-for-alle-gislene-er-tilbake\/83734063\" rel=\"nofollow noopener\" target=\"_blank\"><\/p>\n<p>      <img loading=\"lazy\" decoding=\"async\" src=\"https:\/\/www.europesays.com\/no\/wp-content\/uploads\/2025\/10\/83734218.webp\" width=\"980\" height=\"441\" title=\"- Ikke ro i sjela f\u00f8r alle gislene er tilbake\" alt=\"\" class=\"lazyload\" style=\"--aspect-ratio-image: 2.22; \"\/><\/p>\n<p>        &#8211; Ikke ro i sjela f\u00f8r alle gislene er tilbake<\/p>\n<p>    <\/a><\/p>\n<p> &#8211; Mens de israelske gislene ble sendt hjem i hvert sitt fly eller helikoptre, med tilgang til all psykososial og medisinsk hjelp, er de palestinske l\u00f8slatte i full israelsk kontroll. Alt er forbudt. Dette er apartheid, sier Al Zeghari.<\/p>\n<p>          <img loading=\"lazy\" decoding=\"async\" src=\"https:\/\/www.europesays.com\/no\/wp-content\/uploads\/2025\/10\/83740051.webp\" width=\"686\" height=\"460\" title=\"LEVDE I UVISSE: If\u00f8lge Knesset-politikeren Aida Touma-Suleiman, fikk flere av de l\u00f8slatte fangene til Gaza i fangenskap beskjed om at hele familien deres var drept. B\u00e5de kone og barn. Hjerter\u00e5tt og fullstendig uakseptabelt, sier hun til Dagbladet. Foto: Abdel Kareem Hana \/ Ap \/ NTB\" alt=\"\" class=\"\" style=\"--aspect-ratio-image: 1.49; \"\/><\/p>\n<p>\n          LEVDE I UVISSE: If\u00f8lge Knesset-politikeren Aida Touma-Suleiman, fikk flere av de l\u00f8slatte fangene til Gaza i fangenskap beskjed om at hele familien deres var drept. B\u00e5de kone og barn. Hjerter\u00e5tt og fullstendig uakseptabelt, sier hun til Dagbladet. Foto: Abdel Kareem Hana \/ Ap \/ NTB\n      <\/p>\n<p>Ogs\u00e5 den palestinsk-israelske Knesset-politikeren Aida Touma-Suleiman er oppr\u00f8rt over hvordan palestinske fanger blir behandlet &#8211; b\u00e5de i fangenskap og i frihet.<\/p>\n<p>&#8211; Flere palestinske fanger i Gaza fikk i israelske fengsel beskjed om at Israel hadde drept alle deres kj\u00e6re: Koner, foreldre og barn. Det g\u00e5r rett og slett ikke an, sier Touma-Suleiman til Dagbladet.\u00a0\u00a0<\/p>\n<p>          <img loading=\"lazy\" decoding=\"async\" src=\"https:\/\/www.europesays.com\/no\/wp-content\/uploads\/2025\/10\/83740262.webp\" width=\"686\" height=\"460\" title=\"OVERGREP: Den palestinske Knesset-politikeren Aida Touma-Suleiman er oppr\u00f8rt over hvordan palestinske fanger blir behandlet i israelske fengsler. Foto: J\u00f8rn H. Moen \/ Dagbladet\" alt=\"\" class=\"\" style=\"--aspect-ratio-image: 1.49; \"\/><\/p>\n<p>\n          OVERGREP: Den palestinske Knesset-politikeren Aida Touma-Suleiman er oppr\u00f8rt over hvordan palestinske fanger blir behandlet i israelske fengsler. Foto: J\u00f8rn H. Moen \/ Dagbladet\n      <\/p>\n<p>B\u00e5de Al Zeghari og Touma Suleiman understreker at det viktigste n\u00e5 er at\u00a0\u00abfolkemordet i Gaza\u00bb er over. Og at de rundt 2000 fangene er frie.\u00a0<\/p>\n<p>&#8211; Men det de har opplevd i fangenskap de siste to \u00e5rene, er veldig, veldig grusomt. Vi m\u00e5 heller ikke glemme at det er mer enn 10 000 flere palestinske fanger i israelske fengsel. Over 3600 av disse er uten lov og dom. 52 av dem er kvinner og 400 er barn, sier Al Zeghari og legger til:<\/p>\n<p>&#8211; Ja, rundt 2000 ble l\u00f8slatt n\u00e5, men vi mener at Israel arresterte mer enn 10 000 palestinere de siste to \u00e5ra. De er uskyldige sivile og m\u00e5 ogs\u00e5 slippes fri, sier Al Zeghari.\u00a0\u00a0<\/p>\n","protected":false},"excerpt":{"rendered":"Palestinske fanger sluppet fri: Mens de israelske gislenes frigj\u00f8ring blir feiret over hele Israel, blir de l\u00f8slatte palestinske&hellip;\n","protected":false},"author":2,"featured_media":64458,"comment_status":"","ping_status":"","sticky":false,"template":"","format":"standard","meta":{"footnotes":""},"categories":[12],"tags":[20,21,24,25,53,15,4856,22,23,13,30,28,29,14,16,26,27,412,42,43,44,45],"class_list":{"0":"post-64457","1":"post","2":"type-post","3":"status-publish","4":"format-standard","5":"has-post-thumbnail","7":"category-verden","8":"tag-breaking-news","9":"tag-breakingnews","10":"tag-featured-news","11":"tag-featurednews","12":"tag-gaza","13":"tag-headlines","14":"tag-israel-og-palestina","15":"tag-latest-news","16":"tag-latestnews","17":"tag-news","18":"tag-no","19":"tag-norge","20":"tag-norway","21":"tag-nyheter","22":"tag-overskrifter","23":"tag-top-stories","24":"tag-topstories","25":"tag-utenriks","26":"tag-verden","27":"tag-world","28":"tag-world-news","29":"tag-worldnews"},"share_on_mastodon":{"url":"","error":""},"_links":{"self":[{"href":"https:\/\/www.europesays.com\/no\/wp-json\/wp\/v2\/posts\/64457","targetHints":{"allow":["GET"]}}],"collection":[{"href":"https:\/\/www.europesays.com\/no\/wp-json\/wp\/v2\/posts"}],"about":[{"href":"https:\/\/www.europesays.com\/no\/wp-json\/wp\/v2\/types\/post"}],"author":[{"embeddable":true,"href":"https:\/\/www.europesays.com\/no\/wp-json\/wp\/v2\/users\/2"}],"replies":[{"embeddable":true,"href":"https:\/\/www.europesays.com\/no\/wp-json\/wp\/v2\/comments?post=64457"}],"version-history":[{"count":0,"href":"https:\/\/www.europesays.com\/no\/wp-json\/wp\/v2\/posts\/64457\/revisions"}],"wp:featuredmedia":[{"embeddable":true,"href":"https:\/\/www.europesays.com\/no\/wp-json\/wp\/v2\/media\/64458"}],"wp:attachment":[{"href":"https:\/\/www.europesays.com\/no\/wp-json\/wp\/v2\/media?parent=64457"}],"wp:term":[{"taxonomy":"category","embeddable":true,"href":"https:\/\/www.europesays.com\/no\/wp-json\/wp\/v2\/categories?post=64457"},{"taxonomy":"post_tag","embeddable":true,"href":"https:\/\/www.europesays.com\/no\/wp-json\/wp\/v2\/tags?post=64457"}],"curies":[{"name":"wp","href":"https:\/\/api.w.org\/{rel}","templated":true}]}}