{"id":64486,"date":"2025-10-19T12:46:12","date_gmt":"2025-10-19T12:46:12","guid":{"rendered":"https:\/\/www.europesays.com\/no\/64486\/"},"modified":"2025-10-19T12:46:12","modified_gmt":"2025-10-19T12:46:12","slug":"tyver-stjal-napoleons-smykker","status":"publish","type":"post","link":"https:\/\/www.europesays.com\/no\/64486\/","title":{"rendered":"Tyver stjal Napoleons smykker"},"content":{"rendered":"\n<p class=\"_lead_o9xde_2 _lead_xtcu6_50 layout-component text-serif-m layout-normal text-serif-l layout-component layout-wide layout-padded _wide_17hqh_1 layout-padded\">Flere maskerte menn br\u00f8t seg inn i det verdensber\u00f8mte Louvre-museet i Paris s\u00f8ndag morgen.<\/p>\n<p> <img class=\"_image_qp4xg_65 layout-component layout-wide\" data-fullscreen- data-track-element-type=\"Article image fullscreen\" data-track-name=\"ImageFullscreen\" fetchpriority=\"high\" decoding=\"sync\" loading=\"eager\" height=\"102\" itemprop=\"image\"  src=\"https:\/\/www.europesays.com\/no\/wp-content\/uploads\/2025\/10\/8bec6f904b8b7e98c1c7844af2116477.jpg\"  style=\"object-position:50% 50%;aspect-ratio:1.75;height:auto;object-fit:cover;width:100%\" width=\"102\"\/>  <\/p>\n<ul aria-hidden=\"true\" class=\"_images_18f0k_111\">\n<li><a class=\"_link_18f0k_116\" href=\"https:\/\/www.vg.no\/forfatter\/espen-sjoelingstad-hoen-foto\" style=\"z-index:1\" title=\"Espen Sj\u00f8lingstad Hoen\" rel=\"nofollow noopener\" target=\"_blank\"><img alt=\"Bilde av Espen Sj\u00f8lingstad Hoen\" class=\"_image_18f0k_93\" fetchpriority=\"low\" loading=\"lazy\" decoding=\"async\" itemprop=\"image\"  src=\"https:\/\/www.europesays.com\/no\/wp-content\/uploads\/2025\/10\/1760877969_697_57c8a5b7-0b4f-4e0f-a651-c1d92d62db42\"  width=\"480\"\/><\/a><\/li>\n<\/ul>\n<p> Oppdatert s\u00f8ndag 19. oktober kl. 13:05     <\/p>\n<p class=\"_paragraph_o9xde_4 _paragraph_xtcu6_10 layout-component text-serif-m layout-normal text-serif-m layout-padded\">De fullstendig maskerte mennene kom seg inn i bygningen fra Seine-siden, der det p\u00e5g\u00e5r byggearbeider. De tok en vareheis direkte opp til det aktuelle rommet i Apollon-galleriet. Tyvene var i f\u00f8lge flere franske medier utstyrt med sm\u00e5 motorsager. <\/p>\n<p class=\"_paragraph_o9xde_4 _paragraph_xtcu6_10 layout-component text-serif-m layout-normal text-serif-m layout-padded\">\u2013 De har stj\u00e5let uvurderlige juveler, sier Frankrikes innenriksminister Laurent Nu\u00f1ez til den franske radiokanalen France Inter, i f\u00f8lge avisen Le Parisien. <\/p>\n<p class=\"_paragraph_o9xde_4 _paragraph_xtcu6_10 layout-component text-serif-m layout-normal text-serif-m layout-padded\">Innenriksministeren, som har en fortid som blant annet politisjef i <a href=\"https:\/\/www.vg.no\/tag\/paris?utm_source=vg-article&amp;utm_medium=auto-tagger&amp;utm_campaign=alX115\" class=\"_link_o9xde_39\" rel=\"nofollow noopener\" target=\"_blank\">Paris<\/a> forteller videre at tyvene skal ha brukt rundt syv minutter, f\u00f8r de kom seg unna.<\/p>\n<ul class=\"_gallery_1qa3s_23\" tabindex=\"0\">\n<li class=\"_item_1qa3s_37\" data-index=\"0\"><img decoding=\"async\" class=\"_image_foru8_23 _articleGallery_foru8_39\" data-fullscreen- width=\"5677\" height=\"3785\" itemprop=\"image\" loading=\"lazy\"  src=\"https:\/\/www.europesays.com\/no\/wp-content\/uploads\/2025\/10\/bce60a1e-f02c-4e24-bd6a-33d5ebd5d713\"  style=\"object-position:50% 50%;aspect-ratio:var(--gallery-aspect-ratio, 16 \/ 9)\"\/>Foto: DIMITAR DILKOFF \/ AFP<\/li>\n<li class=\"_item_1qa3s_37\" data-index=\"1\"><img decoding=\"async\" class=\"_image_foru8_23 _articleGallery_foru8_39\" data-fullscreen- width=\"8640\" height=\"5760\" itemprop=\"image\" loading=\"lazy\"  src=\"https:\/\/www.europesays.com\/no\/wp-content\/uploads\/2025\/10\/bea13c9d-b942-4743-9e3c-a68892322969\"  style=\"object-position:50% 50%;aspect-ratio:var(--gallery-aspect-ratio, 16 \/ 9)\"\/>Foto: DIMITAR DILKOFF \/ AFP \/ NTB<\/li>\n<li class=\"_item_1qa3s_37\" data-index=\"2\"><img decoding=\"async\" class=\"_image_foru8_23 _articleGallery_foru8_39\" data-fullscreen- width=\"5568\" height=\"3712\" itemprop=\"image\" loading=\"lazy\"  src=\"https:\/\/www.europesays.com\/no\/wp-content\/uploads\/2025\/10\/94a920b2-3442-4cd8-8ee3-54d7ab62537f\"  style=\"object-position:50% 50%;aspect-ratio:var(--gallery-aspect-ratio, 16 \/ 9)\"\/>Foto: STEPHANE DE SAKUTIN \/ AFP \/ NTB<\/li>\n<\/ul>\n<p>Foto: DIMITAR DILKOFF \/ AFP<\/p>\n<p class=\"_paragraph_o9xde_4 _paragraph_xtcu6_10 layout-component text-serif-m layout-normal text-serif-m layout-padded\">Etter \u00e5 ha knust vinduer, gikk to menn inn i rommet mens en tredje ble st\u00e5ende utenfor. Tyvene tok med seg ni smykker fra samlingen til Napoleon og keiserinnen if\u00f8lge Le Parisien. Blant byttet var halskjeder, brosjer og diademer.<\/p>\n<p class=\"_paragraph_o9xde_4 _paragraph_xtcu6_10 layout-component text-serif-m layout-normal text-serif-m layout-padded\">\u2013 Et tyveri fant sted i morges ved \u00e5pningen av Louvre. Ingen er skadet. Jeg er p\u00e5 stedet sammen med museets ansatte og politiet. Unders\u00f8kelser p\u00e5g\u00e5r, skriver kulturminister Rachida Dati p\u00e5 X.  <\/p>\n<p class=\"_paragraph_o9xde_4 _paragraph_xtcu6_10 layout-component text-serif-m layout-normal text-serif-m layout-padded\">If\u00f8lge Le Parisien flyktet tyvene p\u00e5 en TMax-scooter i retning av motorveien A6. <\/p>\n<p class=\"_paragraph_o9xde_4 _paragraph_xtcu6_10 layout-component text-serif-m layout-normal text-serif-m layout-padded\">Museet har stengt d\u00f8rene for resten av dagen p\u00e5 grunn av hendelsen, melder\u00a0<a href=\"https:\/\/www.bfmtv.com\/police-justice\/pas-de-blesses-a-deplorer-rachida-dati-annonce-qu-un-braquage-a-eu-lieu-au-louvre-le-musee-ferme-pour-la-journee_AN-202510190155.html\" class=\"_link_o9xde_39\" rel=\"nofollow noopener\" target=\"_blank\">BFMTV<\/a>.<\/p>\n<p class=\"_paragraph_o9xde_4 _paragraph_xtcu6_10 layout-component text-serif-m layout-normal text-serif-m layout-padded\">Ingen personer ble skadet under tyveriet, opplyser Frankrikes kulturminister Rachida Dati p\u00e5 X.<\/p>\n<p class=\"_root_1xq52_1\" lang=\"fr\" dir=\"auto\">Un braquage a eu lieu ce matin \u00e0 l\u2019ouverture du <a href=\"https:\/\/x.com\/MuseeLouvre\" class=\"_root_eihfa_1\" target=\"_blank\" rel=\"noopener noreferrer nofollow\">@MuseeLouvre<\/a>. Pas de bless\u00e9s \u00e0 d\u00e9plorer. Je suis sur place aux cot\u00e9s des \u00e9quipes du mus\u00e9e et de la police. Constatations en cours.<\/p>\n<p class=\"_root_1xq52_1\" lang=\"fr\" dir=\"auto\">\u26a0\ufe0f\ud83c\uddeb\ud83c\uddf7 Le mus\u00e9e du Louvre restera ferm\u00e9 aujourd&#8217;hui pour raisons exceptionnelles.<br \/>\n\u2234<br \/>\n\u26a0\ufe0f\ud83c\udf0d The Mus\u00e9e du Louvre will remain closed today for exceptional reasons. <\/p>\n<p>      <img decoding=\"async\" alt=\"Tips oss illustrasjon\" width=\"62px\" height=\"auto\" src=\"https:\/\/www.europesays.com\/no\/wp-content\/uploads\/2025\/08\/1754784428_95_W9avJzE.png\"\/>    <\/p>\n<p class=\"title-serif-s\">Har du tips til oss?<\/p>\n<p class=\"text-sans-m\">Send oss informasjon, bilder eller video<\/p>\n<p>  <a href=\"https:\/\/www.vg.no\/tips-oss\" rel=\"nofollow noopener\" target=\"_blank\"> Tips oss <\/a>      <\/p>\n","protected":false},"excerpt":{"rendered":"Flere maskerte menn br\u00f8t seg inn i det verdensber\u00f8mte Louvre-museet i Paris s\u00f8ndag morgen. Oppdatert s\u00f8ndag 19. oktober&hellip;\n","protected":false},"author":2,"featured_media":64487,"comment_status":"","ping_status":"","sticky":false,"template":"","format":"standard","meta":{"footnotes":""},"categories":[5],"tags":[31,20,21,24,25,15,19,22,23,9342,17,18,9344,9343,13,30,28,29,14,16,3140,3878,26,27],"class_list":{"0":"post-64486","1":"post","2":"type-post","3":"status-publish","4":"format-standard","5":"has-post-thumbnail","7":"category-overskrifter","8":"tag-breaking","9":"tag-breaking-news","10":"tag-breakingnews","11":"tag-featured-news","12":"tag-featurednews","13":"tag-headlines","14":"tag-hovedoppslag","15":"tag-latest-news","16":"tag-latestnews","17":"tag-louvre","18":"tag-main-news","19":"tag-mainnews","20":"tag-museer","21":"tag-napoleon","22":"tag-news","23":"tag-no","24":"tag-norge","25":"tag-norway","26":"tag-nyheter","27":"tag-overskrifter","28":"tag-paris","29":"tag-ran","30":"tag-top-stories","31":"tag-topstories"},"share_on_mastodon":{"url":"","error":""},"_links":{"self":[{"href":"https:\/\/www.europesays.com\/no\/wp-json\/wp\/v2\/posts\/64486","targetHints":{"allow":["GET"]}}],"collection":[{"href":"https:\/\/www.europesays.com\/no\/wp-json\/wp\/v2\/posts"}],"about":[{"href":"https:\/\/www.europesays.com\/no\/wp-json\/wp\/v2\/types\/post"}],"author":[{"embeddable":true,"href":"https:\/\/www.europesays.com\/no\/wp-json\/wp\/v2\/users\/2"}],"replies":[{"embeddable":true,"href":"https:\/\/www.europesays.com\/no\/wp-json\/wp\/v2\/comments?post=64486"}],"version-history":[{"count":0,"href":"https:\/\/www.europesays.com\/no\/wp-json\/wp\/v2\/posts\/64486\/revisions"}],"wp:featuredmedia":[{"embeddable":true,"href":"https:\/\/www.europesays.com\/no\/wp-json\/wp\/v2\/media\/64487"}],"wp:attachment":[{"href":"https:\/\/www.europesays.com\/no\/wp-json\/wp\/v2\/media?parent=64486"}],"wp:term":[{"taxonomy":"category","embeddable":true,"href":"https:\/\/www.europesays.com\/no\/wp-json\/wp\/v2\/categories?post=64486"},{"taxonomy":"post_tag","embeddable":true,"href":"https:\/\/www.europesays.com\/no\/wp-json\/wp\/v2\/tags?post=64486"}],"curies":[{"name":"wp","href":"https:\/\/api.w.org\/{rel}","templated":true}]}}