{"id":64521,"date":"2025-10-19T14:09:09","date_gmt":"2025-10-19T14:09:09","guid":{"rendered":"https:\/\/www.europesays.com\/no\/64521\/"},"modified":"2025-10-19T14:09:09","modified_gmt":"2025-10-19T14:09:09","slug":"seksbarnspappa-gunnar-greve-hylles-av-kona","status":"publish","type":"post","link":"https:\/\/www.europesays.com\/no\/64521\/","title":{"rendered":"Seksbarnspappa Gunnar Greve hylles av kona:"},"content":{"rendered":"<p class=\"kicker \" style=\"\">Seksbarnspappa Gunnar Greve hylles av kona<\/p>\n<p>  Gunnar Greve tok med seg kone og barn \u2013 og et filmteam \u2013 da han ble hedret i f\u00f8debyen<\/p>\n<p>\n    FAMILIETUR: Gunnar Greve hadde med seg kona Henny og yngstedatter Heddy, f\u00f8dt 26. mai i \u00e5r, hjem til Bergen og N\u00f8steboden da han ble hedret p\u00e5 beste vis. Foto: Bent Are Sigvaldsen\n  <\/p>\n<p>Musikkmogul <a href=\"https:\/\/www.seher.no\/kjendis\/ble-pappa-for-6-gang\/83142476\" rel=\"nofollow noopener\" target=\"_blank\">Gunnar Greve<\/a> (43) har hele verden som sitt nedslagsfelt, og f\u00e5r sjelden mye tid i sin f\u00f8deby Bergen.\u00a0<\/p>\n<p>Men da han fikk sin \u00e6restein i \u00abBergen Walk Of Fame\u00bb i N\u00f8stegaten, var det ingenting som fikk komme i veien.<\/p>\n<p>    <a itemprop=\"url\" href=\"https:\/\/www.seher.no\/kjendis\/en-kjaerlighet-som-varer-for-alltid\/83731755\" rel=\"nofollow noopener\" target=\"_blank\"><\/p>\n<p>      <img loading=\"lazy\" decoding=\"async\" src=\"https:\/\/www.europesays.com\/no\/wp-content\/uploads\/2025\/10\/83731823.webp\" width=\"147\" height=\"98\" title=\"- En kj\u00e6rlighet som varer for alltid\" alt=\"\" class=\"lazyload\" style=\"--aspect-ratio-image: 1.50; \"\/><\/p>\n<p>        &#8211; En kj\u00e6rlighet som varer for alltid<\/p>\n<p>    <\/a><\/p>\n<p class=\"font-weight-bold m-font-weight-bold\" data-lab-font_weight=\"font-weight-bold\">&#8211; Dette er kjempestas. Jeg er altfor sjelden i Bergen, men dette er en god grunn til \u00e5 komme hjem, sl\u00e5r Gunnar Greve fast.<\/p>\n<p>D\u00f8gnet har ofte ikke nok timer for den n\u00e5 Oslo-bosatte bergenseren.<\/p>\n<p>          <img loading=\"lazy\" decoding=\"async\" src=\"https:\/\/www.europesays.com\/no\/wp-content\/uploads\/2025\/10\/83714900.webp\" width=\"686\" height=\"1029\" title=\"STOR STAS: N\u00e5 ligger ogs\u00e5 Gunnar Greves navn forsteinet i N\u00f8stegaten, i likhet med flere andre som har satt Bergen p\u00e5 kartet. Foto: Bent Are Sigvaldsen\" alt=\"\" class=\"\" style=\"--aspect-ratio-image: 0.67; \"\/><\/p>\n<p>\n          STOR STAS: N\u00e5 ligger ogs\u00e5 Gunnar Greves navn forsteinet i N\u00f8stegaten, i likhet med flere andre som har satt Bergen p\u00e5 kartet. Foto: Bent Are Sigvaldsen\n      <\/p>\n<p>&#8211; N\u00e5 har jeg seks barn, og s\u00e5 har jeg noen kontinenter \u00e5 reise rundt p\u00e5 sammen med Alan og alle aktivitetene v\u00e5re, forklarer den travle manageren.<\/p>\n<p>        NEI TAKK: Frieren fors\u00f8ker \u00e5 sette inn st\u00f8tet p\u00e5 \u00abJakten\u00bb-bonden Cornelia, men det g\u00e5r ikke helt som planlagt. Video: \u00abJakten p\u00e5 kj\u00e6rligheten\u00bb\/ TV 2\/ R\u00f8d L\u00f8per<\/p>\n<p>I 2015 signerte han og musikkselskapet hans MER den da 18 \u00e5r gamle artisten Alan Walker (27).\u00a0<\/p>\n<p>Hans f\u00f8rste singel \u00abFaded\u00bb, som Gunnar Greve ogs\u00e5 er en av l\u00e5tskriverne p\u00e5, solgte gull og platina i totalt 23 land. Samarbeidet har gjort begge to til mangemillion\u00e6rer.<\/p>\n<p>          <img loading=\"lazy\" decoding=\"async\" src=\"https:\/\/www.europesays.com\/no\/wp-content\/uploads\/2025\/10\/83714908.webp\" width=\"686\" height=\"536\" title=\"IDOL-PROFIL: I fem sesonger var Gunnar Greve en av dommerne i \u00abIdol\u00bb, her sammen med sine tre kolleger i panelet, Kurt Nilsen, Tone Damli og Espen Selvig, i 2013. Foto: TV 2\" alt=\"\" class=\"\" style=\"--aspect-ratio-image: 1.28; \"\/><\/p>\n<p>\n          IDOL-PROFIL: I fem sesonger var Gunnar Greve en av dommerne i \u00abIdol\u00bb, her sammen med sine tre kolleger i panelet, Kurt Nilsen, Tone Damli og Espen Selvig, i 2013. Foto: TV 2\n      <\/p>\n<p>Familien hans skulle med andre ord v\u00e6re godt sikret.\u00a0<\/p>\n<p>Den sprudlende \u00abSpetakkel\u00bb-rapperen og \u00abIdol\u00bb-dommeren har i en alder av 43 \u00e5r rukket \u00e5 bli seksbarnsfar.\u00a0<\/p>\n<p>De fire yngste har han sammen med kona Henny Stenshaug Greve (31), som ogs\u00e5 var med til Bergen \u2013 sammen med deres yngste datter, Heddy, som kom til verden i rekordfart \u2013 en halvtime \u2013 26. mai i \u00e5r.<\/p>\n<p>        RASER: Cristian Brennhovd f\u00e5r et raseriutbrudd i \u00abNorges dummeste\u00bb etter at en \u00abavtale\u00bb med Frank L\u00f8ke g\u00e5r i vasken. Video: Thea Hope \/ Sanne Holt \/ TV 2<\/p>\n<p>Henny er full av lovord om sin be\u00e6rede ektemann \u2013 ikke minst som sm\u00e5barnspappa.<\/p>\n<p>&#8211; Han er helt utmerket. Det er jo en grunn til at jeg har valgt \u00e5 f\u00e5 s\u00e5 mange barn med ham. Det burde v\u00e6re den beste bekreftelsen p\u00e5 at han er en supergod pappa. <\/p>\n<p>          <img loading=\"lazy\" decoding=\"async\" src=\"https:\/\/www.europesays.com\/no\/wp-content\/uploads\/2025\/10\/83714914.webp\" width=\"686\" height=\"892\" title=\"TRUDE-KLEM: Allestedsv\u00e6rende Trude Drevland (78) fikk \u00e6ren av \u00e5 dele ut diplomene, og fikk en varm klem av Gunnar Greve. Foto: Bent Are Sigvaldsen\" alt=\"\" class=\"\" style=\"--aspect-ratio-image: 0.77; \"\/><\/p>\n<p>\n          TRUDE-KLEM: Allestedsv\u00e6rende Trude Drevland (78) fikk \u00e6ren av \u00e5 dele ut diplomene, og fikk en varm klem av Gunnar Greve. Foto: Bent Are Sigvaldsen\n      <\/p>\n<p class=\"italic m-italic\" data-lab-italic=\"italic\">&#8211; Hvordan vil du beskrive ham som pappa?<\/p>\n<p class=\"font-weight-bold m-font-weight-bold\" data-lab-font_weight=\"font-weight-bold\">&#8211; Omtenksom, leken, herlig og snill. Han gir barna og meg alt, egentlig. Han setter oss alltid f\u00f8rst. Og han er en god oppdrager, det er jo v\u00e5r fremste oppgave. Han vet \u00e5 sette barna p\u00e5 plass n\u00e5r det trengs, sier Henny med et smil.<\/p>\n<p>De giftet seg hjemme i Holmenkollen i fjor h\u00f8st, med p\u00e5f\u00f8lgende feiring i Lake Nona i Florida, hvor de ogs\u00e5 har en residens.<\/p>\n<p>Gunnar vil ha godgjengen sin med seg s\u00e5 ofte og s\u00e5 n\u00e6r som mulig.<\/p>\n<p class=\"font-weight-bold m-font-weight-bold\" data-lab-font_weight=\"font-weight-bold\">\u2013 Det er ikke mange som klarer \u00e5 leve med meg. Men det gj\u00f8r Henny. Og s\u00e5 har hun til og med forpliktet seg til \u00e5 gj\u00f8re det resten av livet, p\u00e5 godt og vondt, sier Gunnar \u2013 full av lovord om kvinnen i sitt liv.<\/p>\n<p>    <a itemprop=\"url\" href=\"https:\/\/www.seher.no\/kjendis\/har-mye-a-fortelle\/83724755\" rel=\"nofollow noopener\" target=\"_blank\"><\/p>\n<p>      <img loading=\"lazy\" decoding=\"async\" src=\"https:\/\/www.europesays.com\/no\/wp-content\/uploads\/2025\/10\/1760882949_556_83724589.webp\" width=\"147\" height=\"98\" title=\"- Har mye \u00e5 fortelle\" alt=\"\" class=\"lazyload\" style=\"--aspect-ratio-image: 1.50; \"\/><\/p>\n<p>        &#8211; Har mye \u00e5 fortelle<\/p>\n<p>    <\/a><\/p>\n<p>\u2013 En enest\u00e5ende kone og verdens beste mor \u2013 og en helt unik bestevenninne og kollega!<\/p>\n<p>Med p\u00e5 ferden til Bergen var ogs\u00e5 et lite filmteam, som i det siste har filmet det meste av det Gunnar Greve har bedrevet.<\/p>\n<p>\u2013 Ja, det blir en dokumentar, men den er det for tidlig \u00e5 si noe om n\u00e5, sier bergenseren hemmelighetsfullt.<\/p>\n","protected":false},"excerpt":{"rendered":"Seksbarnspappa Gunnar Greve hylles av kona Gunnar Greve tok med seg kone og barn \u2013 og et filmteam&hellip;\n","protected":false},"author":2,"featured_media":64522,"comment_status":"","ping_status":"","sticky":false,"template":"","format":"standard","meta":{"footnotes":""},"categories":[58],"tags":[4104,71,9347,479,30,28,29,9346,72],"class_list":{"0":"post-64521","1":"post","2":"type-post","3":"status-publish","4":"format-standard","5":"has-post-thumbnail","7":"category-underholdning","8":"tag-eksklusivt","9":"tag-entertainment","10":"tag-gunnar-greve","11":"tag-kjendis","12":"tag-no","13":"tag-norge","14":"tag-norway","15":"tag-seks-barn","16":"tag-underholdning"},"share_on_mastodon":{"url":"","error":""},"_links":{"self":[{"href":"https:\/\/www.europesays.com\/no\/wp-json\/wp\/v2\/posts\/64521","targetHints":{"allow":["GET"]}}],"collection":[{"href":"https:\/\/www.europesays.com\/no\/wp-json\/wp\/v2\/posts"}],"about":[{"href":"https:\/\/www.europesays.com\/no\/wp-json\/wp\/v2\/types\/post"}],"author":[{"embeddable":true,"href":"https:\/\/www.europesays.com\/no\/wp-json\/wp\/v2\/users\/2"}],"replies":[{"embeddable":true,"href":"https:\/\/www.europesays.com\/no\/wp-json\/wp\/v2\/comments?post=64521"}],"version-history":[{"count":0,"href":"https:\/\/www.europesays.com\/no\/wp-json\/wp\/v2\/posts\/64521\/revisions"}],"wp:featuredmedia":[{"embeddable":true,"href":"https:\/\/www.europesays.com\/no\/wp-json\/wp\/v2\/media\/64522"}],"wp:attachment":[{"href":"https:\/\/www.europesays.com\/no\/wp-json\/wp\/v2\/media?parent=64521"}],"wp:term":[{"taxonomy":"category","embeddable":true,"href":"https:\/\/www.europesays.com\/no\/wp-json\/wp\/v2\/categories?post=64521"},{"taxonomy":"post_tag","embeddable":true,"href":"https:\/\/www.europesays.com\/no\/wp-json\/wp\/v2\/tags?post=64521"}],"curies":[{"name":"wp","href":"https:\/\/api.w.org\/{rel}","templated":true}]}}