{"id":64536,"date":"2025-10-19T14:23:21","date_gmt":"2025-10-19T14:23:21","guid":{"rendered":"https:\/\/www.europesays.com\/no\/64536\/"},"modified":"2025-10-19T14:23:21","modified_gmt":"2025-10-19T14:23:21","slug":"annema-yuvali-vil-fri-mot-betaling","status":"publish","type":"post","link":"https:\/\/www.europesays.com\/no\/64536\/","title":{"rendered":"AnneMa Yuvali vil fri mot betaling"},"content":{"rendered":"<p class=\"kicker \" style=\"\">AnneMa Yvuali:<\/p>\n<p>  Realitystjernen AnneMa vekker oppsikt etter det opprivende bruddet med D\u00fcndar.<\/p>\n<p>\n    FRISKT MOT: AnneMa med overraskende tilbud p\u00e5 sin Instagram-side Foto: Shad Madian \/ Se og H\u00f8r\n  <\/p>\n<p>Realitystjernen <a href=\"https:\/\/www.seher.no\/kjendis\/dumpet-ektemannen-og-kiloene\/83306250\" rel=\"nofollow noopener\" target=\"_blank\">AnneMa Yuvali <\/a>har funnet en ny m\u00e5te \u00e5 tjene penger p\u00e5 \u2013 og<br \/>\nn\u00e5 f\u00e5r hun oppmerksomhet for sin kreative tjeneste p\u00e5 sosiale medier.<\/p>\n<p>P\u00e5<br \/>\nsin Instagram-side tilbyr hun n\u00e5 personlige videohilsener p\u00e5 bestilling,<br \/>\nder hun skreddersyr b\u00e5de antrekk og stil etter anledningen.<\/p>\n<p>    <a itemprop=\"url\" href=\"https:\/\/www.seher.no\/kjendis\/tvunget-til-a-svare-nei\/83736915\" rel=\"nofollow noopener\" target=\"_blank\"><\/p>\n<p>      <img loading=\"lazy\" decoding=\"async\" src=\"https:\/\/www.europesays.com\/no\/wp-content\/uploads\/2025\/10\/83525440.webp\" width=\"980\" height=\"441\" title=\"Tvunget til \u00e5 svare nei\" alt=\"\" class=\"lazyload\" style=\"--aspect-ratio-image: 2.22; \"\/><\/p>\n<p>        Tvunget til \u00e5 svare nei<\/p>\n<p>    <\/a><\/p>\n<p>Sp\u00f8r om date\t<\/p>\n<p>I<br \/>\ninnlegget, som hun har tagget med blant annet #PartyLykke, #DateVibes<br \/>\nog #JulebordGlede, har hun lagt ved en detaljert prisliste for ulike<br \/>\ntyper oppdrag:<\/p>\n<p class=\"font-weight-bold m-font-weight-bold\" data-lab-font_weight=\"font-weight-bold\">Det som kanskje vekker mest oppsikt er at AnneMa kan sp\u00f8rre om en date &#8211; p\u00e5 vegne av deg.<\/p>\n<p>N\u00e5r vi tar kontakt med AnneMa p\u00e5 telefon og sp\u00f8r hvor mange dater hun har formidlet kommer svaret kjapt:<\/p>\n<p class=\"font-weight-bold m-font-weight-bold\" data-lab-font_weight=\"font-weight-bold\">&#8211; Ingen s\u00e5 langt, men jeg har en gang ymtet om at det er en nabo i et gult hus som er interessert, sier AnneMa p\u00e5 sin velkjente dialekt til Se og H\u00f8r.<\/p>\n<p>    <a itemprop=\"url\" href=\"https:\/\/www.seher.no\/kjendis\/ferdig-med-det\/83734134\" rel=\"nofollow noopener\" target=\"_blank\"><\/p>\n<p>      <img loading=\"lazy\" decoding=\"async\" src=\"https:\/\/www.europesays.com\/no\/wp-content\/uploads\/2025\/10\/83734152.webp\" width=\"980\" height=\"441\" title=\"- Ferdig med det\" alt=\"\" class=\"lazyload\" style=\"--aspect-ratio-image: 2.22; \"\/><\/p>\n<p>        &#8211; Ferdig med det<\/p>\n<p>    <\/a><\/p>\n<p>Hun \u00e5pner ogs\u00e5 for \u00e5 formidle frieri p\u00e5 vegne av menn og kvinner som ikke t\u00f8r sp\u00f8rre selv.<\/p>\n<p>&#8211; Klart jeg kan fri for folk, men der g\u00e5r grensen. Jeg vil aldri godta slibrigheter. Men selvf\u00f8lgelig med god humor og morsomheter, om kunden \u00f8nsker det, sier AnneMa.<\/p>\n<p>Video-frieriet, som hun kan fremf\u00f8re p\u00e5 vegne av andre, vil trolig bli husket resten av livet!<\/p>\n<p>          <img loading=\"lazy\" decoding=\"async\" src=\"https:\/\/www.europesays.com\/no\/wp-content\/uploads\/2025\/10\/83586211.webp\" width=\"686\" height=\"611\" title=\"AVBILDET SAMMEN: AnneMa og Dundar fotografert i Tyrkia forrige m\u00e5ned. Eksteskapet sto ikke til \u00e5 redde. Foto: All Over\/Eksklusivt\" alt=\"\" class=\"\" style=\"--aspect-ratio-image: 1.12; \"\/><\/p>\n<p>\n          AVBILDET SAMMEN: AnneMa og Dundar fotografert i Tyrkia forrige m\u00e5ned. Eksteskapet sto ikke til \u00e5 redde. Foto: All Over\/Eksklusivt\n      <\/p>\n<p>&#8211; Det vil bli et veldig originalt friere, og ikke alt for seri\u00f8st. Jeg g\u00e5r ikke ned p\u00e5 kne. Og jeg gir ingen garanti for positivt svar. Den som blir spurt m\u00e5 ringe frieren personlig. Jeg er bare budbringer! sier AnneMa &#8211; og fortsetter:<br \/>&#8211; Og det er viktig \u00e5 poengtere at det er kunden selv som bestemmer hva jeg skal si og p\u00e5 hvilken m\u00e5te, understreker AnneMa.<\/p>\n<p>          <img loading=\"lazy\" decoding=\"async\" src=\"https:\/\/www.europesays.com\/no\/wp-content\/uploads\/2025\/10\/83554818.webp\" width=\"686\" height=\"385\" title=\"DYRISK TOPP: Her er AnneMa Yuvali foreviget i leopard fra h\u00f8stlanseringen til TV 2 i Bergen. N\u00e5 avsl\u00f8rer hun ny planer p\u00e5 Instagram. Foto: H\u00f8stlansering TV2 Bergen. Foto: Andreas Fadum\" alt=\"\" class=\"\" style=\"--aspect-ratio-image: 1.78; \"\/><\/p>\n<p>\n          DYRISK TOPP: Her er AnneMa Yuvali foreviget i leopard fra h\u00f8stlanseringen til TV 2 i Bergen. N\u00e5 avsl\u00f8rer hun ny planer p\u00e5 Instagram. Foto: H\u00f8stlansering TV2 Bergen. Foto: Andreas Fadum\n      <\/p>\n<p>\u00c9n sjel som klaget\t<\/p>\n<p>AnneMa stortrives med sin nye hobby, som b\u00e5de sprer glede og gir litt mynt i kassen:<br \/>&#8211; Jeg har f\u00e5tt veldig mange tilbakemeldinger, utelukkende 100 prosent positive tilbakemeldinger! Men var \u00e9n sjel som klaget. Men han hadde ikke gitt meg den informasjonen han \u00f8nsket jeg skulle formidle. Neste gang f\u00e5r han gj\u00f8re det selv. Han ville ha pengene igjen &#8211; og det fikk han, sier AnneMa og ler.<\/p>\n<p>        F\u00d8LGER SKIHELTEN: F\u00f8r Ski-VM i Trondheim tidligere i \u00e5r, ble skihelten Johannes H\u00f8sflot Kl\u00e6bo fulgt av et kamerateam, og n\u00e5 er resultatet klart. Video: Kl\u00e6bo Media &amp; Antipode Films \/\/ Reporter: H\u00e5vard Bj\u00f8rnerem<\/p>\n<p>Stjernen har ogs\u00e5 f\u00e5tt tilsendt snaps og videoer fra tilstelninger hvor hun vises p\u00e5 storskjerm:<\/p>\n<p class=\"font-weight-bold m-font-weight-bold\" data-lab-font_weight=\"font-weight-bold\">&#8211; Alt fra bursdager til st\u00f8rre selskaper p\u00e5 storskjerm &#8211; og da ler folk s\u00e5 t\u00e5rene triller!<\/p>\n<p>        \u00d8NSKET RO: Under fylkesbes\u00f8ket tidligere i h\u00f8st, p\u00e5pekte kronprinsesse Mette-Marit at hun \u00f8nsket ro under behandlingen, likevel dukker hun opp. Video: NTB \/\/ Foto: NTB \/\/ Reporter: Caroline Vagle<\/p>\n<p>Bryllupstaler<\/p>\n<p>AnneMa forteller ogs\u00e5 at hun har holdt tale p\u00e5 vegne av brudgommens mor i et bryllup.<\/p>\n<p>&#8211; Jeg holdet ogs\u00e5 taler p\u00e5 vegne av fol som ikke t\u00f8r tale selv. Brudgommens mor slapp \u00e5 grue seg for \u00e5 tale foran en forsamling. Hun var s\u00e5 forn\u00f8yd, og f\u00f8lte at en b\u00f8r ble tatt\u00a0 bort fra skuldrene hennes.<\/p>\n<p>    AnneMas prisliste:<\/p>\n<p>      Vis mer<br \/>\n      Vis mindre<\/p>\n<p>AnneMa<br \/>\nopplyser videre i videoen\u00a0 p\u00e5 Istagram at hun kan kle og pynte seg etter de ulike<br \/>\nanledningene, alt etter kundens \u00f8nske.<\/p>\n<p>Flere<br \/>\nf\u00f8lgere har reagert med b\u00e5de latter og st\u00f8tte i kommentarfeltet, og noen roser<br \/>\nhenne for \u00e5 v\u00e6re \u00abkreativ og folkelig\u00bb.<\/p>\n","protected":false},"excerpt":{"rendered":"AnneMa Yvuali: Realitystjernen AnneMa vekker oppsikt etter det opprivende bruddet med D\u00fcndar. FRISKT MOT: AnneMa med overraskende tilbud&hellip;\n","protected":false},"author":2,"featured_media":64537,"comment_status":"","ping_status":"","sticky":false,"template":"","format":"standard","meta":{"footnotes":""},"categories":[58],"tags":[9352,9350,71,9351,479,30,28,29,72,9353],"class_list":{"0":"post-64536","1":"post","2":"type-post","3":"status-publish","4":"format-standard","5":"has-post-thumbnail","7":"category-underholdning","8":"tag-annema-yuvali","9":"tag-date","10":"tag-entertainment","11":"tag-frieri","12":"tag-kjendis","13":"tag-no","14":"tag-norge","15":"tag-norway","16":"tag-underholdning","17":"tag-videohilsen"},"share_on_mastodon":{"url":"","error":""},"_links":{"self":[{"href":"https:\/\/www.europesays.com\/no\/wp-json\/wp\/v2\/posts\/64536","targetHints":{"allow":["GET"]}}],"collection":[{"href":"https:\/\/www.europesays.com\/no\/wp-json\/wp\/v2\/posts"}],"about":[{"href":"https:\/\/www.europesays.com\/no\/wp-json\/wp\/v2\/types\/post"}],"author":[{"embeddable":true,"href":"https:\/\/www.europesays.com\/no\/wp-json\/wp\/v2\/users\/2"}],"replies":[{"embeddable":true,"href":"https:\/\/www.europesays.com\/no\/wp-json\/wp\/v2\/comments?post=64536"}],"version-history":[{"count":0,"href":"https:\/\/www.europesays.com\/no\/wp-json\/wp\/v2\/posts\/64536\/revisions"}],"wp:featuredmedia":[{"embeddable":true,"href":"https:\/\/www.europesays.com\/no\/wp-json\/wp\/v2\/media\/64537"}],"wp:attachment":[{"href":"https:\/\/www.europesays.com\/no\/wp-json\/wp\/v2\/media?parent=64536"}],"wp:term":[{"taxonomy":"category","embeddable":true,"href":"https:\/\/www.europesays.com\/no\/wp-json\/wp\/v2\/categories?post=64536"},{"taxonomy":"post_tag","embeddable":true,"href":"https:\/\/www.europesays.com\/no\/wp-json\/wp\/v2\/tags?post=64536"}],"curies":[{"name":"wp","href":"https:\/\/api.w.org\/{rel}","templated":true}]}}