{"id":64713,"date":"2025-10-19T18:35:10","date_gmt":"2025-10-19T18:35:10","guid":{"rendered":"https:\/\/www.europesays.com\/no\/64713\/"},"modified":"2025-10-19T18:35:10","modified_gmt":"2025-10-19T18:35:10","slug":"tre-drept-i-amerikansk-angrep","status":"publish","type":"post","link":"https:\/\/www.europesays.com\/no\/64713\/","title":{"rendered":"Tre drept i amerikansk angrep"},"content":{"rendered":"<p>Det amerikanske milit\u00e6ret angrep fredag en p\u00e5st\u00e5tt smuglerb\u00e5t og drepte tre personer.\u00a0<\/p>\n<p>Det melder krigsminister Pete Hegseth i et innlegg publisert p\u00e5 <a href=\"https:\/\/x.com\/SecWar\/status\/1979930208472912048\" rel=\"nofollow\">X<\/a>. Angrepet skjedde p\u00e5 instruks fra president Donald Trump, skriver han.\u00a0<\/p>\n<p>Hegseth hevder at b\u00e5ten var tilknyttet den colombianske geriljagrupperingen Ej\u00e9rcito de Liberaci\u00f3n Nacional (ELN), eller National Liberation Army, som er ansett som en terrororganisasjon av USA.<\/p>\n<p>Colombias president Gustavo Petro avviser dette i et\u00a0<a href=\"https:\/\/x.com\/petrogustavo\/status\/1979952036860113284\" rel=\"nofollow\">X-innlegg<\/a>. Han\u00a0hevder at b\u00e5ten ikke hadde noen tilknytning til ELN, men tilh\u00f8rte \u00aben ydmyk familie som elsket havet og brukte det til \u00e5 skaffe seg mat\u00bb.\u00a0<\/p>\n<p>    <a itemprop=\"url\" href=\"https:\/\/www.dagbladet.no\/nyheter\/odela-en-veldig-stor-ubat\/83741729\" rel=\"nofollow noopener\" target=\"_blank\"><\/p>\n<p>      <img loading=\"lazy\" decoding=\"async\" src=\"https:\/\/www.europesays.com\/no\/wp-content\/uploads\/2025\/10\/1760898910_918_83741740.webp\" width=\"980\" height=\"441\" title=\"- \u00d8dela en veldig stor ub\u00e5t\" alt=\"\" class=\"lazyload\" style=\"--aspect-ratio-image: 2.22; \"\/><\/p>\n<p>        &#8211; \u00d8dela en veldig stor ub\u00e5t<\/p>\n<p>    <\/a><\/p>\n<p>\u00abNarkoterrorister\u00bb\t<\/p>\n<p class=\"font-weight-normal m-font-weight-normal\" data-lab-font_weight=\"font-weight-normal\">Siden september har USA angrepet flere fart\u00f8y som de &#8211; uten \u00e5 legge fram bevis &#8211; har anklaget for \u00e5 smugle narkotika inn i landet.\u00a0<\/p>\n<p class=\"font-weight-bold m-font-weight-bold\" data-lab-font_weight=\"font-weight-bold\">Til n\u00e5 er sju slike angrep kjent.\u00a0\u00a0<\/p>\n<p>&#8211; V\u00e5r etterretning kjenner til at fart\u00f8yet var involvert i ulovlig narkotikasmugling, reiste langs en kjent narkosmuglingsrute, og fraktet en betydelig mengde narkotika. Det var tre mannlige narkoterrorister om bord i fart\u00f8yet under angrepet &#8211; som ble utf\u00f8rt i internasjonalt farvann, skriver Hegseth.\u00a0<\/p>\n<p>    <a itemprop=\"url\" href=\"https:\/\/www.dagbladet.no\/nyheter\/usa-har-begatt-drap\/83742054\" rel=\"nofollow noopener\" target=\"_blank\"><\/p>\n<p>      <img loading=\"lazy\" decoding=\"async\" src=\"https:\/\/www.europesays.com\/no\/wp-content\/uploads\/2025\/10\/1760898910_804_83742073.webp\" width=\"147\" height=\"98\" title=\"- USA har beg\u00e5tt drap\" alt=\"\" class=\"lazyload\" style=\"--aspect-ratio-image: 1.50; \"\/><\/p>\n<p>        &#8211; USA har beg\u00e5tt drap<\/p>\n<p>    <\/a><\/p>\n<p>&#8211; Vil bli drept\t<\/p>\n<p>De tre mennene &#8211; som Hegseth omtaler som \u00abterrorister\u00bb &#8211; ble drept, if\u00f8lge krigsministeren. Ingen amerikanere skal ha kommet til skade.<\/p>\n<p>&#8211; Disse kartellene er den vestlige halvkules al-Qaida, og bruker vold, drap og terrorisme for \u00e5 tvinge gjennom sin vilje, true v\u00e5r nasjonale sikkerhet og forgifte v\u00e5rt folk, skriver han &#8211; og konkluderer:<\/p>\n<p class=\"font-weight-bold m-font-weight-bold\" data-lab-font_weight=\"font-weight-bold\">&#8211; Det amerikanske milit\u00e6ret vil behandle disse organisasjonene som terroristene de er &#8211; de vil bli jaktet og drept, akkurat som al-Qaida.<\/p>\n","protected":false},"excerpt":{"rendered":"Det amerikanske milit\u00e6ret angrep fredag en p\u00e5st\u00e5tt smuglerb\u00e5t og drepte tre personer.\u00a0 Det melder krigsminister Pete Hegseth i&hellip;\n","protected":false},"author":2,"featured_media":64714,"comment_status":"","ping_status":"","sticky":false,"template":"","format":"standard","meta":{"footnotes":""},"categories":[12],"tags":[20,21,24,25,15,22,23,13,30,28,29,14,16,26,27,412,42,43,44,45],"class_list":{"0":"post-64713","1":"post","2":"type-post","3":"status-publish","4":"format-standard","5":"has-post-thumbnail","7":"category-verden","8":"tag-breaking-news","9":"tag-breakingnews","10":"tag-featured-news","11":"tag-featurednews","12":"tag-headlines","13":"tag-latest-news","14":"tag-latestnews","15":"tag-news","16":"tag-no","17":"tag-norge","18":"tag-norway","19":"tag-nyheter","20":"tag-overskrifter","21":"tag-top-stories","22":"tag-topstories","23":"tag-utenriks","24":"tag-verden","25":"tag-world","26":"tag-world-news","27":"tag-worldnews"},"share_on_mastodon":{"url":"","error":""},"_links":{"self":[{"href":"https:\/\/www.europesays.com\/no\/wp-json\/wp\/v2\/posts\/64713","targetHints":{"allow":["GET"]}}],"collection":[{"href":"https:\/\/www.europesays.com\/no\/wp-json\/wp\/v2\/posts"}],"about":[{"href":"https:\/\/www.europesays.com\/no\/wp-json\/wp\/v2\/types\/post"}],"author":[{"embeddable":true,"href":"https:\/\/www.europesays.com\/no\/wp-json\/wp\/v2\/users\/2"}],"replies":[{"embeddable":true,"href":"https:\/\/www.europesays.com\/no\/wp-json\/wp\/v2\/comments?post=64713"}],"version-history":[{"count":0,"href":"https:\/\/www.europesays.com\/no\/wp-json\/wp\/v2\/posts\/64713\/revisions"}],"wp:featuredmedia":[{"embeddable":true,"href":"https:\/\/www.europesays.com\/no\/wp-json\/wp\/v2\/media\/64714"}],"wp:attachment":[{"href":"https:\/\/www.europesays.com\/no\/wp-json\/wp\/v2\/media?parent=64713"}],"wp:term":[{"taxonomy":"category","embeddable":true,"href":"https:\/\/www.europesays.com\/no\/wp-json\/wp\/v2\/categories?post=64713"},{"taxonomy":"post_tag","embeddable":true,"href":"https:\/\/www.europesays.com\/no\/wp-json\/wp\/v2\/tags?post=64713"}],"curies":[{"name":"wp","href":"https:\/\/api.w.org\/{rel}","templated":true}]}}