{"id":64723,"date":"2025-10-19T18:53:11","date_gmt":"2025-10-19T18:53:11","guid":{"rendered":"https:\/\/www.europesays.com\/no\/64723\/"},"modified":"2025-10-19T18:53:11","modified_gmt":"2025-10-19T18:53:11","slug":"bjorn-rosenstrom-musikk-det-tok-helt-av-da-gry-cecilie-og-inge-avslorte-trekkplasteret-overveldende","status":"publish","type":"post","link":"https:\/\/www.europesays.com\/no\/64723\/","title":{"rendered":"Bj\u00f6rn rosenstr\u00f6m, Musikk | Det tok helt av da Gry-Cecilie og Inge avsl\u00f8rte trekkplasteret: \u2013 Overveldende!"},"content":{"rendered":"\n<p>Da Aurskogmart&#8217;n la ut en tegning p\u00e5 Facebook og spurte om publikum ville gjette hvilken artist de har booket til neste \u00e5rs arrangement, lot ikke reaksjonene vente p\u00e5 seg.<\/p>\n<p>255 personer kommenterte p\u00e5 hvem de trodde kom, og en heldig vinner vant et helgepass til Aurskogmart&#8217;n i 2026.<\/p>\n<p>S\u00e5 godt som alle gjettet at det var raggarrockeren Bj\u00f6rn Rosenstr\u00f6m, som var svaret.<\/p>\n<p>   <img decoding=\"async\" width=\"640\" height=\"410\" fetchpriority=\"low\"  loading=\"lazy\"  src=\"https:\/\/www.europesays.com\/no\/wp-content\/uploads\/2025\/10\/rosenstr%C3%B8m.jpg\" alt=\"\" class=\"brick-c-cFOWSL\" style=\"--brick-image-ratio: 640 \/ 410;\"\/><\/p>\n<p>    KLAR FOR AURSKOGMART&#8217;N: Raggarrockeren Bj\u00f6rn Rosenstr\u00f6m kommer til Aurskogmart&#8217;n i 2026. <\/p>\n<p>  \u2013 Skrev egen tekst til Gry og Gry<\/p>\n<p>Rosenstr\u00f6m har spilt i Aurskog-H\u00f8land ogs\u00e5 tidligere.<\/p>\n<p><b>\u2013 Han spilte to ganger under Bj\u00f8rkelangen Musikkfestival. For min egen del traff jeg ham bak scenen ved Valdisholm i Mysen i 2005. Han skrev til og med en tekst til oss p\u00e5 direkten til meg og venninna mi, som ogs\u00e5 het Gry. Den het Gry og Gry! Jeg har arket med teksten p\u00e5 enn\u00e5. Det kunne jo v\u00e6rt artig om han satte melodi til den og framf\u00f8rte den under mart&#8217;n neste \u00e5r, sier \u00abmart&#8217;nsdronning\u00bb Gry-Cecilie Halvorsrud, med glimt i \u00f8yet.<\/b><\/p>\n<p>NK Inge Martinsen i mart&#8217;nsstyret presiserer at det var h\u00f8y nostalgifaktor i kommentarfeltet p\u00e5 Facebook.<\/p>\n<p>\u2013 Responsen var overveldende og ikke minst var det mange voksne som kommenterte. Vi gj\u00f8r jo dette grepet for \u00e5 tilby noe i mart&#8217;nsteltet for publikum i alle aldre, og her ser det ut som vi har truffet, mener Martinsen.<\/p>\n<p>Bj\u00f6rn Folke Rosenstr\u00f6m er 55 \u00e5r gammel og kommer opprinnelig fra G\u00f6teborg.<\/p>\n<p>Svensken har utgitt studioalbum og flere samlealbum.<\/p>\n<p>Bandet hans best\u00e5r av familie og venner, deriblant broren Jonas Rosenstr\u00f6m og halvbroren Markus.<\/p>\n<p>R\u00f8lpete tekster<\/p>\n<p>Bj\u00f6rn Rosenstr\u00f6m har blitt kjent for sin personlige stemme og en melodi\u00f8s visepop med originale og r\u00f8lpete tekster, ofte med grov russehumor og naivistisk ironi.<\/p>\n<p><b>\u2013 Han ga ut sin siste singel i 2023 og turnerer fortsatt tungt i Sverige, og tar noen f\u00e5 jobber i Norge hvert \u00e5r ogs\u00e5. Til mart&#8217;n kommer han med fullt band, opplyser Halvorsrud.<\/b><\/p>\n<p>Duoen forteller at det vil slippes flere artister til Aurskogmart&#8217;n 2026 mot nytt\u00e5r.<\/p>\n<p>\u2013 Det er fortsatt noen f\u00e5 billetter igjen p\u00e5 Early Bird-helgepass og snart legger vi ut vanlige helgepass. Mange drar p\u00e5 mart&#8217;n for \u00e5 ta seg en fest og \u00e5 treffe kjentfolk. Vi har skrudd opp prisene litt neste \u00e5r, men ikke mye. Dette er for \u00e5 ta hensyn til denne kategorien mart&#8217;nsgjengere. Artisthonorarene er likevel like. Bj\u00f6rn Rosenstr\u00f6m tar det samme honoraret, enten han spille p\u00e5 Skeikampen eller p\u00e5 Aursmoen. Vi kommer til \u00e5 r\u00f8pe artistene for neste \u00e5r som perler p\u00e5 ei snor, s\u00e5 det er bare \u00e5 glede seg, avslutter Inge Martinsen.<\/p>\n","protected":false},"excerpt":{"rendered":"Da Aurskogmart&#8217;n la ut en tegning p\u00e5 Facebook og spurte om publikum ville gjette hvilken artist de har&hellip;\n","protected":false},"author":2,"featured_media":64724,"comment_status":"","ping_status":"","sticky":false,"template":"","format":"standard","meta":{"footnotes":""},"categories":[58],"tags":[36,620,9366,71,155,221,30,28,29,1510,72],"class_list":{"0":"post-64723","1":"post","2":"type-post","3":"status-publish","4":"format-standard","5":"has-post-thumbnail","7":"category-underholdning","8":"tag-art","9":"tag-aurskogmartn","10":"tag-bjorn-rosenstrom","11":"tag-entertainment","12":"tag-konsert","13":"tag-musikk","14":"tag-no","15":"tag-norge","16":"tag-norway","17":"tag-story","18":"tag-underholdning"},"share_on_mastodon":{"url":"","error":""},"_links":{"self":[{"href":"https:\/\/www.europesays.com\/no\/wp-json\/wp\/v2\/posts\/64723","targetHints":{"allow":["GET"]}}],"collection":[{"href":"https:\/\/www.europesays.com\/no\/wp-json\/wp\/v2\/posts"}],"about":[{"href":"https:\/\/www.europesays.com\/no\/wp-json\/wp\/v2\/types\/post"}],"author":[{"embeddable":true,"href":"https:\/\/www.europesays.com\/no\/wp-json\/wp\/v2\/users\/2"}],"replies":[{"embeddable":true,"href":"https:\/\/www.europesays.com\/no\/wp-json\/wp\/v2\/comments?post=64723"}],"version-history":[{"count":0,"href":"https:\/\/www.europesays.com\/no\/wp-json\/wp\/v2\/posts\/64723\/revisions"}],"wp:featuredmedia":[{"embeddable":true,"href":"https:\/\/www.europesays.com\/no\/wp-json\/wp\/v2\/media\/64724"}],"wp:attachment":[{"href":"https:\/\/www.europesays.com\/no\/wp-json\/wp\/v2\/media?parent=64723"}],"wp:term":[{"taxonomy":"category","embeddable":true,"href":"https:\/\/www.europesays.com\/no\/wp-json\/wp\/v2\/categories?post=64723"},{"taxonomy":"post_tag","embeddable":true,"href":"https:\/\/www.europesays.com\/no\/wp-json\/wp\/v2\/tags?post=64723"}],"curies":[{"name":"wp","href":"https:\/\/api.w.org\/{rel}","templated":true}]}}