{"id":64725,"date":"2025-10-19T19:00:34","date_gmt":"2025-10-19T19:00:34","guid":{"rendered":"https:\/\/www.europesays.com\/no\/64725\/"},"modified":"2025-10-19T19:00:34","modified_gmt":"2025-10-19T19:00:34","slug":"jakten-pa-kjaerligheten-kjaerlighet-hanne-35-pa-kjaerlighetsjakt-tok-sjansen","status":"publish","type":"post","link":"https:\/\/www.europesays.com\/no\/64725\/","title":{"rendered":"Jakten p\u00e5 kj\u00e6rligheten, Kj\u00e6rlighet | Hanne (35) p\u00e5 kj\u00e6rlighetsjakt: \u2013 Tok sjansen"},"content":{"rendered":"\n<p>(<a rel=\"Follow nofollow noopener\" href=\"https:\/\/www.retten.no\/hanne-35-pa-kjarlighetsjakt-ikke-himla-mange-single-mannfolk-i-hundekjoring\/s\/5-44-1061145\" target=\"_blank\">Arbeidets Rett<\/a>): \u2013 Selve innspillingen f\u00f8ltes som en feberdr\u00f8m, sier Hanne Berit \u00d8istad (35).<\/p>\n<p>Med en \u00abhoppe i det\u00bb-filosofi og en kj\u00e6rlighet for hundesledelivet, endte Hanne opp som en av frierne p\u00e5 TV2s \u00abJakten p\u00e5 kj\u00e6rligheten\u00bb.<\/p>\n<p>I tirsdagens episode var kj\u00e6rlighetsjakten i all offentlighet imidlertid over for Hanne, og det er kanskje folld\u00f8lene like glad for siden det betyr at hun i hvert fall ikke flytter derfra med det f\u00f8rste.<\/p>\n<p>Selve deltakelsen i det popul\u00e6re programmet var aldri en del av Hannes egne planer. Det var derimot venninner som tok initiativet. Da de truet med \u00e5 s\u00f8ke for henne, valgte hun \u00e5 ta kontroll selv.<\/p>\n<p>Resultatet ble en video til hundekj\u00f8reren Kristian Niklas Johansson (35) fra Valdres \u2013 en video som tydeligvis falt i smak.<\/p>\n<p><b>Les ogs\u00e5: <\/b><a class=\"simple-relation related-teaser article--c-eRUmMG article--c-eRUmMG-fZoQSp-design-nettavisen article--c-eRUmMG-gwthdJ-cv\" href=\"https:\/\/www.nettavisen.no\/emilie-nereng-leder-nytt-datingprogram\/s\/5-95-2670545\" rel=\"nofollow noopener\" target=\"_blank\">Emilie Nereng leder nytt datingprogram<\/a><\/p>\n<p>   <img decoding=\"async\" width=\"586\" height=\"775\" fetchpriority=\"low\"  loading=\"lazy\"  src=\"https:\/\/www.europesays.com\/no\/wp-content\/uploads\/2025\/10\/IMG_499011.jpeg\" alt=\"\" class=\"brick-c-cFOWSL\" style=\"--brick-image-ratio: 586 \/ 775;\"\/><\/p>\n<p>    FIRBENT VENN: Hunden Kvit var med matmor Hanne Berit \u00d8istad p\u00e5 innspillingen av \u00abJakten p\u00e5 kj\u00e6rligheten\u00bb.<br \/>\n    Foto: Privat\n  <\/p>\n<p>  Hunden Kvit: Fra savnet til TV-stjerne<\/p>\n<p>Motivasjonen var enkel: \u00e5 finne kj\u00e6rligheten i et lite marked.<\/p>\n<p>\u2013 Jeg tok sjansen. Det er jo ikke s\u00e5 himla mange single mannfolk i hundekj\u00f8ring, sier hun lattermildt.<\/p>\n<p>Hanne er opprinnelig fra Nes i Akershus. De siste tre \u00e5rene har hun bodd i Folldal med sine fire hunder.<\/p>\n<p>\u00c9n av dem, Kvit, har allerede rukket \u00e5 komme p\u00e5 trykk i Arbeidets Rett: <a rel=\"Follow nofollow noopener\" href=\"https:\/\/www.retten.no\/kvit-hjemme-hos-hanne-berit-igjen\/s\/5-44-786361\" target=\"_blank\">For to \u00e5r siden forsvant han p\u00e5 Elgpiggen i \u00d8versj\u00f8dalen, men kom til rette igjen.<\/a> N\u00e5 er 13 \u00e5r gamle Kvit med p\u00e5 \u00abJakten p\u00e5 kj\u00e6rligheten\u00bb.<\/p>\n<p>   <img decoding=\"async\" width=\"3695\" height=\"2642\" fetchpriority=\"low\"  loading=\"lazy\"  src=\"https:\/\/www.europesays.com\/no\/wp-content\/uploads\/2025\/10\/Kvit+hjemme+hos+Hanne+Berit+igjen.bin\" alt=\"\" class=\"brick-c-cFOWSL\" style=\"--brick-image-ratio: 3695 \/ 2642;\"\/><\/p>\n<p>    FRA 2023: T\u00e5rene kom da Hanne og Kvit endelig kunne gjenforenes etter nesten fem strabasi\u00f8se d\u00f8gn. Da kom t\u00e5rene.<br \/>\n    Foto: Jon Sagbakken\n  <\/p>\n<p>En feberdr\u00f8m<\/p>\n<p>\u00c5 se seg selv p\u00e5 TV beskriver hun som en merkelig opplevelse.<\/p>\n<p>\u2013 Jeg visste jo at det skulle ut til folk. Likevel er det litt rart. Men jeg er i hvert fall meg selv \u2013 kommer med artige kommentarer og flirer mye av meg selv.<\/p>\n<p>Hanne kjente seg ikke spesielt nerv\u00f8s f\u00f8r opptakene.<\/p>\n<p>\u2013 Men akkurat den dagen med speed-datene, ja, det var ganske intenst. Selve innspillingen f\u00f8ltes som en feberdr\u00f8m. Spesielt den f\u00f8rste dagen.<\/p>\n<p><b>Les ogs\u00e5:<\/b> <a class=\"simple-relation related-teaser article--c-eRUmMG article--c-eRUmMG-fZoQSp-design-nettavisen article--c-eRUmMG-gwthdJ-cv\" href=\"https:\/\/www.nettavisen.no\/folk-blar-opp-titusenvis-for-gyda-oddekalv-date\/s\/5-95-2672327\" rel=\"nofollow noopener\" target=\"_blank\">Folk blar opp titusenvis for Gyda Oddekalv-date<\/a><\/p>\n<p>D\u00e5rlig TV<\/p>\n<p>Hun framhever likevel det gode samholdet blant frierne.<\/p>\n<p>\u2013 Vi var jo en noks\u00e5 fornuftig gjeng p\u00e5 30\u201340 \u00e5r alle sammen. Det f\u00f8ltes litt som \u00e5 v\u00e6re p\u00e5 hyttetur eller leirskole.<\/p>\n<p>Til tross for TV-forventninger om drama, forteller Hanne at det var lite av det i Kristians gruppe.<\/p>\n<p>\u2013 Vi har konkludert med at vi var for hyggelige, s\u00e5 vi lagde jo kanskje litt d\u00e5rlig TV, humrer hun.<\/p>\n<p>Hanne p\u00e5peker ogs\u00e5 hvordan TV-produksjonen fungerer: Mye forsvinner i klippingen. Det er plukket ut for at det skal v\u00e6re en spesiell dramaturgi.<\/p>\n<p>   <img decoding=\"async\" width=\"2028\" height=\"1307\" fetchpriority=\"low\"  loading=\"lazy\"  src=\"https:\/\/www.europesays.com\/no\/wp-content\/uploads\/2025\/10\/att.Jo3kW11.jpeg\" alt=\"\" class=\"brick-c-cFOWSL\" style=\"--brick-image-ratio: 2028 \/ 1307;\"\/><\/p>\n<p>    FEMUNDL\u00d8PET: Hanne Berit \u00d8istad trener n\u00e5 mot Femundl\u00f8pet for f\u00f8rste gang: \u2013 Jeg tror det blir moro. Jeg liker \u00e5 kaste meg ut i ting.<br \/>\n    Foto: Stina Kvikstadhagen Kvamme\n  <\/p>\n<p>  \u2013 Som Norge p\u00e5 90-tallet<\/p>\n<p>N\u00e5 er Hanne i full trening mot Femundl\u00f8pet. Hun har erfaring som hundekj\u00f8rerguide, men dette er f\u00f8rste gang hun deltar i l\u00f8pet.<\/p>\n<p>\u2013 Jeg tror det blir moro. Jeg liker \u00e5 kaste meg ut i ting. Livet er kort. Man m\u00e5 se humor i ting og kose seg.<\/p>\n<p>Hanne har bodd i Folldal i tre \u00e5r. Hun trives godt.<\/p>\n<p>\u2013 Folldal f\u00f8les litt som Norge p\u00e5 90-tallet. Det er en avslappet livsstil. Det er perfekt \u00e5 kj\u00f8re slede her. Ofte m\u00f8ter man ikke p\u00e5 en sjel.<\/p>\n<p>   <img decoding=\"async\" width=\"756\" height=\"942\" fetchpriority=\"low\"  loading=\"lazy\"  src=\"https:\/\/www.europesays.com\/no\/wp-content\/uploads\/2025\/10\/IMG_534611.jpeg\" alt=\"\" class=\"brick-c-cFOWSL\" style=\"--brick-image-ratio: 756 \/ 942;\"\/><\/p>\n<p>    HUNDELIVET I FOLLDAL: De siste tre \u00e5rene har Hanne Berit \u00d8istad bodd i Folldal med hundene sine.<br \/>\n    Foto: Privat\n  <\/p>\n<p>  Reaksjoner fra lokalsamfunnet<\/p>\n<p>Etter TV-deltakelsen har lokalsamfunnet reagert med positive kommentarer. N\u00e5, i jobben p\u00e5 Coop Prix, m\u00f8ter hun kunder som med et lurt smil konstaterer: \u00abJa, jeg s\u00e5 deg p\u00e5 TV.\u00bb<\/p>\n<p>\u2013 Det er litt rart n\u00e5r folk gj\u00f8r det til en sensasjon. Jeg er jo bare en helt vanlig person.<\/p>\n<p>Hun undrer seg over noen av reaksjonene hun f\u00e5r:<\/p>\n<p>\u2013 Mange kaller meg t\u00f8ff som meldte meg p\u00e5 programmet. Men jeg synes de virkelig t\u00f8ffe er venninnene mine med barn. \u00c5 bli foreldre er en livslang forpliktelse, et valg som aldri tar slutt \u2013 noe helt annet enn et program som ingen husker om fem \u00e5r.<\/p>\n<p>Selv om det kan v\u00e6re utfordrende \u00e5 komme inn p\u00e5 folk i et lite lokalsamfunn, opplever Hanne \u00e5 finne likesinnede.<\/p>\n<p>\u2013 Man er kanskje litt rar n\u00e5r man velger \u00e5 bosette seg i Folldal. S\u00e5 finner man likesinnede p\u00e5 den m\u00e5ten, sier hun og ler godt.<\/p>\n<p><b>Les ogs\u00e5: <\/b><a class=\"simple-relation related-teaser article--c-eRUmMG article--c-eRUmMG-fZoQSp-design-nettavisen article--c-eRUmMG-gwthdJ-cv\" href=\"https:\/\/www.nettavisen.no\/gunilla-grusomt-sveket-de-rikeste-mennene-er-ogsa-veldig-utro\/s\/5-95-2672666\" rel=\"nofollow noopener\" target=\"_blank\">Gunilla \u00abgrusomt sveket\u00bb: \u2013 De rikeste mennene er ogs\u00e5 veldig utro<\/a><\/p>\n","protected":false},"excerpt":{"rendered":"(Arbeidets Rett): \u2013 Selve innspillingen f\u00f8ltes som en feberdr\u00f8m, sier Hanne Berit \u00d8istad (35). Med en \u00abhoppe i&hellip;\n","protected":false},"author":2,"featured_media":64726,"comment_status":"","ping_status":"","sticky":false,"template":"","format":"standard","meta":{"footnotes":""},"categories":[58],"tags":[71,30,28,29,72],"class_list":{"0":"post-64725","1":"post","2":"type-post","3":"status-publish","4":"format-standard","5":"has-post-thumbnail","7":"category-underholdning","8":"tag-entertainment","9":"tag-no","10":"tag-norge","11":"tag-norway","12":"tag-underholdning"},"share_on_mastodon":{"url":"","error":""},"_links":{"self":[{"href":"https:\/\/www.europesays.com\/no\/wp-json\/wp\/v2\/posts\/64725","targetHints":{"allow":["GET"]}}],"collection":[{"href":"https:\/\/www.europesays.com\/no\/wp-json\/wp\/v2\/posts"}],"about":[{"href":"https:\/\/www.europesays.com\/no\/wp-json\/wp\/v2\/types\/post"}],"author":[{"embeddable":true,"href":"https:\/\/www.europesays.com\/no\/wp-json\/wp\/v2\/users\/2"}],"replies":[{"embeddable":true,"href":"https:\/\/www.europesays.com\/no\/wp-json\/wp\/v2\/comments?post=64725"}],"version-history":[{"count":0,"href":"https:\/\/www.europesays.com\/no\/wp-json\/wp\/v2\/posts\/64725\/revisions"}],"wp:featuredmedia":[{"embeddable":true,"href":"https:\/\/www.europesays.com\/no\/wp-json\/wp\/v2\/media\/64726"}],"wp:attachment":[{"href":"https:\/\/www.europesays.com\/no\/wp-json\/wp\/v2\/media?parent=64725"}],"wp:term":[{"taxonomy":"category","embeddable":true,"href":"https:\/\/www.europesays.com\/no\/wp-json\/wp\/v2\/categories?post=64725"},{"taxonomy":"post_tag","embeddable":true,"href":"https:\/\/www.europesays.com\/no\/wp-json\/wp\/v2\/tags?post=64725"}],"curies":[{"name":"wp","href":"https:\/\/api.w.org\/{rel}","templated":true}]}}