{"id":64750,"date":"2025-10-19T19:40:15","date_gmt":"2025-10-19T19:40:15","guid":{"rendered":"https:\/\/www.europesays.com\/no\/64750\/"},"modified":"2025-10-19T19:40:15","modified_gmt":"2025-10-19T19:40:15","slug":"kim-kardashian-vekker-oppsikt-med-dristig-antrekk-pa-academy-museum-gala","status":"publish","type":"post","link":"https:\/\/www.europesays.com\/no\/64750\/","title":{"rendered":"Kim Kardashian vekker oppsikt med dristig antrekk p\u00e5 Academy Museum Gala:"},"content":{"rendered":"<p class=\"kicker \" style=\"\">Academy Museum Gala i Los Angeles<\/p>\n<p>  Realitystjernens antrekk fikk flere til \u00e5 sperre opp \u00f8ynene. N\u00e5 forteller hun bakgrunnen for valget.<\/p>\n<p>\n    REAGERER: Kardashian-stjernen har f\u00e5tt flere reaksjoner p\u00e5 antrekket sitt under Academy Museum Gala. Foto: Mario Anzuoni \/ REUTERS \/ NTB\n  <\/p>\n<p>Realitystjernen og forretningskvinnen Kim Kardashian (44) vet eksakt hva hun skal gj\u00f8re for \u00e5 vekke folks oppmerksomhet.\u00a0<\/p>\n<p>Da hun dukket opp p\u00e5 l\u00f8peren for den femte \u00e5rlige Academy Museum Gala i Los Angeles l\u00f8rdag, hadde hun p\u00e5 seg en hudfarget maske som dekket til hele ansiktet og h\u00e5ret hennes. Det skriver <a href=\"https:\/\/people.com\/kim-kardashian-nude-face-mask-academy-gala-11832555\" rel=\"nofollow noopener\" target=\"_blank\">People<\/a>.\u00a0<\/p>\n<p>        AKILLESH\u00c6L: \u00abHotellet\u00bb-deltakerene Emilie \u00abVoe\u00bb Nereng og ektemannen Mike Hansson forklarer hvorfor Emilies fjes er deres st\u00f8rste akillsh\u00e6l i programmet. Reportere: Thea Hope\/ Kine Falch. Video: TV 2\/ R\u00f8d L\u00f8per\/ Sanne Holt<\/p>\n<p>&#8211; Veldig Skims-aktig\t<\/p>\n<p>Antrekket var kombinert med en matchende kjole fra Maison Margielas h\u00f8stkolleksjon 2025.<\/p>\n<p>Den stroppel\u00f8se korsett-kjolen hadde draperte ermer, og som tilbeh\u00f8r hadde hun g\u00e5tt for et stort halskjede med krystaller, gr\u00f8nne juveler og kors.<\/p>\n<p>    <a itemprop=\"url\" href=\"https:\/\/www.seher.no\/kjendis\/nye-bilder-vekker-oppsikt\/83735834\" rel=\"nofollow noopener\" target=\"_blank\"><\/p>\n<p>      <img loading=\"lazy\" decoding=\"async\" src=\"https:\/\/www.europesays.com\/no\/wp-content\/uploads\/2025\/10\/83743189.webp\" width=\"980\" height=\"441\" title=\"Nye bilder vekker oppsikt\" alt=\"\" class=\"lazyload\" style=\"--aspect-ratio-image: 2.22; \"\/><\/p>\n<p>        Nye bilder vekker oppsikt<\/p>\n<p>    <\/a><\/p>\n<p>44-\u00e5ringen la ogs\u00e5 ut et klipp av seg selv p\u00e5 Instagram der hun gjorde narr av antrekket sitt mens hun fikk siste touch-up fra glamourteamet sitt p\u00e5 gallen.\u00a0<\/p>\n<p>          <img loading=\"lazy\" decoding=\"async\" src=\"https:\/\/www.europesays.com\/no\/wp-content\/uploads\/2025\/10\/83742991.webp\" width=\"686\" height=\"1016\" title=\"VEKKER OPPSIKT: Kim Kardashians antrekk har f\u00e5tt en blandede mottakelse. Foto: Amy Sussman \/ Getty Images \/ AFP \/ NTB\" alt=\"\" class=\"\" style=\"--aspect-ratio-image: 0.68; \"\/><\/p>\n<p>\n          VEKKER OPPSIKT: Kim Kardashians antrekk har f\u00e5tt en blandede mottakelse. Foto: Amy Sussman \/ Getty Images \/ AFP \/ NTB\n      <\/p>\n<p>P\u00e5 den r\u00f8de l\u00f8peren kunne hun fortelle til <a href=\"https:\/\/variety.com\/2025\/scene\/columns\/kim-kardashian-academy-museum-gala-face-mask-1236556345\/\" rel=\"nofollow noopener\" target=\"_blank\">Variety<\/a> at hun under masken hadde b\u00e5de full sminke og stylet h\u00e5r, og at hun hadde fl\u00f8yet inn sin favoritt-makeup-artist Mario Dedivanovic for anledningen.<\/p>\n<p>Hun delte ogs\u00e5 at hun skulle ta av seg masken s\u00e5 snart hun kom inn p\u00e5 gallaen.<\/p>\n<p>    <a itemprop=\"url\" href=\"https:\/\/www.seher.no\/kjendis\/prikk-lik-pappa\/83685999\" rel=\"nofollow noopener\" target=\"_blank\"><\/p>\n<p>      <img loading=\"lazy\" decoding=\"async\" src=\"https:\/\/www.europesays.com\/no\/wp-content\/uploads\/2025\/10\/83686035.webp\" width=\"980\" height=\"441\" title=\"Prikk lik pappa\" alt=\"\" class=\"lazyload\" style=\"--aspect-ratio-image: 2.22; \"\/><\/p>\n<p>        Prikk lik pappa<\/p>\n<p>    <\/a><\/p>\n<p>&#8211; Det ser veldig Skims-aktig ut, sa hun til magasinet, og henviste til sitt eget undert\u00f8ysmerke.<\/p>\n<p>&#8211; Det var derfor jeg ble tiltrukket av det da Margiela couture-visningen kom. Jeg s\u00e5 dette antrekket og tenkte: \u00abDet der er Skims for meg\u00bb.\u00a0<\/p>\n<p>        SKAL VI DANSE: Halvor Bakke dukket opp p\u00e5 \u00abSkal vi danse\u00bb med krykker etter \u00e5 ha m\u00e5ttet trekke seg grunnet skade. Reporter: Danny Son Ngoc To \/ Christina Holen Korneliussen<\/p>\n<p>\u00abInteressant\u00bb\t<\/p>\n<p>Antrekket ble naturligvis delt i sosiale medier, og det tok ikke lang tid f\u00f8r reaksjonene str\u00f8mmet inn. Realitystjernen kan sies \u00e5 ha f\u00e5tt noe blandede tilbakemeldinger p\u00e5 looken.\u00a0<\/p>\n<p>Ikke alle var like begeistret:\u00a0<\/p>\n<p>    <a itemprop=\"url\" href=\"https:\/\/www.seher.no\/kjendis\/om-trusekaoset-sjokkert\/83740411\" rel=\"nofollow noopener\" target=\"_blank\"><\/p>\n<p>      <img loading=\"lazy\" decoding=\"async\" src=\"https:\/\/www.europesays.com\/no\/wp-content\/uploads\/2025\/10\/83740483.webp\" width=\"980\" height=\"441\" title=\"Om trusekaoset: - Sjokkert\" alt=\"\" class=\"lazyload\" style=\"--aspect-ratio-image: 2.22; \"\/><\/p>\n<p>        Om trusekaoset: &#8211; Sjokkert<\/p>\n<p>    <\/a><\/p>\n<p class=\"font-weight-bold m-font-weight-bold\" data-lab-font_weight=\"font-weight-bold\"> \u00abDet ser ut som en brun papirpose over hodet hennes\u00bb, skriver en bruker i et kommentarfelt p\u00e5\u00a0<a href=\"https:\/\/www.instagram.com\/p\/DP-a0fcANQL\/?igsh=bmtxdWplYXRwbThu\" rel=\"nofollow noopener\" target=\"_blank\">Instagram<\/a>.\u00a0<\/p>\n<p class=\"font-weight-normal m-font-weight-normal\" data-lab-font_weight=\"font-weight-normal\"> \u00abKim, v\u00e6r s\u00e5 snill \u00e5 slutt. Det begynner \u00e5 bli pinlig n\u00e5\u00bb, skriver en annen.\u00a0<\/p>\n<p class=\"font-weight-normal m-font-weight-normal\" data-lab-font_weight=\"font-weight-normal\">Noen tar Kardashians antrekk i forsvar:\u00a0<\/p>\n<p class=\"font-weight-bold m-font-weight-bold\" data-lab-font_weight=\"font-weight-bold\">\u00abJeg likte at hun gikk for hele looken\u00bb, skriver en person.\u00a0<\/p>\n<p>        NORGE: Den norske skuespilleren Gitte Witt m\u00e5tte endre utseendet i Netflix-thrilleren hvor superstjerna Keira Knightley har hovedrolle. Video: Netflix\/ Thea Hope\/ R\u00f8d L\u00f8per<\/p>\n<p>\u00abDette er faktisk interessant\u00bb, mener en annen.<\/p>\n<p>Antrekket kan minne om det heldekkende Balenciaga-antrekket som Kardashian bar p\u00e5 Met-gallaen i 2021, der hun ogs\u00e5 dekket til b\u00e5de ansiktet og hodet med en svart maske.<\/p>\n<p>          <img loading=\"lazy\" decoding=\"async\" src=\"https:\/\/www.europesays.com\/no\/wp-content\/uploads\/2025\/10\/83743187.webp\" width=\"686\" height=\"488\" title=\"HELSVART: Fra topp til t\u00e5 var Kim Kardashian dekket i svart under Met-gallaen i 2021. Foto: Angela Weiss \/ AFP \/ NTB\" alt=\"\" class=\"\" style=\"--aspect-ratio-image: 1.41; \"\/><\/p>\n<p>\n          HELSVART: Fra topp til t\u00e5 var Kim Kardashian dekket i svart under Met-gallaen i 2021. Foto: Angela Weiss \/ AFP \/ NTB\n      <\/p>\n<p>Kardashian ble blant annet omtalt som et ikon, men ble ogs\u00e5 refset for \u00e5 ha tilbrakt for mye tid med eksmannen Kanye West (48).\u00a0<\/p>\n<p>I tillegg ble hun sammenliknet med ingen ringere enn filmkarakteren Batman.<\/p>\n<p><script async src=\"\/\/www.instagram.com\/embed.js\"><\/script><\/p>\n","protected":false},"excerpt":{"rendered":"Academy Museum Gala i Los Angeles Realitystjernens antrekk fikk flere til \u00e5 sperre opp \u00f8ynene. N\u00e5 forteller hun&hellip;\n","protected":false},"author":2,"featured_media":64751,"comment_status":"","ping_status":"","sticky":false,"template":"","format":"standard","meta":{"footnotes":""},"categories":[5],"tags":[20,21,24,25,15,19,1861,479,2543,22,23,17,18,13,30,28,29,14,16,26,27],"class_list":{"0":"post-64750","1":"post","2":"type-post","3":"status-publish","4":"format-standard","5":"has-post-thumbnail","7":"category-overskrifter","8":"tag-breaking-news","9":"tag-breakingnews","10":"tag-featured-news","11":"tag-featurednews","12":"tag-headlines","13":"tag-hovedoppslag","14":"tag-kim-kardashian","15":"tag-kjendis","16":"tag-kjendisdesken","17":"tag-latest-news","18":"tag-latestnews","19":"tag-main-news","20":"tag-mainnews","21":"tag-news","22":"tag-no","23":"tag-norge","24":"tag-norway","25":"tag-nyheter","26":"tag-overskrifter","27":"tag-top-stories","28":"tag-topstories"},"share_on_mastodon":{"url":"","error":""},"_links":{"self":[{"href":"https:\/\/www.europesays.com\/no\/wp-json\/wp\/v2\/posts\/64750","targetHints":{"allow":["GET"]}}],"collection":[{"href":"https:\/\/www.europesays.com\/no\/wp-json\/wp\/v2\/posts"}],"about":[{"href":"https:\/\/www.europesays.com\/no\/wp-json\/wp\/v2\/types\/post"}],"author":[{"embeddable":true,"href":"https:\/\/www.europesays.com\/no\/wp-json\/wp\/v2\/users\/2"}],"replies":[{"embeddable":true,"href":"https:\/\/www.europesays.com\/no\/wp-json\/wp\/v2\/comments?post=64750"}],"version-history":[{"count":0,"href":"https:\/\/www.europesays.com\/no\/wp-json\/wp\/v2\/posts\/64750\/revisions"}],"wp:featuredmedia":[{"embeddable":true,"href":"https:\/\/www.europesays.com\/no\/wp-json\/wp\/v2\/media\/64751"}],"wp:attachment":[{"href":"https:\/\/www.europesays.com\/no\/wp-json\/wp\/v2\/media?parent=64750"}],"wp:term":[{"taxonomy":"category","embeddable":true,"href":"https:\/\/www.europesays.com\/no\/wp-json\/wp\/v2\/categories?post=64750"},{"taxonomy":"post_tag","embeddable":true,"href":"https:\/\/www.europesays.com\/no\/wp-json\/wp\/v2\/tags?post=64750"}],"curies":[{"name":"wp","href":"https:\/\/api.w.org\/{rel}","templated":true}]}}