{"id":64777,"date":"2025-10-19T20:38:09","date_gmt":"2025-10-19T20:38:09","guid":{"rendered":"https:\/\/www.europesays.com\/no\/64777\/"},"modified":"2025-10-19T20:38:09","modified_gmt":"2025-10-19T20:38:09","slug":"tar-farvel-med-hunden-elvis-etter-14-ar","status":"publish","type":"post","link":"https:\/\/www.europesays.com\/no\/64777\/","title":{"rendered":"Tar farvel med hunden Elvis etter 14 \u00e5r"},"content":{"rendered":"<p class=\"kicker \" style=\"\">Sharon Osbourne i sorg:<\/p>\n<p>  TV-stjernen har mistet enda en av sine n\u00e6rmeste f\u00f8lgesvenner: \u00abJeg kan ikke tro at jeg legger ut dette\u00bb.<\/p>\n<p>\n    DYREVENN: TV-stjernen Sharon Osbourne sammen med de firebente familiemedlemmene Bugsy (t.v) og Elvis. Foto: Skjermbilde fra Instagram\/@sharonosbourne\n  <\/p>\n<p>S\u00f8ndag delte TV-stjernen Sharon Osbourne (73) en hjerteskj\u00e6rende beskjed med f\u00f8lgerne sine. Denne uken tok hun farvel med hunden Elvis.<\/p>\n<p>    <a itemprop=\"url\" href=\"https:\/\/www.seher.no\/kjendis\/nye-bilder-vekker-oppsikt\/83735834\" rel=\"nofollow noopener\" target=\"_blank\"><\/p>\n<p>      <img loading=\"lazy\" decoding=\"async\" src=\"https:\/\/www.europesays.com\/no\/wp-content\/uploads\/2025\/10\/1760906288_601_83743189.webp\" width=\"147\" height=\"98\" title=\"Nye bilder vekker oppsikt\" alt=\"\" class=\"lazyload\" style=\"--aspect-ratio-image: 1.50; \"\/><\/p>\n<p>        Nye bilder vekker oppsikt<\/p>\n<p>    <\/a><\/p>\n<p>TV-profilen delte den triste nyheten p\u00e5 Instagram s\u00f8ndag, der hun skrev at den elskede hunden hadde g\u00e5tt bort etter 14 \u00e5r ved hverandres side.<\/p>\n<p>\u00abJeg kan ikke tro at jeg legger ut dette, men min kj\u00e6re Elvis gikk bort denne uken. Han ga meg 14 dyrebare \u00e5r. Han var ved min side til det siste. Hvil i fred, min kj\u00e6re gutt\u00bb, skrev Osbourne.<\/p>\n<p>Elvis var en sibirsk husky som Sharon adopterte i 2011.\u00a0<\/p>\n<p>Hunden ble et trofast medlem av Osbourne-familien, sammen med Sharon og Ozzys store dyreflokk.\u00a0<\/p>\n<p>Familien er kjent for sin store kj\u00e6rlighet til alt fra hunder til griser &#8211; men Elvis hadde en spesiell plass i Sharons hjerte. Han ble ofte sett liggende i fanget hennes under intervjuer.<\/p>\n<p>Dette er nok et f\u00f8lelsesladd tap for Osbourne-familien.\u00a0<\/p>\n<p>I fjor mistet de Ozzys langvarige pomeranian, Rocky, og i sommer\u00a0<a href=\"https:\/\/www.seher.no\/kjendis\/knakk-sammen\/83399061\" rel=\"nofollow noopener\" target=\"_blank\">gikk ogs\u00e5 Ozzy Osbourne bort<\/a>. Han ble 76 \u00e5r gammel.\u00a0<\/p>\n<p>          <img loading=\"lazy\" decoding=\"async\" src=\"https:\/\/www.europesays.com\/no\/wp-content\/uploads\/2025\/10\/83743926.webp\" width=\"686\" height=\"735\" title=\"KNUST: Jack, Sharon og Kelly Osbourne var tydelig preget under begravelsen til Ozzy Osbourne. Foto: Jacob King \/ Pa Photos\" alt=\"\" class=\"\" style=\"--aspect-ratio-image: 0.93; \"\/><\/p>\n<p>\n          KNUST: Jack, Sharon og Kelly Osbourne var tydelig preget under begravelsen til Ozzy Osbourne. Foto: Jacob King \/ Pa Photos\n      <\/p>\n<p>Artisten d\u00f8de som f\u00f8lge av et hjerteinfarkt. I tillegg til den allerede kjente Parkinsons-diagnosen, viste d\u00f8dsattesten at han led av hjerte- og karsykdom.\u00a0<\/p>\n<p>Black Sabbath-legenden etterlot seg kona, Sharon, og barna Jack, Aimee og Kelly.\u00a0<\/p>\n","protected":false},"excerpt":{"rendered":"Sharon Osbourne i sorg: TV-stjernen har mistet enda en av sine n\u00e6rmeste f\u00f8lgesvenner: \u00abJeg kan ikke tro at&hellip;\n","protected":false},"author":2,"featured_media":64778,"comment_status":"","ping_status":"","sticky":false,"template":"","format":"standard","meta":{"footnotes":""},"categories":[58],"tags":[6235,71,2078,6427,479,30,28,29,8320,72],"class_list":{"0":"post-64777","1":"post","2":"type-post","3":"status-publish","4":"format-standard","5":"has-post-thumbnail","7":"category-underholdning","8":"tag-elvis","9":"tag-entertainment","10":"tag-hund","11":"tag-i-sorg","12":"tag-kjendis","13":"tag-no","14":"tag-norge","15":"tag-norway","16":"tag-sharon-osbourne","17":"tag-underholdning"},"share_on_mastodon":{"url":"","error":""},"_links":{"self":[{"href":"https:\/\/www.europesays.com\/no\/wp-json\/wp\/v2\/posts\/64777","targetHints":{"allow":["GET"]}}],"collection":[{"href":"https:\/\/www.europesays.com\/no\/wp-json\/wp\/v2\/posts"}],"about":[{"href":"https:\/\/www.europesays.com\/no\/wp-json\/wp\/v2\/types\/post"}],"author":[{"embeddable":true,"href":"https:\/\/www.europesays.com\/no\/wp-json\/wp\/v2\/users\/2"}],"replies":[{"embeddable":true,"href":"https:\/\/www.europesays.com\/no\/wp-json\/wp\/v2\/comments?post=64777"}],"version-history":[{"count":0,"href":"https:\/\/www.europesays.com\/no\/wp-json\/wp\/v2\/posts\/64777\/revisions"}],"wp:featuredmedia":[{"embeddable":true,"href":"https:\/\/www.europesays.com\/no\/wp-json\/wp\/v2\/media\/64778"}],"wp:attachment":[{"href":"https:\/\/www.europesays.com\/no\/wp-json\/wp\/v2\/media?parent=64777"}],"wp:term":[{"taxonomy":"category","embeddable":true,"href":"https:\/\/www.europesays.com\/no\/wp-json\/wp\/v2\/categories?post=64777"},{"taxonomy":"post_tag","embeddable":true,"href":"https:\/\/www.europesays.com\/no\/wp-json\/wp\/v2\/tags?post=64777"}],"curies":[{"name":"wp","href":"https:\/\/api.w.org\/{rel}","templated":true}]}}