{"id":64793,"date":"2025-10-19T21:13:13","date_gmt":"2025-10-19T21:13:13","guid":{"rendered":"https:\/\/www.europesays.com\/no\/64793\/"},"modified":"2025-10-19T21:13:13","modified_gmt":"2025-10-19T21:13:13","slug":"flytteplaner-jeg-lener-mot-norge","status":"publish","type":"post","link":"https:\/\/www.europesays.com\/no\/64793\/","title":{"rendered":"Flytteplaner: &#8211; Jeg lener mot Norge"},"content":{"rendered":"<p>  Aleksander Aamodt Kilde (33) er fortsatt forlovet, men har ingen planer \u00e5 gifte seg med det f\u00f8rste. &#8211; Det er helt uaktuelt n\u00e5.\u00a0<\/p>\n<p>\n    STJERNEPAR: Aleksander Aamodt Kilde og Mikaela Shiffrin. Her i forbindelse med Formel 1-helga i Monaco i fjor. Foto: Shutterstock\/NTB\n  <\/p>\n<p>Det n\u00e6rmer seg comeback for Aleksander Aamodt Kilde. I Beaver Creek i desember skal han st\u00e5 p\u00e5 startstreken igjen &#8211;\u00a0<a href=\"https:\/\/www.dagbladet.no\/sport\/hadde-aldri-gjort-det\/83693643\" rel=\"nofollow noopener\" target=\"_blank\">etter snart to \u00e5r p\u00e5 sidelinja.<\/a><\/p>\n<p>N\u00e5 er planen \u00e5 holde p\u00e5 i fem \u00e5r til. Minimum.\u00a0<\/p>\n<p class=\"font-weight-normal m-font-weight-normal\" data-lab-font_weight=\"font-weight-normal\"> Men hva skjer etter det?\u00a0<\/p>\n<p>Trolig bryllup og giftem\u00e5l, noe vi kommer tilbake til.\u00a0<\/p>\n<p class=\"italic m-italic\" data-lab-italic=\"italic\">&#8211; Men hvor blir basen etter karrieren. Er planen USA?<\/p>\n<p>&#8211; Vi har ikke lagt noe planer egentlig. N\u00e5 har jeg et sted<br \/>\ni Innsbruck, jeg kommer ikke til \u00e5 ende opp her &#8211; det er jeg ganske sikker p\u00e5, sier han til Dagbladet.\u00a0<\/p>\n<p>          <img loading=\"lazy\" decoding=\"async\" src=\"https:\/\/www.europesays.com\/no\/wp-content\/uploads\/2025\/10\/83727679.webp\" width=\"980\" height=\"559\" title=\"KJENDISTUNGT: Mikaela Shiffrin og Aleksander Aamodt Kilde er blant kjendisene som har tatt turen til Monaco i forbindelse med Formel 1 de siste \u00e5ra. Foto: Reuters\/NTB\" alt=\"\" class=\"\" style=\"--aspect-ratio-image: 1.75; \"\/><\/p>\n<p>\n          KJENDISTUNGT: Mikaela Shiffrin og Aleksander Aamodt Kilde er blant kjendisene som har tatt turen til Monaco i forbindelse med Formel 1 de siste \u00e5ra. Foto: Reuters\/NTB\n      <\/p>\n<p>Med \u00abvi\u00bb, mener Kilde han og forloveden Mikaela Shiffrin. Alpinstjernene har v\u00e6rt sammen siden 2021, og ble i fjor forlovet. Etter karrieren skal de finne en felles base.\u00a0<\/p>\n<p class=\"italic m-italic\" data-lab-italic=\"italic\">&#8211; Men hvor?\u00a0<\/p>\n<p>&#8211; Den dagen jeg ikke st\u00e5r p\u00e5 ski vil jeg v\u00e6re i n\u00e6rheten av<br \/>\nenten min familie eller Mikaelas familie. Om<br \/>\ndet f\u00f8rst blir i USA i noen \u00e5r, og s\u00e5 til Norge. Eller omvendt. Det f\u00e5r vi<br \/>\nse litt p\u00e5. Hvis vi er heldig og f\u00e5r noen unger etter hvert, s\u00e5 blir det de som<br \/>\nstyrer, smiler han og fortsetter:\u00a0<\/p>\n<p>&#8211; Da f\u00e5r vi se hvor veien tar oss. N\u00e5 er jeg motivert til \u00e5 holde p\u00e5 med ski de neste fem \u00e5rene. Eller hvert fall minimum fem \u00e5r. Hvis det funker som det skal, s\u00e5 er det helt konge. Hvis ikke, s\u00e5 f\u00e5r man<br \/>\nta ting n\u00e5r det kommer. <\/p>\n<p>Les mer om status p\u00e5 Kildes comeback her:\u00a0<\/p>\n<p>    <a itemprop=\"url\" href=\"https:\/\/www.dagbladet.no\/sport\/hadde-aldri-gjort-det\/83693643\" rel=\"nofollow noopener\" target=\"_blank\"><\/p>\n<p>      <img loading=\"lazy\" decoding=\"async\" src=\"https:\/\/www.europesays.com\/no\/wp-content\/uploads\/2025\/10\/1760908393_896_83695901.webp\" width=\"980\" height=\"441\" title=\"- Hadde aldri gjort det\" alt=\"\" class=\"lazyload\" style=\"--aspect-ratio-image: 2.22; \"\/><\/p>\n<p>        &#8211; Hadde aldri gjort det<\/p>\n<p>    <\/a><\/p>\n<p>De siste \u00e5ra har stjerneparet hatt avstandsforhold, som s\u00e5nn sett ikke er uvanlig for godt bereiste alpinister. Shiffrin er fra Colorado, mens Kilde har Lommedalen som sitt hjemsted. De siste \u00e5ra har b\u00e6ringen hatt base i \u00f8sterrikske Innsbruck.\u00a0<\/p>\n<p>&#8211; Har du en f\u00f8lelse p\u00e5 hvor du ender opp? <\/p>\n<p class=\"font-weight-bold m-font-weight-bold\" data-lab-font_weight=\"font-weight-bold\">&#8211; Jeg digger jo Norge. Jeg vet jo hvor bra Norge er og hvor bra<br \/>\ndet har v\u00e6rt \u00e5 vokse opp der. For meg s\u00e5 lener jeg jo selvf\u00f8lgelig litt mot Norge,<br \/>\nmen jeg er ogs\u00e5 veldig \u00e5pen for \u00e5 bo i USA sammen med Mikaela. S\u00e5 lenge jeg f\u00e5r v\u00e6re med henne, s\u00e5 er det det som betyr noe, svarer fartsspesialisten.\u00a0<\/p>\n<p>        TALENT: En kj\u00e6rlighetssang til Aleksander Aamodt Kilde g\u00e5r viralt.  Video: Instagram\/Mikaela Shiffrin<\/p>\n<p>&#8211; Familiene kan flytte p\u00e5 seg, og det kan vi ogs\u00e5 heldigvis.<br \/>\nMan kan ogs\u00e5 ta ferie i USA eller Norge. Jeg har v\u00e6rt p\u00e5 reise siden jeg var tolv og bodd i en bag siden da. For meg er det helt konge i Norge, men det er ogs\u00e5 ganske mange fantastiske steder i verden det g\u00e5r an \u00e5 bo.\u00a0<\/p>\n<p>&#8211; Hadde Mikaela trivdes i Lommedalen? <\/p>\n<p>&#8211; Hun synes Norge er supert &#8211; like mye som jeg synes USA er<br \/>\nfint. Uansett hvor vi ender opp, s\u00e5 er det viktigste at vi har et \u00abset up\u00bb som vi kan trives med begge to. Hvis man pr\u00f8ver og det ikke funker, s\u00e5 f\u00e5r man bare v\u00e6re litt<br \/>\nfleksibel.<\/p>\n<p>          <img loading=\"lazy\" decoding=\"async\" src=\"https:\/\/www.europesays.com\/no\/wp-content\/uploads\/2025\/10\/83727681.webp\" width=\"686\" height=\"392\" title=\"FORLOVET: Mikaela Shiffrin og Aleksander Aamodt Kilde bruker en del tid sammen i \u00d8sterrike, hvor Kilde bor. Her fra verdenscupen i S\u00f6lden i 2024. Foto: AP\/NTB\" alt=\"\" class=\"\" style=\"--aspect-ratio-image: 1.75; \"\/><\/p>\n<p>\n          FORLOVET: Mikaela Shiffrin og Aleksander Aamodt Kilde bruker en del tid sammen i \u00d8sterrike, hvor Kilde bor. Her fra verdenscupen i S\u00f6lden i 2024. Foto: AP\/NTB\n      <\/p>\n<p>&#8211; Akkurat n\u00e5 er det helt uaktuelt<\/p>\n<p class=\"font-weight-normal m-font-weight-normal\" data-lab-font_weight=\"font-weight-normal\">I april i fjor ble ogs\u00e5 superparet forlovet, men noe bryllup er ikke planen med det f\u00f8rste.\u00a0<\/p>\n<p>&#8211; Vi er forlovet. Ikke tenk p\u00e5 det. Mer enn noen gang, sier<br \/>\nstjerna og ler. <\/p>\n<p>&#8211; Ting har skjedd og vi har ikke tida til \u00e5 gifte oss enda. Vi<br \/>\nhar lyst til at det skal v\u00e6re en ordentlig fin greie, og at det ikke skal v\u00e6re stress og at kjenner p\u00e5 at det er en utfordring \u00e5 gifte seg. Det er un\u00f8dvendig.\u00a0<\/p>\n<p>&#8211; Jeg spurte om et \u00abja\u00bb tidlig, men det var ikke snakk om at vi skulle gifte oss ett \u00e5r etter. Det er altfor tidlig. En ting om gangen, s\u00e5 f\u00e5r vi ser n\u00e5r vi gifter oss. Men det kommer til \u00e5 skje hvert fall, fortsetter 33-\u00e5ringen.\u00a0<\/p>\n<p>&#8211; Har dere satt noe frist?\u00a0<\/p>\n<p>&#8211; Nei. Jeg tenker at en av oss m\u00e5 v\u00e6re ferdig p\u00e5 ski for \u00e5 ha<br \/>\ntid til \u00e5 deale med det. Akkurat n\u00e5 s\u00e5 er det helt uaktuelt fordi vi ikke har tid, det er OL-sesong og mye \u00e5 drive med det. <\/p>\n<p> I februar venter den st\u00f8rste gulroten med OL i Italia for Kilde og Shiffrin. Men f\u00f8rst og fremst er\u00a0fartssesongstarten\u00a0i Beaver Creek i desember det store m\u00e5let for nordmannen.\u00a0<\/p>\n<p>Sett denne?\u00a0<\/p>\n<p>        Alpinisten Aleksander Aamodt Kilde om livet med Mikaela Shiffrin. Video: B\u00e5rd S\u00f8r\u00f8 Olsen, R\u00f8dt Kort \/ Viaplay.<\/p>\n","protected":false},"excerpt":{"rendered":"Aleksander Aamodt Kilde (33) er fortsatt forlovet, men har ingen planer \u00e5 gifte seg med det f\u00f8rste. &#8211;&hellip;\n","protected":false},"author":2,"featured_media":64794,"comment_status":"","ping_status":"","sticky":false,"template":"","format":"standard","meta":{"footnotes":""},"categories":[10],"tags":[2347,249,20,21,24,25,15,22,23,9373,13,30,28,29,14,16,83,26,27],"class_list":{"0":"post-64793","1":"post","2":"type-post","3":"status-publish","4":"format-standard","5":"has-post-thumbnail","7":"category-norge","8":"tag-aleksander-aamodt-kilde","9":"tag-alpint","10":"tag-breaking-news","11":"tag-breakingnews","12":"tag-featured-news","13":"tag-featurednews","14":"tag-headlines","15":"tag-latest-news","16":"tag-latestnews","17":"tag-mikaela-shiffrin","18":"tag-news","19":"tag-no","20":"tag-norge","21":"tag-norway","22":"tag-nyheter","23":"tag-overskrifter","24":"tag-sport","25":"tag-top-stories","26":"tag-topstories"},"share_on_mastodon":{"url":"","error":""},"_links":{"self":[{"href":"https:\/\/www.europesays.com\/no\/wp-json\/wp\/v2\/posts\/64793","targetHints":{"allow":["GET"]}}],"collection":[{"href":"https:\/\/www.europesays.com\/no\/wp-json\/wp\/v2\/posts"}],"about":[{"href":"https:\/\/www.europesays.com\/no\/wp-json\/wp\/v2\/types\/post"}],"author":[{"embeddable":true,"href":"https:\/\/www.europesays.com\/no\/wp-json\/wp\/v2\/users\/2"}],"replies":[{"embeddable":true,"href":"https:\/\/www.europesays.com\/no\/wp-json\/wp\/v2\/comments?post=64793"}],"version-history":[{"count":0,"href":"https:\/\/www.europesays.com\/no\/wp-json\/wp\/v2\/posts\/64793\/revisions"}],"wp:featuredmedia":[{"embeddable":true,"href":"https:\/\/www.europesays.com\/no\/wp-json\/wp\/v2\/media\/64794"}],"wp:attachment":[{"href":"https:\/\/www.europesays.com\/no\/wp-json\/wp\/v2\/media?parent=64793"}],"wp:term":[{"taxonomy":"category","embeddable":true,"href":"https:\/\/www.europesays.com\/no\/wp-json\/wp\/v2\/categories?post=64793"},{"taxonomy":"post_tag","embeddable":true,"href":"https:\/\/www.europesays.com\/no\/wp-json\/wp\/v2\/tags?post=64793"}],"curies":[{"name":"wp","href":"https:\/\/api.w.org\/{rel}","templated":true}]}}