{"id":64805,"date":"2025-10-19T21:29:09","date_gmt":"2025-10-19T21:29:09","guid":{"rendered":"https:\/\/www.europesays.com\/no\/64805\/"},"modified":"2025-10-19T21:29:09","modified_gmt":"2025-10-19T21:29:09","slug":"avgjorde-for-real-madrid-igjen","status":"publish","type":"post","link":"https:\/\/www.europesays.com\/no\/64805\/","title":{"rendered":"Avgjorde for Real Madrid igjen"},"content":{"rendered":"\n<p class=\"_lead_o9xde_2 _lead_xtcu6_50 layout-component text-serif-m layout-normal text-serif-l layout-component layout-wide layout-padded _wide_17hqh_1 layout-padded\">De er Europas hellige tre m\u00e5lkonger \u2013 og sesongen ser ut til \u00e5 bli en durabelig triell om scoringstronen.<\/p>\n<p><img alt=\" Foto: SERGIO PEREZ \/ EPA \/ NTB\" class=\"_image_qp4xg_65 layout-component layout-wide\" data-fullscreen- data-track-element-type=\"Article image fullscreen\" data-track-name=\"ImageFullscreen\" fetchpriority=\"high\" decoding=\"sync\" loading=\"eager\" height=\"1536\" itemprop=\"image\"  src=\"https:\/\/www.europesays.com\/no\/wp-content\/uploads\/2025\/10\/0c9bcf2a-cdfd-4bd3-9df1-525a712c528d\"  style=\"object-position:0% 0%\" width=\"2304\"\/> Foto: SERGIO PEREZ \/ EPA \/ NTB<\/p>\n<ul aria-hidden=\"true\" class=\"_images_18f0k_111\">\n<li><a class=\"_link_18f0k_116\" href=\"https:\/\/www.vg.no\/forfatter\/oeyvind-herrebroeden\" style=\"z-index:1\" title=\"\u00d8yvind Herrebr\u00f8den\" rel=\"nofollow noopener\" target=\"_blank\"><img alt=\"Bilde av \u00d8yvind Herrebr\u00f8den\" class=\"_image_18f0k_93\" fetchpriority=\"low\" loading=\"lazy\" decoding=\"async\" itemprop=\"image\"  src=\"https:\/\/www.europesays.com\/no\/wp-content\/uploads\/2025\/10\/1760909349_771_8bb7c2c0-7083-4b77-a732-7b476449021f\"  width=\"480\"\/><\/a><\/li>\n<\/ul>\n<p> Oppdatert s\u00f8ndag 19. oktober kl. 23:16     <\/p>\n<p class=\"_paragraph_o9xde_4 _paragraph_xtcu6_10 layout-component text-serif-m layout-normal text-serif-m layout-padded\">For det virker ikke \u00e5 v\u00e6re s\u00e6rlig spenning om hvem som blir toppscorer i henholdsvis Premier League, Bundesliga eller <a href=\"https:\/\/www.vg.no\/tag\/la-liga?utm_source=vg-article&amp;utm_medium=auto-tagger&amp;utm_campaign=o3dRwj\" class=\"_link_o9xde_39\" rel=\"nofollow noopener\" target=\"_blank\">La Liga<\/a> denne sesongen.<\/p>\n<p class=\"_paragraph_o9xde_4 _paragraph_xtcu6_10 layout-component text-serif-m layout-normal text-serif-m layout-padded\">Erling Braut Haaland (Manchester City), Harry Kane (Bayern) og Kylian Mbapp\u00e9 har hatt hver sin rakettstart. Derimot kan det bli et vanvittig race sesongen gjennom om hvem som scorer flest av disse tre.<\/p>\n<p><img alt=\"\" class=\"_image_qp4xg_65 layout-component layout-normal\" data-fullscreen- data-track-element-type=\"Article image fullscreen\" data-track-name=\"ImageFullscreen\" decoding=\"async\" loading=\"lazy\" height=\"2663\" itemprop=\"image\"  src=\"https:\/\/www.europesays.com\/no\/wp-content\/uploads\/2025\/10\/51c03588-3857-4626-94ae-bf5eed137f33\"  style=\"object-position:0% 0%\" width=\"2048\"\/><\/p>\n<p class=\"_paragraph_o9xde_4 _paragraph_xtcu6_10 layout-component text-serif-m layout-normal text-serif-m layout-padded\"><strong class=\"_strong_o9xde_25\">Grafikk:<\/strong> <a href=\"https:\/\/www.sofascore.com\" class=\"_link_o9xde_39\" rel=\"nofollow noopener\" target=\"_blank\">www.sofascore.com<\/a><\/p>\n<p class=\"_paragraph_o9xde_4 _paragraph_xtcu6_10 layout-component text-serif-m layout-normal text-serif-m layout-padded\">Kylian Mbapp\u00e9 holdt sin lekre statistikk vedlike da han satte kampens eneste m\u00e5l for Real Madrid mot byfrenden Getafe s\u00f8ndag kveld.<\/p>\n<ul class=\"_list_o9xde_3 _list_xtcu6_9 _unordered_o9xde_106 layout-component text-serif-m layout-normal text-serif-m layout-padded\">\n<li class=\"_item_o9xde_30\">Det betyr at han er p\u00e5 samme (vanvittige) niv\u00e5 som Erling Braut Haaland: Akkurat som nordmannen har Mbapp\u00e9 kun spilt \u00e9n kamp denne sesongen der han ikke har scoretikke har scoretMot Mallorca i La Liga.<\/li>\n<li class=\"_item_o9xde_30\">Totalt har franskmannen 18 m\u00e5l p\u00e5 14 kamper for Real Madrid og Frankrike.<\/li>\n<li class=\"_item_o9xde_30\">Erling Braut Haaland har flest m\u00e5l av trioen om du inkluderer klubb- og landskamper. Nordmannen har aldri scoret mer fra seriestart i seniorkarrieren enn det han har gjort fra august i \u00e5r: 23 m\u00e5l p\u00e5 13 kamper for City og Norge er hans fasit etter to fulltreffere <a href=\"https:\/\/www.vg.no\/sport\/i\/Ey30q5\/premier-league-erling-braut-haaland-sin-beste-hoest\" data-track-element-type=\"Link\" data-track-id=\"link:Ey30q5\" class=\"_link_o9xde_39\" rel=\"nofollow noopener\" target=\"_blank\">mot Everton l\u00f8rdag<\/a>.<\/li>\n<li class=\"_item_o9xde_30\">Om du kun regner klubbkamper, er Harry Kane den beste. Engelskmannen i Bayern M\u00fcnchen har 19 m\u00e5l p\u00e5 11 kamper for Tysklands beste lag. L\u00f8rdag scoret han i \u00abDer Klassiker\u00bb <a href=\"https:\/\/www.vg.no\/sport\/i\/1M1QWl\/kane-maal-i-gigantkampen-overgaar-haaland-i-klubbfotball\" data-track-element-type=\"Link\" data-track-id=\"link:1M1QWl\" class=\"_link_o9xde_39\" rel=\"nofollow noopener\" target=\"_blank\">mot Borussia Dortmund<\/a>.<\/li>\n<\/ul>\n","protected":false},"excerpt":{"rendered":"De er Europas hellige tre m\u00e5lkonger \u2013 og sesongen ser ut til \u00e5 bli en durabelig triell om&hellip;\n","protected":false},"author":2,"featured_media":64806,"comment_status":"","ping_status":"","sticky":false,"template":"","format":"standard","meta":{"footnotes":""},"categories":[59],"tags":[2500,482,30,28,29,2499,83,82],"class_list":{"0":"post-64805","1":"post","2":"type-post","3":"status-publish","4":"format-standard","5":"has-post-thumbnail","7":"category-sport","8":"tag-kylian-mbappe","9":"tag-la-liga","10":"tag-no","11":"tag-norge","12":"tag-norway","13":"tag-real-madrid-cf","14":"tag-sport","15":"tag-sports"},"share_on_mastodon":{"url":"","error":""},"_links":{"self":[{"href":"https:\/\/www.europesays.com\/no\/wp-json\/wp\/v2\/posts\/64805","targetHints":{"allow":["GET"]}}],"collection":[{"href":"https:\/\/www.europesays.com\/no\/wp-json\/wp\/v2\/posts"}],"about":[{"href":"https:\/\/www.europesays.com\/no\/wp-json\/wp\/v2\/types\/post"}],"author":[{"embeddable":true,"href":"https:\/\/www.europesays.com\/no\/wp-json\/wp\/v2\/users\/2"}],"replies":[{"embeddable":true,"href":"https:\/\/www.europesays.com\/no\/wp-json\/wp\/v2\/comments?post=64805"}],"version-history":[{"count":0,"href":"https:\/\/www.europesays.com\/no\/wp-json\/wp\/v2\/posts\/64805\/revisions"}],"wp:featuredmedia":[{"embeddable":true,"href":"https:\/\/www.europesays.com\/no\/wp-json\/wp\/v2\/media\/64806"}],"wp:attachment":[{"href":"https:\/\/www.europesays.com\/no\/wp-json\/wp\/v2\/media?parent=64805"}],"wp:term":[{"taxonomy":"category","embeddable":true,"href":"https:\/\/www.europesays.com\/no\/wp-json\/wp\/v2\/categories?post=64805"},{"taxonomy":"post_tag","embeddable":true,"href":"https:\/\/www.europesays.com\/no\/wp-json\/wp\/v2\/tags?post=64805"}],"curies":[{"name":"wp","href":"https:\/\/api.w.org\/{rel}","templated":true}]}}