{"id":64842,"date":"2025-10-19T22:45:23","date_gmt":"2025-10-19T22:45:23","guid":{"rendered":"https:\/\/www.europesays.com\/no\/64842\/"},"modified":"2025-10-19T22:45:23","modified_gmt":"2025-10-19T22:45:23","slug":"klasse-adressa-no","status":"publish","type":"post","link":"https:\/\/www.europesays.com\/no\/64842\/","title":{"rendered":"Klasse! &#8211; adressa.no"},"content":{"rendered":"\n<p>Ivar S\u00f8rensen  Universitetslektor, Institutt for l\u00e6rereutdanning, NTNU<\/p>\n<p>Publisert:<br \/>\n  19. oktober 2025 kl. 12:23<br \/>\n  Oppdatert:<br \/>\n  19. oktober 2025 kl. 12:23\n <\/p>\n<p>Dette er et debattinnlegg. Det gir uttrykk for debattantens egen holdning.<\/p>\n<p><strong>Adressa skriver 17. oktober<\/strong> om at det statlige foretaket Enova <a href=\"https:\/\/www.adressa.no\/okonomi\/i\/pPojbw\/betaler-for-direktoerens-prestisjeutdannelse\" rel=\"noopener nofollow\" target=\"_blank\">dekker etterutdanning<\/a> for direkt\u00f8r Astrid Lilliestr\u00e5le p\u00e5 en prestisjeskole utenfor Paris. Prislapp: ca. 1 000 000 kroner. Dette inkluderer nesten 300 000 kroner i reise og opphold.<\/p>\n<p><strong>Samtidig h\u00f8rer vi<\/strong> til stadighet at h\u00f8ye l\u00f8nninger for direkt\u00f8rer og den slags \u2013 noen ganger flere ganger s\u00e5 h\u00f8y l\u00f8nn som statsministeren \u2013 er n\u00f8dvendig for \u00e5 <a href=\"https:\/\/www.nrk.no\/nordland\/ville-ikke-ha-lonnsokning-da-helse-nord-gikk-med-underskudd-_-ny-direktor-fikk-lonnshopp-1.17601756\" rel=\"noopener nofollow\" target=\"_blank\">tiltrekke seg de beste folkene<\/a> med den n\u00f8dvendige kompetansen.<\/p>\n<p><strong>For meg<\/strong> ser dette ut som det man p\u00e5 storbritisk kaller \u00aba square peg in a round hole\u00bb.<\/p>\n<p><strong>Vi snakker nok<\/strong> for lite om klasse i dette landet.<\/p>\n<p><strong>Hva mener du? Send inn din tekst til <a href=\"https:\/\/www.adressa.no\/debatt\/i\/jQ6oQw\/mailto:debatt@adresseavisen.no\" rel=\"noopener nofollow\" target=\"_blank\">debatt@adresseavisen.no<\/a> eller delta i debatten i kommentarfeltet nederst \u2013 og husk fullt navn!<\/strong><\/p>\n","protected":false},"excerpt":{"rendered":"Ivar S\u00f8rensen Universitetslektor, Institutt for l\u00e6rereutdanning, NTNU Publisert: 19. oktober 2025 kl. 12:23 Oppdatert: 19. oktober 2025 kl.&hellip;\n","protected":false},"author":2,"featured_media":64843,"comment_status":"","ping_status":"","sticky":false,"template":"","format":"standard","meta":{"footnotes":""},"categories":[5],"tags":[20,21,37,9376,24,25,15,19,22,23,4577,17,18,13,30,28,29,14,16,26,27],"class_list":{"0":"post-64842","1":"post","2":"type-post","3":"status-publish","4":"format-standard","5":"has-post-thumbnail","7":"category-overskrifter","8":"tag-breaking-news","9":"tag-breakingnews","10":"tag-debatt","11":"tag-enova","12":"tag-featured-news","13":"tag-featurednews","14":"tag-headlines","15":"tag-hovedoppslag","16":"tag-latest-news","17":"tag-latestnews","18":"tag-lonn","19":"tag-main-news","20":"tag-mainnews","21":"tag-news","22":"tag-no","23":"tag-norge","24":"tag-norway","25":"tag-nyheter","26":"tag-overskrifter","27":"tag-top-stories","28":"tag-topstories"},"share_on_mastodon":{"url":"","error":""},"_links":{"self":[{"href":"https:\/\/www.europesays.com\/no\/wp-json\/wp\/v2\/posts\/64842","targetHints":{"allow":["GET"]}}],"collection":[{"href":"https:\/\/www.europesays.com\/no\/wp-json\/wp\/v2\/posts"}],"about":[{"href":"https:\/\/www.europesays.com\/no\/wp-json\/wp\/v2\/types\/post"}],"author":[{"embeddable":true,"href":"https:\/\/www.europesays.com\/no\/wp-json\/wp\/v2\/users\/2"}],"replies":[{"embeddable":true,"href":"https:\/\/www.europesays.com\/no\/wp-json\/wp\/v2\/comments?post=64842"}],"version-history":[{"count":0,"href":"https:\/\/www.europesays.com\/no\/wp-json\/wp\/v2\/posts\/64842\/revisions"}],"wp:featuredmedia":[{"embeddable":true,"href":"https:\/\/www.europesays.com\/no\/wp-json\/wp\/v2\/media\/64843"}],"wp:attachment":[{"href":"https:\/\/www.europesays.com\/no\/wp-json\/wp\/v2\/media?parent=64842"}],"wp:term":[{"taxonomy":"category","embeddable":true,"href":"https:\/\/www.europesays.com\/no\/wp-json\/wp\/v2\/categories?post=64842"},{"taxonomy":"post_tag","embeddable":true,"href":"https:\/\/www.europesays.com\/no\/wp-json\/wp\/v2\/tags?post=64842"}],"curies":[{"name":"wp","href":"https:\/\/api.w.org\/{rel}","templated":true}]}}