{"id":64866,"date":"2025-10-20T01:31:35","date_gmt":"2025-10-20T01:31:35","guid":{"rendered":"https:\/\/www.europesays.com\/no\/64866\/"},"modified":"2025-10-20T01:31:35","modified_gmt":"2025-10-20T01:31:35","slug":"ny-iphone-veldig-sterkt-kvartal-for-apple","status":"publish","type":"post","link":"https:\/\/www.europesays.com\/no\/64866\/","title":{"rendered":"Ny iPhone: \u2013 Veldig sterkt kvartal for Apple"},"content":{"rendered":"<p>Tidligere i september lanserte Apple den nye iPhone 17-serien, med det som av flere pekes p\u00e5 som noen av de st\u00f8rre designendringene selskapet har gjort p\u00e5 flere \u00e5r.<\/p>\n<p>If\u00f8lge <a href=\"https:\/\/www.ft.com\/content\/be3f6853-286b-4296-9cef-fd0a9da624f8\" target=\"_blank\" rel=\"nofollow noopener\">Financial Times<\/a> (FT) indikerer salget s\u00e5 langt at dette kan bli den sterkeste veksten Apple har hatt i smarttelefonsalget siden pandemien.<\/p>\n<p>If\u00f8lge data fra Visible Alpha estimerer analytikerne 4 prosent vekst for Apples iPhone-salg i \u00e5r til 209,3 milliarder dollar, f\u00f8r veksten \u00f8ker til 5 prosent for regnskaps\u00e5ret 2026 til 218,9 milliarder dollar.<\/p>\n<p>\u2013 Det er riktig \u00e5 beskrive iPhone 17-lanseringen som overraskende, sammenlignet med hvor forventningene p\u00e5 Wall Street l\u00e5 i slutten av august, sier Gene Munster i Deepwater Asset Management.<\/p>\n<p>Til sammenligning opplevde Apple et fall iPhone-inntektene p\u00e5 2 prosent i regnskaps\u00e5ret 2023. Apples regnskaps\u00e5r avsluttes i september.<\/p>\n<p><b>Likevel f\u00f8rer \u00e5rets oppgraderinger av kamera, skjerm og batteri til at flere fristes til \u00e5 oppgradere til en ny iPhone, skriver FT.<\/b><\/p>\n<p>If\u00f8lge analytikere i Bank of America er leveringstidene for en ny iPhone i \u00e5r lengre enn hva de tidligere har v\u00e6rt, noe som kan indikere sterk ettersp\u00f8rsel.<\/p>\n<p>\u2013 N\u00e5r leveringstidene er lengre s\u00e5 indikerer det vanligvis en bedre produktsyklus, sier Munster.<\/p>\n<p>Han legger til at ventetiden p\u00e5 en ny iPhone er rundt 13 prosent h\u00f8yere enn i fjor. Apple legger frem tall for regnskapsmessig fjerde kvartal 30. oktober.<\/p>\n<p>\u2013 \u00c5penbart er det et veldig sterkt kvartal for Apple. Jeg kan ikke huske sist jeg s\u00e5 k\u00f8er utenfor Apple-butikker slik jeg har sett i \u00e5r, sier IDC-analytiker Francisco Jeronimo.<\/p>\n","protected":false},"excerpt":{"rendered":"Tidligere i september lanserte Apple den nye iPhone 17-serien, med det som av flere pekes p\u00e5 som noen&hellip;\n","protected":false},"author":2,"featured_media":64867,"comment_status":"","ping_status":"","sticky":false,"template":"","format":"standard","meta":{"footnotes":""},"categories":[57],"tags":[30,28,29,65,63,64,66,70,69,67,68],"class_list":{"0":"post-64866","1":"post","2":"type-post","3":"status-publish","4":"format-standard","5":"has-post-thumbnail","7":"category-vitenskap-og-teknologi","8":"tag-no","9":"tag-norge","10":"tag-norway","11":"tag-science","12":"tag-science-and-technology","13":"tag-scienceandtechnology","14":"tag-technology","15":"tag-teknologi","16":"tag-vitenskap","17":"tag-vitenskap-og-teknologi","18":"tag-vitenskapteknologi"},"share_on_mastodon":{"url":"","error":""},"_links":{"self":[{"href":"https:\/\/www.europesays.com\/no\/wp-json\/wp\/v2\/posts\/64866","targetHints":{"allow":["GET"]}}],"collection":[{"href":"https:\/\/www.europesays.com\/no\/wp-json\/wp\/v2\/posts"}],"about":[{"href":"https:\/\/www.europesays.com\/no\/wp-json\/wp\/v2\/types\/post"}],"author":[{"embeddable":true,"href":"https:\/\/www.europesays.com\/no\/wp-json\/wp\/v2\/users\/2"}],"replies":[{"embeddable":true,"href":"https:\/\/www.europesays.com\/no\/wp-json\/wp\/v2\/comments?post=64866"}],"version-history":[{"count":0,"href":"https:\/\/www.europesays.com\/no\/wp-json\/wp\/v2\/posts\/64866\/revisions"}],"wp:featuredmedia":[{"embeddable":true,"href":"https:\/\/www.europesays.com\/no\/wp-json\/wp\/v2\/media\/64867"}],"wp:attachment":[{"href":"https:\/\/www.europesays.com\/no\/wp-json\/wp\/v2\/media?parent=64866"}],"wp:term":[{"taxonomy":"category","embeddable":true,"href":"https:\/\/www.europesays.com\/no\/wp-json\/wp\/v2\/categories?post=64866"},{"taxonomy":"post_tag","embeddable":true,"href":"https:\/\/www.europesays.com\/no\/wp-json\/wp\/v2\/tags?post=64866"}],"curies":[{"name":"wp","href":"https:\/\/api.w.org\/{rel}","templated":true}]}}