{"id":64921,"date":"2025-10-20T05:21:10","date_gmt":"2025-10-20T05:21:10","guid":{"rendered":"https:\/\/www.europesays.com\/no\/64921\/"},"modified":"2025-10-20T05:21:10","modified_gmt":"2025-10-20T05:21:10","slug":"toppledere-raser-mot-innblanding-fra-staten-%e2%81%a0-vi-kunne-fatt-til-sa-veldig-mye-mer","status":"publish","type":"post","link":"https:\/\/www.europesays.com\/no\/64921\/","title":{"rendered":"Toppledere raser mot innblanding fra staten: \u2013\u2060\u00a0Vi kunne f\u00e5tt til s\u00e5 veldig mye mer"},"content":{"rendered":"\n<ul class=\"_list_o9xde_3 _list_64s2r_85 _unordered_o9xde_106 text-sans-m\">\n<li class=\"_item_o9xde_30\">Tidligere Bane Nor-sjef Thor Gjermund Eriksen gikk p\u00e5 dagen grunnet manglende arbeidsro.<\/li>\n<li class=\"_item_o9xde_30\">Eriksen kritiserer Samferdselsdepartementet for \u00abkatastrofale\u00bb eierstyring.<\/li>\n<li class=\"_item_o9xde_30\">64 % av topplederne i offentlig sektor mener politisk detaljstyring begrenser deres handlingsrom.<\/li>\n<\/ul>\n<p>Vis mer <\/p>\n<p class=\"_paragraph_o9xde_4 _paragraph_xtcu6_10 layout-component text-serif-m layout-normal text-serif-m layout-padded\">26. februar <a href=\"https:\/\/www.vg.no\/nyheter\/i\/Ey2QMj\/bane-nor-sjefen-gaar-av\" data-track-element-type=\"Link\" data-track-id=\"link:Ey2QMj\" class=\"_link_o9xde_39\" rel=\"nofollow noopener\" target=\"_blank\">gikk han av som konsernsjef<\/a> i statsforetaketstatsforetaketEt statsforetak er en virksomhet som er eid av staten og opererer innenfor et bestemt omr\u00e5de, som for eksempel jernbane eller helse. som driver, vedlikeholder og moderniserer jernbanen, etter knapt halvannet \u00e5r i stillingen.<\/p>\n<p class=\"_paragraph_o9xde_4 _paragraph_xtcu6_10 layout-component text-serif-m layout-normal text-serif-m layout-padded\">\u2013 N\u00e5r man sitter med et ansvar som ikke er mulig \u00e5 ut\u00f8ve, m\u00e5 man nesten gj\u00f8re noe annet, sier mannen som gikk fra \u00e5 v\u00e6re toppleder til \u00e5 bli styregrossist.<\/p>\n<p class=\"_paragraph_o9xde_4 _paragraph_xtcu6_10 layout-component text-serif-m layout-normal text-serif-m layout-padded\">Eriksen har ogs\u00e5 v\u00e6rt kringkastingssjef i NRK og administrerende direkt\u00f8r i Norsk Tipping.<\/p>\n<p class=\"_paragraph_o9xde_4 _paragraph_xtcu6_10 layout-component text-serif-m layout-normal text-serif-m layout-padded\"><strong class=\"_strong_o9xde_25\">\u2013 Jeg har opplevd det beste og det verste av eierstyring i offentlig sektor.<\/strong><\/p>\n<p class=\"_paragraph_o9xde_4 _paragraph_xtcu6_10 layout-component text-serif-m layout-normal text-serif-m layout-padded\">Eriksen kaller Samferdselsdepartementets styring av Bane Nor for \u00abkatastrofal\u00bb.<\/p>\n<p class=\"_paragraph_o9xde_4 _paragraph_xtcu6_10 layout-component text-serif-m layout-normal text-serif-m layout-padded\">\u2013 Vi kunne f\u00e5tt til s\u00e5 veldig mye mer for ressursene vi har innen jernbanen, med tydeligere styring, realistiske m\u00e5l og bedre samsvar mellom ansvar og myndighet til \u00e5 utf\u00f8re oppgavene, sier han til VG.<\/p>\n<p>Thor Gjermund Eriksen (59)<\/p>\n<ul class=\"_list_o9xde_3 _list_xtcu6_9 _list_16v91_9 _unordered_o9xde_106 layout-component text-serif-m layout-normal text-sans-m layout-padded\">\n<li class=\"_item_o9xde_30\">2023\u20132025 Konsernsjef i Bane Nor<\/li>\n<li class=\"_item_o9xde_30\">2022\u20132023 Administrerende direkt\u00f8r i Norsk Tipping<\/li>\n<li class=\"_item_o9xde_30\">2013\u20132022 Kringkastingssjef i NRK<\/li>\n<li class=\"_item_o9xde_30\">2006\u20132013 direkt\u00f8r og konsernsjef i Amedia<\/li>\n<li class=\"_item_o9xde_30\">2003\u20132006 Ansvarlig redakt\u00f8r i Dagbladet<\/li>\n<\/ul>\n<p class=\"_paragraph_o9xde_4 _paragraph_xtcu6_10 _paragraph_16v91_10 layout-component text-serif-m layout-normal text-sans-m layout-padded\">Eriksen er styreleder i forlaget Aschehoug, Norsk Folkemuseum og V\u00e5lerenga Fotball. Han har styreverv i Amedia, Obos og Sveriges Television. <\/p>\n<p class=\"_paragraph_o9xde_4 _paragraph_xtcu6_10 _paragraph_16v91_10 layout-component text-serif-m layout-normal text-sans-m layout-padded\">Eriksen er oppvokst p\u00e5 H\u00f8ybr\u00e5ten i Oslo og har politisk bakgrunn fra SV og Arbeiderpartiet.<\/p>\n<p class=\"_paragraph_o9xde_4 _paragraph_xtcu6_10 _paragraph_16v91_10 layout-component text-serif-m layout-normal text-sans-m layout-padded\">Kilde: Wikipedia<\/p>\n<p>Vis mer<\/p>\n<p class=\"_paragraph_o9xde_4 _paragraph_xtcu6_10 layout-component text-serif-m layout-normal text-serif-m layout-padded\">Eriksen er ikke alene om \u00e5 mene at politikerne blander seg for mye.<\/p>\n<p class=\"_paragraph_o9xde_4 _paragraph_xtcu6_10 layout-component text-serif-m layout-normal text-serif-m layout-padded\"><strong class=\"_strong_o9xde_25\">N\u00e6r to av tre toppledere i offentlig eide virksomheter mener at politiske myndigheters detaljstyring begrenser deres handlingsrom, if\u00f8lge en ny unders\u00f8kelse fra Arbeidsgiverforeningen Spekter:<\/strong><\/p>\n<ul class=\"_list_o9xde_3 _list_xtcu6_9 _unordered_o9xde_106 layout-component text-serif-m layout-normal text-serif-m layout-padded\">\n<li class=\"_item_o9xde_30\">I noen grad, svarer 30 prosent. <\/li>\n<li class=\"_item_o9xde_30\">I stor grad, svarer 19 prosent. <\/li>\n<li class=\"_item_o9xde_30\">I sv\u00e6rt stor grad, svarer 15 prosent.<\/li>\n<\/ul>\n<p class=\"_paragraph_o9xde_4 _paragraph_xtcu6_10 layout-component text-serif-m layout-normal text-serif-m layout-padded\">577 toppledere har svart p\u00e5 unders\u00f8kelsen, men svarene spriker:<\/p>\n<p class=\"_paragraph_o9xde_4 _paragraph_xtcu6_10 layout-component text-serif-m layout-normal text-serif-m layout-padded\">83 prosent av lederne i helseforetakene mener at politiske myndigheter detaljstyrer for mye, mot 67 prosent innen samferdsel og 39 prosent innen kultur.<\/p>\n<p><img alt=\"Helseminister Jan Christian Vestre (Ap) m\u00f8ter ansatte p\u00e5 Ahus i mai 2024.  Foto: Helge Mikalsen \/ VG\" class=\"_image_qp4xg_65 layout-component layout-normal\" data-fullscreen- data-track-element-type=\"Article image fullscreen\" data-track-name=\"ImageFullscreen\" decoding=\"async\" loading=\"lazy\" height=\"5504\" itemprop=\"image\"  src=\"https:\/\/www.europesays.com\/no\/wp-content\/uploads\/2025\/10\/7e462d91-641f-4fc1-b3b6-413b0005a819\"  style=\"object-position:0% 0%\" width=\"8256\"\/>Helseminister Jan Christian Vestre (Ap) m\u00f8ter ansatte p\u00e5 Ahus i mai 2024.  Foto: Helge Mikalsen \/ VG<\/p>\n<p class=\"_paragraph_o9xde_4 _paragraph_xtcu6_10 layout-component text-serif-m layout-normal text-serif-m layout-padded\">Unders\u00f8kelsen er utf\u00f8rt av arbeidsgiver\u00adforeningen Spekter i samarbeid med H\u00f8yskolen Kristiania. De aller fleste som har svart, leder foretak og selskaper som er heleid av staten.<\/p>\n<p class=\"_paragraph_o9xde_4 _paragraph_xtcu6_10 layout-component text-serif-m layout-normal text-serif-m layout-padded\">Blant dem er de regionale helseforetakene og sykehusene, Avinor, Bane Nor, Vy, Nye Veier, NRK, Posten og Norsk Tipping.<\/p>\n<p><img alt=\"Foto: Tore Kristiansen, VG\" class=\"_image_qp4xg_65 layout-component layout-normal\" data-fullscreen- data-track-element-type=\"Article image fullscreen\" data-track-name=\"ImageFullscreen\" decoding=\"async\" loading=\"lazy\" height=\"4000\" itemprop=\"image\"  src=\"https:\/\/www.europesays.com\/no\/wp-content\/uploads\/2025\/10\/29d99dde-d2f9-4e6d-8253-a7b7782578ef\"  style=\"object-position:0% 0%\" width=\"6000\"\/>Foto: Tore Kristiansen, VG<\/p>\n<p class=\"_paragraph_o9xde_4 _paragraph_xtcu6_10 layout-component text-serif-m layout-normal text-serif-m layout-padded\">Som konsernsjef var Thor Gjermund Eriksen underlagt styret for Bane Nor. <\/p>\n<p class=\"_paragraph_o9xde_4 _paragraph_xtcu6_10 layout-component text-serif-m layout-normal text-serif-m layout-padded\"><strong class=\"_strong_o9xde_25\">\u2013 Styret hadde jeg et utmerket forhold til. Men jeg hadde jo ti ganger s\u00e5 mange m\u00f8ter med departementet og Jernbane\u00addirektoratet som jeg hadde med styret.<\/strong><\/p>\n<p class=\"_paragraph_o9xde_4 _paragraph_xtcu6_10 layout-component text-serif-m layout-normal text-serif-m layout-padded\">Eriksen, som snakker med VG i forkant av et innlegg om temaet under Spekter\u00adkonferansen mandag, sier at staten selvsagt m\u00e5 f\u00f8lge opp jernbanen og store utbyggingsprosjekter.<\/p>\n<p class=\"_paragraph_o9xde_4 _paragraph_xtcu6_10 layout-component text-serif-m layout-normal text-serif-m layout-padded\">\u2013 Men n\u00e5r det skjer i tre ulike linjer, blir det nesten umulig \u00e5 ha ansvar for \u00e5 gjennomf\u00f8re. Det er utrolig krevende \u00e5 rapportere til styre, direktorat og departement. Litt spissformulert har jeg sagt at Bane Nor f\u00e5r det endelige ansvaret, bare etter at det har g\u00e5tt ordentlig galt.<\/p>\n<p class=\"_paragraph_o9xde_4 _paragraph_xtcu6_10 layout-component text-serif-m layout-normal text-serif-m layout-padded\"><strong class=\"_strong_o9xde_25\">Eriksen sier rett ut statens eierstyring av Bane Nor er kompleks, utydelig og tilfeldig.<\/strong><\/p>\n<p class=\"_paragraph_o9xde_4 _paragraph_xtcu6_10 layout-component text-serif-m layout-normal text-serif-m layout-padded\">\u2013 Og du mener at ledere g\u00e5r, fordi de blir frustrert over ikke \u00e5 f\u00e5 gjort jobben i fred?<\/p>\n<p class=\"_paragraph_o9xde_4 _paragraph_xtcu6_10 layout-component text-serif-m layout-normal text-serif-m layout-padded\">\u2013 Det er en av \u00e5rsakene, det er det ingen tvil om. Det er direktestyring, det er endringer i prioriteringer og som f\u00f8lge av det, enormt hyppige skifter av ledere.<\/p>\n<p><img alt=\"10. november i fjor brant det i signalkablene p\u00e5 Nationaltheatret, og ingen tog kunne kj\u00f8re gjennom Oslo.  Foto: Bane Nor\" class=\"_image_qp4xg_65 layout-component layout-normal\" data-fullscreen- data-track-element-type=\"Article image fullscreen\" data-track-name=\"ImageFullscreen\" decoding=\"async\" loading=\"lazy\" height=\"300\" itemprop=\"image\"  src=\"https:\/\/www.europesays.com\/no\/wp-content\/uploads\/2025\/10\/bb01927c-d0d3-4a1b-88d9-e7caa1dd9eae\"  style=\"object-position:0% 0%\" width=\"400\"\/>10. november i fjor brant det i signalkablene p\u00e5 Nationaltheatret, og ingen tog kunne kj\u00f8re gjennom Oslo.  Foto: Bane Nor<\/p>\n<p class=\"_paragraph_o9xde_4 _paragraph_xtcu6_10 layout-component text-serif-m layout-normal text-serif-m layout-padded\">Da Thor Gjermund Eriksen ansatte ny \u00f8konomidirekt\u00f8r i Bane Nor, var det den femte p\u00e5 syv \u00e5r. Da han ansatte ny utbyggingsdirekt\u00f8r, var det den fjerde p\u00e5 syv \u00e5r.<\/p>\n<p class=\"_paragraph_o9xde_4 _paragraph_xtcu6_10 layout-component text-serif-m layout-normal text-serif-m layout-padded\"><strong class=\"_strong_o9xde_25\">\u2013 Jeg tror at veldig mange ledere opplever at det ikke er samsvar mellom ansvaret de har og forutsetningene for \u00e5 p\u00e5virke omr\u00e5dene de har ansvar for.<\/strong><\/p>\n<p class=\"_paragraph_o9xde_4 _paragraph_xtcu6_10 layout-component text-serif-m layout-normal text-serif-m layout-padded\">Eriksen opplevde i Bane Nor at han ikke fikk tid og rom til \u00e5 bygge en fungerende lederlinje og utvikle kultur, lederskap og organisasjon.<\/p>\n<p class=\"_paragraph_o9xde_4 _paragraph_xtcu6_10 layout-component text-serif-m layout-normal text-serif-m layout-padded\">\u2013 Da klarer vi heller ikke \u00e5 forbedre oss tilstrekkelig og det tar for lang tid f\u00f8r prestasjonene kommer opp p\u00e5 et godt niv\u00e5. Resultatene blir d\u00e5rligere over tid.<\/p>\n<p class=\"_paragraph_o9xde_4 _paragraph_xtcu6_10 layout-component text-serif-m layout-normal text-serif-m layout-padded\">Eriksen viser til at Norge er p\u00e5 sin fjerde jernbanedirekt\u00f8r siden jernbanereformen i 2017.<\/p>\n<p class=\"_paragraph_o9xde_4 _paragraph_xtcu6_10 layout-component text-serif-m layout-normal text-serif-m layout-padded\">\u2013 Ingen av de tre f\u00f8rste satt mer enn et halvt \u00e5rem\u00e5l\u00e5rem\u00e5l\u00c5rem\u00e5l refererer til en tidsbegrenset periode en person er ansatt i en lederstilling, ofte brukt i offentlig sektor.. Bane Nor har bare hatt tre toppledere p\u00e5 samme tid, men utskiftningen i ledergrupper og sentrale stillinger har v\u00e6rt ekstrem.<\/p>\n<p><img alt=\"Togene er innstilt, perrongene overfylte en junidag i fjor p\u00e5 Oslo S.  Foto: Tore Kristiansen \/ VG\" class=\"_image_qp4xg_65 layout-component layout-normal\" data-fullscreen- data-track-element-type=\"Article image fullscreen\" data-track-name=\"ImageFullscreen\" decoding=\"async\" loading=\"lazy\" height=\"4000\" itemprop=\"image\"  src=\"https:\/\/www.europesays.com\/no\/wp-content\/uploads\/2025\/10\/217a56f2-a68c-4aaa-b85f-d02ea66d6aa4\"  style=\"object-position:0% 0%\" width=\"6000\"\/>Togene er innstilt, perrongene overfylte en junidag i fjor p\u00e5 Oslo S.  Foto: Tore Kristiansen \/ VG<\/p>\n<p class=\"_paragraph_o9xde_4 _paragraph_xtcu6_10 layout-component text-serif-m layout-normal text-serif-m layout-padded\">For Bane Nor er det vedtatte m\u00e5let 90 prosent punktlighet. Eriksen har aldri m\u00f8tt noen som tror det er realistisk p\u00e5 kort sikt. Han sier \u00e5rsakene til at <a href=\"https:\/\/www.vg.no\/nyheter\/i\/1Mdp7Q\/hvert-tredje-tog-i-2024-forsinket-eller-innstilt\" data-track-element-type=\"Link\" data-track-id=\"link:1Mdp7Q\" class=\"_link_o9xde_39\" rel=\"nofollow noopener\" target=\"_blank\">tog ikke er i rute<\/a>, er \u00e5penbare:<\/p>\n<p class=\"_paragraph_o9xde_4 _paragraph_xtcu6_10 layout-component text-serif-m layout-normal text-serif-m layout-padded\">\u2013 Vedlikehold og fornyelse har v\u00e6rt fors\u00f8mt gjennom flere ti\u00e5r. Togene er utrolig gamle. I Oslo er lokaltogene de samme som jeg tok med bestefaren min. Og trafikken har \u00f8kt noe voldsomt.<\/p>\n<p class=\"_paragraph_o9xde_4 _paragraph_xtcu6_10 layout-component text-serif-m layout-normal text-serif-m layout-padded\">Eriksen sier at \u00e5ret starter med \u00e5 tenke p\u00e5 hvordan man skal forklare hvorfor man ikke n\u00e5r m\u00e5lene, i stedet for \u00e5 strekke seg etter m\u00e5l som kan v\u00e6re innen rekkevidde.<\/p>\n<p class=\"_paragraph_o9xde_4 _paragraph_xtcu6_10 layout-component text-serif-m layout-normal text-serif-m layout-padded\"><strong class=\"_strong_o9xde_25\">\u2013 Bane Nor har dyktige ledere, flinke fagfolk og fantastiske tillitsvalgte. Jeg synes det er leit at de n\u00e6rmest blir idiotforklart for \u00e5 oppn\u00e5 resultater som er ganske bra, ut fra forutsetningene.<\/strong><\/p>\n<p class=\"_paragraph_o9xde_4 _paragraph_xtcu6_10 layout-component text-serif-m layout-normal text-serif-m layout-padded\">I sommer besvimte flere passasjerer p\u00e5 overfylte tog:<\/p>\n<p class=\"_paragraph_o9xde_4 _paragraph_xtcu6_10 layout-component text-serif-m layout-normal text-serif-m layout-padded\"><strong class=\"_strong_o9xde_25\">\u2013 Jeg ser veldig tydelig at handlingsrommet som ledere har for \u00e5 drive og utvikle virksomhetene, er under press, sier administrerende direkt\u00f8r i Spekter <a href=\"https:\/\/www.vg.no\/tag\/anne-kari-bratten?utm_source=vg-article&amp;utm_medium=auto-tagger&amp;utm_campaign=Ppk13z\" class=\"_link_o9xde_39\" rel=\"nofollow noopener\" target=\"_blank\">Anne-Kari Bratten<\/a> til VG.<\/strong><\/p>\n<p class=\"_paragraph_o9xde_4 _paragraph_xtcu6_10 layout-component text-serif-m layout-normal text-serif-m layout-padded\">Hun mener det har sammenheng med mer politisk detaljstyring, en \u00f8kende mengde krav om omfattende rapportering og stadig nye oppdrag fra eierne \u2013 alts\u00e5 statsr\u00e5dene.<\/p>\n<p><img decoding=\"async\" alt=\"Bilde av Anne-Kari Bratten\" class=\"_image_ygndg_42\" height=\"23\" itemprop=\"image\" loading=\"lazy\"  src=\"https:\/\/www.europesays.com\/no\/wp-content\/uploads\/2025\/10\/08979a46-228e-4867-bb9b-dfdb61b0847e\"  width=\"40\"\/><strong class=\"_name_ygndg_51 title-serif-xs\">Anne-Kari Bratten<\/strong><\/p>\n<p class=\"_paragraph_o9xde_4 text-sans-m _description_ygndg_56\">Administrerende direkt\u00f8r for Arbeidsgiverforeningen Spekter<\/p>\n<p class=\"_paragraph_o9xde_4 _paragraph_xtcu6_10 layout-component text-serif-m layout-normal text-serif-m layout-padded\">Som eksempel viser Bratten til at de regionale helseforetakene fikk 37 krav i oppdragsdokumentet fra helseminister Jan Christian Vestre i januar. Og 27 nye og detaljerte krav i juni.<\/p>\n<p class=\"_paragraph_o9xde_4 _paragraph_xtcu6_10 layout-component text-serif-m layout-normal text-serif-m layout-padded\">\u2013 Men det fulgte ikke noe s\u00e6rlig med nye penger med. S\u00e5 m\u00e5 sykehusene snu seg rundt og flytte penger og personell. Det gj\u00f8r de selvsagt, for lederne er lydh\u00f8re og lojale overfor politiske f\u00f8ringer.<\/p>\n<p class=\"_paragraph_o9xde_4 _paragraph_xtcu6_10 layout-component text-serif-m layout-normal text-serif-m layout-padded\">Bratten understreker at hun godtar at politikere har lyst til \u00e5 bestemme hvilke veier som skal bygges for fellesskapets midler og hvilke distrikter som skal beholde den lokale f\u00f8destuen.<\/p>\n<p class=\"_paragraph_o9xde_4 _paragraph_xtcu6_10 layout-component text-serif-m layout-normal text-serif-m layout-padded\"><strong class=\"_strong_o9xde_25\">\u2013 Men jeg tror ikke s\u00e5 mye detaljstyring er bra for forvaltningen av ressursene. Tjenestene til befolkningen blir bedre, dersom man lar politikk v\u00e6re politikk, ledelse v\u00e6re ledelse og fag v\u00e6re fag. <\/strong><\/p>\n<p class=\"_paragraph_o9xde_4 _paragraph_xtcu6_10 layout-component text-serif-m layout-normal text-serif-m layout-padded\">\u2013 Hvordan mener du rollefordelingen b\u00f8r v\u00e6re?<\/p>\n<p class=\"_paragraph_o9xde_4 _paragraph_xtcu6_10 layout-component text-serif-m layout-normal text-serif-m layout-padded\">\u2013 Jeg synes at eierne \u2013 alts\u00e5 staten \u2013 skal ha klare forventninger om hva som skal prioriteres, innenfor bevilgningene som de stiller til r\u00e5dighet for disse virksomhetene. Men jeg synes de skal overlate til ledere og fagfolk \u00e5 finne den beste m\u00e5ten \u00e5 gj\u00f8re det p\u00e5.<\/p>\n<p><img alt=\"Thor Gjermund Eriksen og samferdselsminister Jon-Ivar Nygaard etter togforsinkelsene i julen i fjor.  Foto: Gorm Kallestad \/ NTB\" class=\"_image_qp4xg_65 layout-component layout-normal\" data-fullscreen- data-track-element-type=\"Article image fullscreen\" data-track-name=\"ImageFullscreen\" decoding=\"async\" loading=\"lazy\" height=\"3577\" itemprop=\"image\"  src=\"https:\/\/www.europesays.com\/no\/wp-content\/uploads\/2025\/10\/2183b0c0-da69-41c8-8386-464d3d592fa7\"  style=\"object-position:0% 0%\" width=\"5366\"\/>Thor Gjermund Eriksen og samferdselsminister Jon-Ivar Nygaard etter togforsinkelsene i julen i fjor.  Foto: Gorm Kallestad \/ NTB<\/p>\n<p class=\"_paragraph_o9xde_4 _paragraph_xtcu6_10 layout-component text-serif-m layout-normal text-serif-m layout-padded\">Eriksen sier at bindsterke rapporter og evalueringer peker p\u00e5 det samme som ham.<\/p>\n<p class=\"_paragraph_o9xde_4 _paragraph_xtcu6_10 layout-component text-serif-m layout-normal text-serif-m layout-padded\"><strong class=\"_strong_o9xde_25\">\u2013 Jeg har ikke sett veldig klare tegn til at embetsverketembetsverketEmbetsverket refererer til de faste ansatte i statsadministrasjonen som bist\u00e5r regjeringen i \u00e5 gjennomf\u00f8re politikk og forvalte offentlige tjenester. eller ledelsen i Samferdselsdepartementet har reflektert veldig mye over om de kan ut\u00f8ve sin eierstyring p\u00e5 en bedre m\u00e5te.<\/strong><\/p>\n<p class=\"_paragraph_o9xde_4 _paragraph_xtcu6_10 layout-component text-serif-m layout-normal text-serif-m layout-padded\">VG har bedt Samferdselsdepartementet om en kommentar, men har ikke f\u00e5tt svar. Da Eriksen gikk fra Bane Nor, uttalte samferdselsminister Jon-Ivar Nygaard (Ap):<\/p>\n<p class=\"_paragraph_o9xde_4 _paragraph_xtcu6_10 layout-component text-serif-m layout-normal text-serif-m layout-padded\">\u2013 I lys av situasjonen i norsk jernbane er det helt naturlig \u00e5 ha en tett oppf\u00f8lging av Bane Nor for \u00e5 sikre at fellesskapets penger blir brukt riktig. Jeg har gjort flere grep for \u00e5 rydde i rolle- og ansvarsdeling og gjort styringen tydeligere.<\/p>\n<p>Les ogs\u00e5<\/p>\n","protected":false},"excerpt":{"rendered":"Tidligere Bane Nor-sjef Thor Gjermund Eriksen gikk p\u00e5 dagen grunnet manglende arbeidsro. Eriksen kritiserer Samferdselsdepartementet for \u00abkatastrofale\u00bb eierstyring.&hellip;\n","protected":false},"author":2,"featured_media":64922,"comment_status":"","ping_status":"","sticky":false,"template":"","format":"standard","meta":{"footnotes":""},"categories":[10],"tags":[9379,9380,2532,20,21,24,25,15,4169,22,23,8853,13,30,28,29,14,16,8442,26,27],"class_list":{"0":"post-64921","1":"post","2":"type-post","3":"status-publish","4":"format-standard","5":"has-post-thumbnail","7":"category-norge","8":"tag-anne-kari-bratten","9":"tag-arbeidsgiverforeningen-spekter","10":"tag-bane-nor","11":"tag-breaking-news","12":"tag-breakingnews","13":"tag-featured-news","14":"tag-featurednews","15":"tag-headlines","16":"tag-jernbanen","17":"tag-latest-news","18":"tag-latestnews","19":"tag-ledere","20":"tag-news","21":"tag-no","22":"tag-norge","23":"tag-norway","24":"tag-nyheter","25":"tag-overskrifter","26":"tag-thor-gjermund-eriksen","27":"tag-top-stories","28":"tag-topstories"},"share_on_mastodon":{"url":"","error":""},"_links":{"self":[{"href":"https:\/\/www.europesays.com\/no\/wp-json\/wp\/v2\/posts\/64921","targetHints":{"allow":["GET"]}}],"collection":[{"href":"https:\/\/www.europesays.com\/no\/wp-json\/wp\/v2\/posts"}],"about":[{"href":"https:\/\/www.europesays.com\/no\/wp-json\/wp\/v2\/types\/post"}],"author":[{"embeddable":true,"href":"https:\/\/www.europesays.com\/no\/wp-json\/wp\/v2\/users\/2"}],"replies":[{"embeddable":true,"href":"https:\/\/www.europesays.com\/no\/wp-json\/wp\/v2\/comments?post=64921"}],"version-history":[{"count":0,"href":"https:\/\/www.europesays.com\/no\/wp-json\/wp\/v2\/posts\/64921\/revisions"}],"wp:featuredmedia":[{"embeddable":true,"href":"https:\/\/www.europesays.com\/no\/wp-json\/wp\/v2\/media\/64922"}],"wp:attachment":[{"href":"https:\/\/www.europesays.com\/no\/wp-json\/wp\/v2\/media?parent=64921"}],"wp:term":[{"taxonomy":"category","embeddable":true,"href":"https:\/\/www.europesays.com\/no\/wp-json\/wp\/v2\/categories?post=64921"},{"taxonomy":"post_tag","embeddable":true,"href":"https:\/\/www.europesays.com\/no\/wp-json\/wp\/v2\/tags?post=64921"}],"curies":[{"name":"wp","href":"https:\/\/api.w.org\/{rel}","templated":true}]}}