{"id":64931,"date":"2025-10-20T05:35:08","date_gmt":"2025-10-20T05:35:08","guid":{"rendered":"https:\/\/www.europesays.com\/no\/64931\/"},"modified":"2025-10-20T05:35:08","modified_gmt":"2025-10-20T05:35:08","slug":"dyrevelferd-sauehold-hundeeier-far-likevel-forelegg-etter-saueangrep-et-tydelig-signal-om-at-dyrevelferd-tas-pa-alvor","status":"publish","type":"post","link":"https:\/\/www.europesays.com\/no\/64931\/","title":{"rendered":"Dyrevelferd, Sauehold | Hundeeier f\u00e5r likevel forelegg etter saueangrep: \u2013 Et tydelig signal om at dyrevelferd tas p\u00e5 alvor"},"content":{"rendered":"\n<p>Statsadvokaten i Nordland har besluttet \u00e5 ta klagen fra Nordland Sau og Geit til f\u00f8lge, og har omgjort politiets henleggelse av saken om hundeangrep p\u00e5 sau i Sortland 8. juli i \u00e5r. <\/p>\n<p>Det g\u00e5r fram av et brev fra p\u00e5taleansvarlig ved Nordland politidistrikt, politiadvokat Kay R\u00f8nning-Nyvold.<\/p>\n<p>\u2013 Hundeeier vil n\u00e5 f\u00e5 utferdiget forelegg for brudd p\u00e5 hundeloven, skriver R\u00f8nning-Nyvold i vedtaket.<\/p>\n<p>Ikke brudd p\u00e5 dyrevelferd<\/p>\n<p>Statsadvokaten fant imidlertid ikke grunnlag for \u00e5 ta med mulig brudd p\u00e5 dyrevelferdsloven om hjelpeplikt i forelegget. Politiet vurderer heller ikke at det er grunnlag for straffeforf\u00f8lgelse etter andre bestemmelser i dyrevelferdsloven.<\/p>\n<p>Hendelsen skjedde da to hunder kom seg l\u00f8s og angrep en saueflokk p\u00e5 beite i Sortland. Flere dyr ble drept, og flere ble skadet i angrepet. If\u00f8lge Nordland Sau og Geit forlot hundeeieren stedet mens d\u00f8de og skadde dyr fortsatt l\u00e5 igjen i terrenget.<\/p>\n<p>Da politiet senere valgte \u00e5 henlegge saken, reagerte organisasjonen sterkt. I en uttalelse i juli skrev de at de oppfattet hendelsen som en klar dyretragedie og et \u00e5penbart brudd p\u00e5 b\u00e5de hundeloven, b\u00e5ndtvangsreglene og dyrevelferdsloven.<\/p>\n<p>\u2013 N\u00e5r l\u00f8se hunder kan for\u00e5rsake store lidelser og tap uten konsekvenser for eier, sender det et farlig signal om at dyrevelferd og eiendomsrett ikke tas p\u00e5 alvor, uttalte leder Ketil Trongmo i Nordland Sau og Geit <a href=\"https:\/\/www.helg.no\/reagerer-sterkt-pa-at-eier-slipper-unna-etter-at-hunder-drepte-sauer-forventer-at-rettsvesenet-beskytter-bonders-rettigheter\/s\/5-42-1476025\" rel=\"Follow nofollow noopener\" target=\"_blank\">til Rana Blad<\/a>.<\/p>\n<p>\u2013 Et tydelig signal<\/p>\n<p>Trongmo, som er fra Hemnes, sier i en pressemelding l\u00f8rdag 18. oktober at han n\u00e5 er forn\u00f8yd med at klagen f\u00f8rte fram.<\/p>\n<p>\u2013 Dette er viktig for allmenn rettsoppfatning, og for at beitedyrene skal kunne ferdes trygt i fremtiden. Det er avgj\u00f8rende at uaktsomme hundeeiere m\u00e5 ta ansvar for sine handlinger, sier han.<\/p>\n<p>Han mener vedtaket viser at lovverket skal h\u00e5ndheves.<\/p>\n<p>\u2013 Vi er forn\u00f8yde med at statsadvokaten har omgjort henleggelsen. Det sender et tydelig signal om at dyrevelferd tas p\u00e5 alvor, sier Trongmo.<\/p>\n","protected":false},"excerpt":{"rendered":"Statsadvokaten i Nordland har besluttet \u00e5 ta klagen fra Nordland Sau og Geit til f\u00f8lge, og har omgjort&hellip;\n","protected":false},"author":2,"featured_media":64932,"comment_status":"","ping_status":"","sticky":false,"template":"","format":"standard","meta":{"footnotes":""},"categories":[10],"tags":[36,20,21,2475,24,25,15,22,23,13,30,687,28,29,14,16,9381,1510,26,27],"class_list":{"0":"post-64931","1":"post","2":"type-post","3":"status-publish","4":"format-standard","5":"has-post-thumbnail","7":"category-norge","8":"tag-art","9":"tag-breaking-news","10":"tag-breakingnews","11":"tag-dyrevelferd","12":"tag-featured-news","13":"tag-featurednews","14":"tag-headlines","15":"tag-latest-news","16":"tag-latestnews","17":"tag-news","18":"tag-no","19":"tag-nordland","20":"tag-norge","21":"tag-norway","22":"tag-nyheter","23":"tag-overskrifter","24":"tag-sauehold","25":"tag-story","26":"tag-top-stories","27":"tag-topstories"},"share_on_mastodon":{"url":"","error":""},"_links":{"self":[{"href":"https:\/\/www.europesays.com\/no\/wp-json\/wp\/v2\/posts\/64931","targetHints":{"allow":["GET"]}}],"collection":[{"href":"https:\/\/www.europesays.com\/no\/wp-json\/wp\/v2\/posts"}],"about":[{"href":"https:\/\/www.europesays.com\/no\/wp-json\/wp\/v2\/types\/post"}],"author":[{"embeddable":true,"href":"https:\/\/www.europesays.com\/no\/wp-json\/wp\/v2\/users\/2"}],"replies":[{"embeddable":true,"href":"https:\/\/www.europesays.com\/no\/wp-json\/wp\/v2\/comments?post=64931"}],"version-history":[{"count":0,"href":"https:\/\/www.europesays.com\/no\/wp-json\/wp\/v2\/posts\/64931\/revisions"}],"wp:featuredmedia":[{"embeddable":true,"href":"https:\/\/www.europesays.com\/no\/wp-json\/wp\/v2\/media\/64932"}],"wp:attachment":[{"href":"https:\/\/www.europesays.com\/no\/wp-json\/wp\/v2\/media?parent=64931"}],"wp:term":[{"taxonomy":"category","embeddable":true,"href":"https:\/\/www.europesays.com\/no\/wp-json\/wp\/v2\/categories?post=64931"},{"taxonomy":"post_tag","embeddable":true,"href":"https:\/\/www.europesays.com\/no\/wp-json\/wp\/v2\/tags?post=64931"}],"curies":[{"name":"wp","href":"https:\/\/api.w.org\/{rel}","templated":true}]}}