{"id":64955,"date":"2025-10-20T06:19:09","date_gmt":"2025-10-20T06:19:09","guid":{"rendered":"https:\/\/www.europesays.com\/no\/64955\/"},"modified":"2025-10-20T06:19:09","modified_gmt":"2025-10-20T06:19:09","slug":"na-kan-du-bli-politi-selv-om-du-er-tatt-for-narkotika","status":"publish","type":"post","link":"https:\/\/www.europesays.com\/no\/64955\/","title":{"rendered":"N\u00e5 kan du bli politi selv om du er tatt for narkotika"},"content":{"rendered":"\n<p class=\"_lead_o9xde_2 _lead_xtcu6_50 layout-component text-serif-m layout-normal text-serif-l layout-component layout-wide layout-padded _wide_17hqh_1 layout-padded\">Personer som har f\u00e5tt et forenklet forelegg for mindre mengder narkotika til eget bruk, vil fra 2026 kunne komme inn p\u00e5 Politih\u00f8g\u00adskolen p\u00e5 lik linje med andre.<\/p>\n<p><img alt=\"Fram til n\u00e5 har det ikke v\u00e6rt mulig \u00e5 bli politi om man har blitt tatt med mindre mengder narkotika, som cannabis eller kokain.  Foto: Kyrre Lien \/ NTB\" class=\"_image_qp4xg_65 layout-component layout-wide\" data-fullscreen- data-track-element-type=\"Article image fullscreen\" data-track-name=\"ImageFullscreen\" fetchpriority=\"high\" decoding=\"sync\" loading=\"eager\" height=\"2336\" itemprop=\"image\"  src=\"https:\/\/www.europesays.com\/no\/wp-content\/uploads\/2025\/10\/0aba703a-aeca-4caf-bd4e-bed12e6cd2af\"  style=\"object-position:0% 0%\" width=\"3504\"\/>Fram til n\u00e5 har det ikke v\u00e6rt mulig \u00e5 bli politi om man har blitt tatt med mindre mengder narkotika, som cannabis eller kokain.  Foto: Kyrre Lien \/ NTB<\/p>\n<ul aria-hidden=\"true\" class=\"_images_18f0k_111\">\n<li><a class=\"_link_18f0k_116\" href=\"https:\/\/www.vg.no\/forfatter\/ntb\" style=\"z-index:1\" title=\"NTB\" rel=\"nofollow noopener\" target=\"_blank\"><img alt=\"Bilde av NTB\" class=\"_image_18f0k_93\" fetchpriority=\"low\" loading=\"lazy\" decoding=\"async\" itemprop=\"image\"  src=\"https:\/\/www.europesays.com\/no\/wp-content\/uploads\/2025\/10\/1760941149_196_c33980b0-5d07-4027-84a1-813f90a7c8d6\"  width=\"480\"\/><\/a><\/li>\n<\/ul>\n<p> Oppdatert mandag 20. oktober kl. 07:30     <\/p>\n<p class=\"_paragraph_o9xde_4 _paragraph_xtcu6_10 layout-component text-serif-m layout-normal text-serif-m layout-padded\"> \u2013\u2060\u00a0Unge folk m\u00e5 f\u00e5 en sjanse til \u00e5 legge ting bak seg, sier styreleder p\u00e5 <a href=\"https:\/\/www.vg.no\/tag\/politihoegskolen?utm_source=vg-article&amp;utm_medium=auto-tagger&amp;utm_campaign=73Xl2W\" class=\"_link_o9xde_39\" rel=\"nofollow noopener\" target=\"_blank\">Politih\u00f8gskolen<\/a> Hans Vik til<a href=\"https:\/\/www.khrono.no\/na-kan-folk-som-er-tatt-for-narkotika-bli-politi\/1006558\" class=\"_link_o9xde_39\" rel=\"nofollow noopener\" target=\"_blank\"> Khron<\/a>o.<\/p>\n<p class=\"_paragraph_o9xde_4 _paragraph_xtcu6_10 layout-component text-serif-m layout-normal text-serif-m layout-padded\">Fram til n\u00e5 har det ikke v\u00e6rt mulig \u00e5 bli politi om man har blitt tatt med mindre mengder narkotika, som cannabis eller kokain.<\/p>\n<p class=\"_paragraph_o9xde_4 _paragraph_xtcu6_10 layout-component text-serif-m layout-normal text-serif-m layout-padded\"> I juni vedtok Stortinget endringer i straffeloven, som del av rusreformen, inkludert \u00e5 innf\u00f8re forenklet forelegg for mindre alvorlige narkotikalovbrudd. <\/p>\n<p class=\"_paragraph_o9xde_4 _paragraph_xtcu6_10 layout-component text-serif-m layout-normal text-serif-m layout-padded\">Disse skal ikke registreres p\u00e5 politiattest. I september vedtok Politih\u00f8g\u00adskolens styre \u00e5 f\u00f8lge dette.<\/p>\n<p class=\"_paragraph_o9xde_4 _paragraph_xtcu6_10 layout-component text-serif-m layout-normal text-serif-m layout-padded\">Det endrer linjen der Politih\u00f8gskolen har fram til n\u00e5 ikke har akseptert s\u00f8kere som er tatt for narkotika.<\/p>\n<p class=\"_paragraph_o9xde_4 _paragraph_xtcu6_10 layout-component text-serif-m layout-normal text-serif-m layout-padded\">Det er ikke bestemt n\u00e5r Stortingets oppmykning av narkotika\u00adlov\u00adgivningen trer i kraft, men inntil da \u00e5pner Politih\u00f8g\u00adskolen for s\u00f8kere som tidligere er blitt tatt med mindre mengder narkotika fra opptaket i 2026. Det m\u00e5 v\u00e6re minst tre \u00e5r siden overtredelsen.<\/p>\n<p class=\"_paragraph_o9xde_4 _paragraph_xtcu6_10 layout-component text-serif-m layout-normal text-serif-m layout-padded\">Hans Vik, som ogs\u00e5 er politimester i S\u00f8rvest politidistrikt, innr\u00f8mmer at det er et dilemma at endringene kan gi inntrykk av at litt eget bruk av narkotika ikke er s\u00e5 farlig<\/p>\n<p class=\"_paragraph_o9xde_4 _paragraph_xtcu6_10 layout-component text-serif-m layout-normal text-serif-m layout-padded\">\u2013 Det er sikkert noen som vil mene det. S\u00e5 tenker jeg at ingen er feilfrie. Ingen av de som s\u00f8ker her, har g\u00e5tt gjennom livet uten \u00e5 gj\u00f8re feil.<\/p>\n","protected":false},"excerpt":{"rendered":"Personer som har f\u00e5tt et forenklet forelegg for mindre mengder narkotika til eget bruk, vil fra 2026 kunne&hellip;\n","protected":false},"author":2,"featured_media":64956,"comment_status":"","ping_status":"","sticky":false,"template":"","format":"standard","meta":{"footnotes":""},"categories":[5],"tags":[20,21,24,25,15,19,22,23,17,18,13,30,28,29,14,16,7381,26,27,132],"class_list":{"0":"post-64955","1":"post","2":"type-post","3":"status-publish","4":"format-standard","5":"has-post-thumbnail","7":"category-overskrifter","8":"tag-breaking-news","9":"tag-breakingnews","10":"tag-featured-news","11":"tag-featurednews","12":"tag-headlines","13":"tag-hovedoppslag","14":"tag-latest-news","15":"tag-latestnews","16":"tag-main-news","17":"tag-mainnews","18":"tag-news","19":"tag-no","20":"tag-norge","21":"tag-norway","22":"tag-nyheter","23":"tag-overskrifter","24":"tag-politihogskolen","25":"tag-top-stories","26":"tag-topstories","27":"tag-utdanning"},"share_on_mastodon":{"url":"","error":""},"_links":{"self":[{"href":"https:\/\/www.europesays.com\/no\/wp-json\/wp\/v2\/posts\/64955","targetHints":{"allow":["GET"]}}],"collection":[{"href":"https:\/\/www.europesays.com\/no\/wp-json\/wp\/v2\/posts"}],"about":[{"href":"https:\/\/www.europesays.com\/no\/wp-json\/wp\/v2\/types\/post"}],"author":[{"embeddable":true,"href":"https:\/\/www.europesays.com\/no\/wp-json\/wp\/v2\/users\/2"}],"replies":[{"embeddable":true,"href":"https:\/\/www.europesays.com\/no\/wp-json\/wp\/v2\/comments?post=64955"}],"version-history":[{"count":0,"href":"https:\/\/www.europesays.com\/no\/wp-json\/wp\/v2\/posts\/64955\/revisions"}],"wp:featuredmedia":[{"embeddable":true,"href":"https:\/\/www.europesays.com\/no\/wp-json\/wp\/v2\/media\/64956"}],"wp:attachment":[{"href":"https:\/\/www.europesays.com\/no\/wp-json\/wp\/v2\/media?parent=64955"}],"wp:term":[{"taxonomy":"category","embeddable":true,"href":"https:\/\/www.europesays.com\/no\/wp-json\/wp\/v2\/categories?post=64955"},{"taxonomy":"post_tag","embeddable":true,"href":"https:\/\/www.europesays.com\/no\/wp-json\/wp\/v2\/tags?post=64955"}],"curies":[{"name":"wp","href":"https:\/\/api.w.org\/{rel}","templated":true}]}}