{"id":64966,"date":"2025-10-20T06:31:09","date_gmt":"2025-10-20T06:31:09","guid":{"rendered":"https:\/\/www.europesays.com\/no\/64966\/"},"modified":"2025-10-20T06:31:09","modified_gmt":"2025-10-20T06:31:09","slug":"marokko-vant-u20-vm-i-fotball","status":"publish","type":"post","link":"https:\/\/www.europesays.com\/no\/64966\/","title":{"rendered":"Marokko vant U20-VM i fotball"},"content":{"rendered":"\n<p class=\"_lead_o9xde_2 _lead_xtcu6_50 layout-component text-serif-m layout-normal text-serif-l layout-component layout-wide layout-padded _wide_17hqh_1 layout-padded\">Marokko vant VM i fotball for U20-lagene etter \u00e5 ha sl\u00e5tt Argentina 2\u20130 i finalen.<\/p>\n<p><img alt=\"Yassir Zabiri (til venstre) feirer sammen med lagkamerat Othmane Maamma etter \u00e5 ha scoret 2-0-m\u00e5let i VM-finalen for U20-lagene mot Argentina.  Foto: Andre Penner \/ AP \/ NTB\" class=\"_image_qp4xg_65 layout-component layout-wide\" data-fullscreen- data-track-element-type=\"Article image fullscreen\" data-track-name=\"ImageFullscreen\" fetchpriority=\"high\" decoding=\"sync\" loading=\"eager\" height=\"3294\" itemprop=\"image\"  src=\"https:\/\/www.europesays.com\/no\/wp-content\/uploads\/2025\/10\/4bda8bd2-974a-44a5-bf92-ea7247597740\"  style=\"object-position:0% 0%\" width=\"4941\"\/>Yassir Zabiri (til venstre) feirer sammen med lagkamerat Othmane Maamma etter \u00e5 ha scoret 2-0-m\u00e5let i VM-finalen for U20-lagene mot Argentina.  Foto: Andre Penner \/ AP \/ NTB<\/p>\n<ul aria-hidden=\"true\" class=\"_images_18f0k_111\">\n<li><a class=\"_link_18f0k_116\" href=\"https:\/\/www.vg.no\/forfatter\/ntb\" style=\"z-index:1\" title=\"NTB\" rel=\"nofollow noopener\" target=\"_blank\"><img alt=\"Bilde av NTB\" class=\"_image_18f0k_93\" fetchpriority=\"low\" loading=\"lazy\" decoding=\"async\" itemprop=\"image\"  src=\"https:\/\/www.europesays.com\/no\/wp-content\/uploads\/2025\/10\/1760941869_623_c33980b0-5d07-4027-84a1-813f90a7c8d6\"  width=\"480\"\/><\/a><\/li>\n<\/ul>\n<p> Oppdatert mandag 20. oktober kl. 04:41     <\/p>\n<p class=\"_paragraph_o9xde_4 _paragraph_xtcu6_10 layout-component text-serif-m layout-normal text-serif-m layout-padded\">Yassir Zabiri scoret begge m\u00e5lene da <a href=\"https:\/\/www.vg.no\/tag\/marokko?utm_source=vg-article&amp;utm_medium=auto-tagger&amp;utm_campaign=ny5gjQ\" class=\"_link_o9xde_39\" rel=\"nofollow noopener\" target=\"_blank\">Marokko<\/a> gikk til topps i U20-VM i fotball natt til mandag norsk tid.<\/p>\n<p class=\"_paragraph_o9xde_4 _paragraph_xtcu6_10 layout-component text-serif-m layout-normal text-serif-m layout-padded\">20-\u00e5ringen, som til daglig spiller for den portugisiske klubben FC Famalicao, scoret begge m\u00e5lene i f\u00f8rste omgang.<\/p>\n<p class=\"_paragraph_o9xde_4 _paragraph_xtcu6_10 layout-component text-serif-m layout-normal text-serif-m layout-padded\">Det norske U20-landslaget skrev norsk fotballhistorie ved \u00e5 ta seg til kvartfinalen. Der ble det stopp etter 1\u20132 tap mot Frankrike. Det var f\u00f8rste gang et norsk landslag for menn var i kvartfinale i en VM-turnering, uansett aldersklasse.<\/p>\n","protected":false},"excerpt":{"rendered":"Marokko vant VM i fotball for U20-lagene etter \u00e5 ha sl\u00e5tt Argentina 2\u20130 i finalen. Yassir Zabiri (til&hellip;\n","protected":false},"author":2,"featured_media":64967,"comment_status":"","ping_status":"","sticky":false,"template":"","format":"standard","meta":{"footnotes":""},"categories":[59],"tags":[92,5882,30,28,29,83,82,4947],"class_list":{"0":"post-64966","1":"post","2":"type-post","3":"status-publish","4":"format-standard","5":"has-post-thumbnail","7":"category-sport","8":"tag-fotball","9":"tag-marokko","10":"tag-no","11":"tag-norge","12":"tag-norway","13":"tag-sport","14":"tag-sports","15":"tag-u20-vm"},"share_on_mastodon":{"url":"","error":""},"_links":{"self":[{"href":"https:\/\/www.europesays.com\/no\/wp-json\/wp\/v2\/posts\/64966","targetHints":{"allow":["GET"]}}],"collection":[{"href":"https:\/\/www.europesays.com\/no\/wp-json\/wp\/v2\/posts"}],"about":[{"href":"https:\/\/www.europesays.com\/no\/wp-json\/wp\/v2\/types\/post"}],"author":[{"embeddable":true,"href":"https:\/\/www.europesays.com\/no\/wp-json\/wp\/v2\/users\/2"}],"replies":[{"embeddable":true,"href":"https:\/\/www.europesays.com\/no\/wp-json\/wp\/v2\/comments?post=64966"}],"version-history":[{"count":0,"href":"https:\/\/www.europesays.com\/no\/wp-json\/wp\/v2\/posts\/64966\/revisions"}],"wp:featuredmedia":[{"embeddable":true,"href":"https:\/\/www.europesays.com\/no\/wp-json\/wp\/v2\/media\/64967"}],"wp:attachment":[{"href":"https:\/\/www.europesays.com\/no\/wp-json\/wp\/v2\/media?parent=64966"}],"wp:term":[{"taxonomy":"category","embeddable":true,"href":"https:\/\/www.europesays.com\/no\/wp-json\/wp\/v2\/categories?post=64966"},{"taxonomy":"post_tag","embeddable":true,"href":"https:\/\/www.europesays.com\/no\/wp-json\/wp\/v2\/tags?post=64966"}],"curies":[{"name":"wp","href":"https:\/\/api.w.org\/{rel}","templated":true}]}}