{"id":65011,"date":"2025-10-20T07:22:09","date_gmt":"2025-10-20T07:22:09","guid":{"rendered":"https:\/\/www.europesays.com\/no\/65011\/"},"modified":"2025-10-20T07:22:09","modified_gmt":"2025-10-20T07:22:09","slug":"assassins-creed-sjefen-avviser-ubisofts-pastand-om-at-han-sluttet","status":"publish","type":"post","link":"https:\/\/www.europesays.com\/no\/65011\/","title":{"rendered":"Assassin&#8217;s Creed-sjefen avviser Ubisofts p\u00e5stand om at han sluttet&#8230;"},"content":{"rendered":"<p>Tidligere denne m\u00e5neden <a role=\"link\" href=\"https:\/\/news.ubisoft.com\/en-us\/article\/7GvucOgSm41HwFaXt2ADX1\/ubisoft-launches-new-subsidiary-vantage-studios\" rel=\"nofollow noopener\" target=\"_blank\">kunngjorde Ubisoft<\/a> at ansvaret for Assassin&#8217;s Creed var overf\u00f8rt til Vantage Studios \u2013 en ny underavdeling delvis eid av Tencent.<\/p>\n<p>I forbindelse med overgangen, meldte utvikleren at <strong>Marc-Alexis C\u00f4t\u00e9<\/strong> valgte \u00e5 gi seg som sjef for snikmorderserien \u2013 en beslutning Vantage-topp <strong>Christophe Derennes<\/strong> omtalte (via <a role=\"link\" href=\"https:\/\/www.ign.com\/articles\/assassins-creed-franchise-boss-departs-ubisoft\" rel=\"nofollow noopener\" target=\"_blank\">IGN<\/a>) som \u00abskuffende\u00bb. <\/p>\n<p>C\u00f4t\u00e9 har imidlertid en helt annen versjon av hendelsene. <\/p>\n<p>\u2013 Ikke jeg som tok det valget<\/p>\n<p>Like f\u00f8r helgen tok C\u00f4t\u00e9 til <a role=\"link\" href=\"https:\/\/www.linkedin.com\/posts\/marcalexis_the-past-24-hours-have-been-deeply-emotional-activity-7384672277055012864-87QR\/\" rel=\"nofollow noopener\" target=\"_blank\">LinkedIn<\/a>, for \u00e5 fortelle sin side av saken. Der p\u00e5pekte mannen, som har jobbet hos Ubisoft siden 2005, at det var selskapet som sendte ham p\u00e5 d\u00f8r. <\/p>\n<p>\u2013 Mange av dere har uttrykt forundring over at jeg ville velge \u00e5 forlate Assassin&#8217;s Creed etter s\u00e5 mange \u00e5r, spesielt ettersom jeg fortsatt er lidenskapelig opptatt av serien. Sannheten er enkel: Det var ikke jeg som tok det valget.<\/p>\n<p>        <a href=\"https:\/\/i.bo3.no\/image\/370065\/ss_a1617e798bccbe15998cb77126a68b553bfb058e.jpg?c=0&amp;h=721&amp;w=1280\" rel=\"nofollow noopener\" target=\"_blank\"><\/p>\n<p>        <img decoding=\"async\" onload=\"this.style = null\" src=\"https:\/\/www.europesays.com\/no\/wp-content\/uploads\/2025\/10\/ss_a1617e798bccbe15998cb77126a68b553bfb058e.jpg\" style=\"background-image: url('data:image\/jpeg;base64,\/9j\/4QC8RXhpZgAASUkqAAgAAAAGABIBAwABAAAAAQAAABoBBQABAAAAVgAAABsBBQABAAAAXgAAACgBAwABAAAAAgAAABMCAwABAAAAAQAAAGmHBAABAAAAZgAAAAAAAABIAAAAAQAAAEgAAAABAAAABgAAkAcABAAAADAyMTABkQcABAAAAAECAwAAoAcABAAAADAxMDABoAMAAQAAAP\/\/AAACoAQAAQAAACQAAAADoAQAAQAAABQAAAAAAAAA\/9sAQwAIBgYHBgUIBwcHCQkICgwUDQwLCwwZEhMPFB0aHx4dGhwcICQuJyAiLCMcHCg3KSwwMTQ0NB8nOT04MjwuMzQy\/9sAQwEJCQkMCwwYDQ0YMiEcITIyMjIyMjIyMjIyMjIyMjIyMjIyMjIyMjIyMjIyMjIyMjIyMjIyMjIyMjIyMjIyMjIy\/8AAEQgAFAAkAwEiAAIRAQMRAf\/EAB8AAAEFAQEBAQEBAAAAAAAAAAABAgMEBQYHCAkKC\/\/EALUQAAIBAwMCBAMFBQQEAAABfQECAwAEEQUSITFBBhNRYQcicRQygZGhCCNCscEVUtHwJDNicoIJChYXGBkaJSYnKCkqNDU2Nzg5OkNERUZHSElKU1RVVldYWVpjZGVmZ2hpanN0dXZ3eHl6g4SFhoeIiYqSk5SVlpeYmZqio6Slpqeoqaqys7S1tre4ubrCw8TFxsfIycrS09TV1tfY2drh4uPk5ebn6Onq8fLz9PX29\/j5+v\/EAB8BAAMBAQEBAQEBAQEAAAAAAAABAgMEBQYHCAkKC\/\/EALURAAIBAgQEAwQHBQQEAAECdwABAgMRBAUhMQYSQVEHYXETIjKBCBRCkaGxwQkjM1LwFWJy0QoWJDThJfEXGBkaJicoKSo1Njc4OTpDREVGR0hJSlNUVVZXWFlaY2RlZmdoaWpzdHV2d3h5eoKDhIWGh4iJipKTlJWWl5iZmqKjpKWmp6ipqrKztLW2t7i5usLDxMXGx8jJytLT1NXW19jZ2uLj5OXm5+jp6vLz9PX29\/j5+v\/aAAwDAQACEQMRAD8A5GCWfS4hcP8AvFA+7XX+GPHMZBk2eWi\/erh5Lp1ufJ2l06EGtfS9KSaGRtuxOpoXu6l8qaserp47s2VFWRd7dqz9d8e\/Z7Ux28ieaw9a80vNLks5FnMuUbpg9qygsdxeNJLIxReAM1XPJkumkes6Jc315pqztqS5dicFulFebWxNvFsjunVc5ABoo5mGotnhrYOVUse+K6K0ctp\/lYAVhziiipK6Fw6bbtojuylmAOMmuOvrKG3igaNSCzc80UUwYpt4+OvT1oooqiT\/2Q==');background-size:cover;background-position:50% 50%;\" class=\"image-container__image \" width=\"1000\" height=\"563\" loading=\"lazy\" fetchpriority=\"auto\" \/><\/p>\n<p>        <\/a><\/p>\n<p>                                    C\u00f4t\u00e9 ble innlemmet i Assassin&#8217;s Creed-teamet under arbeidet med Brotherhood.<\/p>\n<p>                        Ubisoft\n                    <\/p>\n<p>If\u00f8lge C\u00f4t\u00e9 ble serien overlatt til noen som var \u00abtettere p\u00e5 den nye selskapsstrukturen\u00bb. Han fikk tilbud om en ny jobb, som skal ha v\u00e6rt kraftig redusert i omfang sammenlignet med sjefsstillingen han holdt siden 2022.<\/p>\n<p>Utvikleren forteller at han ikke b\u00e6rer nag, men heller er takknemlig for sin tid hos Ubisoft. Han \u00f8nsket imidlertid \u00e5 oppklare saken, slik at folk ikke f\u00e5r feil inntrykk.<\/p>\n<p>\u2013 Jeg valgte ikke \u00e5 kaste inn h\u00e5ndkledet. Jeg ble ved min post til Ubisoft ba meg om \u00e5 tre til side. <\/p>\n<p>Ved siden av Assassin&#8217;s Creed, har Vantage ogs\u00e5 overtatt Far Cry- og Rainbow 6-seriene. Endringen er del av en st\u00f8rre omstrukturering hos Ubisoft, der utviklere skal ha mer kontroll over egne prosjekter og enklere tilgang p\u00e5 tilbakemelding fra spillere \u2013 samtidig som prosjektene f\u00e5r utnytte erfaring, verkt\u00f8y og st\u00f8tte fra Ubisoft.<\/p>\n<p>Selskapet og dets spillserier skal deles inn i flere slike \u00abkreative hus\u00bb fremover. <\/p>\n<p><strong>LES OGS\u00c5: <a role=\"link\" href=\"https:\/\/www.gamer.no\/artikler\/kansellert-assassins-creed-skulle-ta-for-seg-slaveri-og-ku-klux-klan-i-usa\/519385\" rel=\"nofollow noopener\" target=\"_blank\">Ubisoft kansellerte et planlagt Assassin&#8217;s Creed-spill i fjor, fordi det ble \u00abfor politisk\u00bb \u00bb<\/a><\/strong><\/p>\n","protected":false},"excerpt":{"rendered":"Tidligere denne m\u00e5neden kunngjorde Ubisoft at ansvaret for Assassin&#8217;s Creed var overf\u00f8rt til Vantage Studios \u2013 en ny&hellip;\n","protected":false},"author":2,"featured_media":65012,"comment_status":"","ping_status":"","sticky":false,"template":"","format":"standard","meta":{"footnotes":""},"categories":[57],"tags":[30,28,29,65,63,64,66,70,69,67,68],"class_list":{"0":"post-65011","1":"post","2":"type-post","3":"status-publish","4":"format-standard","5":"has-post-thumbnail","7":"category-vitenskap-og-teknologi","8":"tag-no","9":"tag-norge","10":"tag-norway","11":"tag-science","12":"tag-science-and-technology","13":"tag-scienceandtechnology","14":"tag-technology","15":"tag-teknologi","16":"tag-vitenskap","17":"tag-vitenskap-og-teknologi","18":"tag-vitenskapteknologi"},"share_on_mastodon":{"url":"","error":""},"_links":{"self":[{"href":"https:\/\/www.europesays.com\/no\/wp-json\/wp\/v2\/posts\/65011","targetHints":{"allow":["GET"]}}],"collection":[{"href":"https:\/\/www.europesays.com\/no\/wp-json\/wp\/v2\/posts"}],"about":[{"href":"https:\/\/www.europesays.com\/no\/wp-json\/wp\/v2\/types\/post"}],"author":[{"embeddable":true,"href":"https:\/\/www.europesays.com\/no\/wp-json\/wp\/v2\/users\/2"}],"replies":[{"embeddable":true,"href":"https:\/\/www.europesays.com\/no\/wp-json\/wp\/v2\/comments?post=65011"}],"version-history":[{"count":0,"href":"https:\/\/www.europesays.com\/no\/wp-json\/wp\/v2\/posts\/65011\/revisions"}],"wp:featuredmedia":[{"embeddable":true,"href":"https:\/\/www.europesays.com\/no\/wp-json\/wp\/v2\/media\/65012"}],"wp:attachment":[{"href":"https:\/\/www.europesays.com\/no\/wp-json\/wp\/v2\/media?parent=65011"}],"wp:term":[{"taxonomy":"category","embeddable":true,"href":"https:\/\/www.europesays.com\/no\/wp-json\/wp\/v2\/categories?post=65011"},{"taxonomy":"post_tag","embeddable":true,"href":"https:\/\/www.europesays.com\/no\/wp-json\/wp\/v2\/tags?post=65011"}],"curies":[{"name":"wp","href":"https:\/\/api.w.org\/{rel}","templated":true}]}}