{"id":65127,"date":"2025-10-20T09:22:07","date_gmt":"2025-10-20T09:22:07","guid":{"rendered":"https:\/\/www.europesays.com\/no\/65127\/"},"modified":"2025-10-20T09:22:07","modified_gmt":"2025-10-20T09:22:07","slug":"hans-marius-hoff-mittet-gikk-fra-scenen-til-gravferdsbransjen","status":"publish","type":"post","link":"https:\/\/www.europesays.com\/no\/65127\/","title":{"rendered":"Hans Marius Hoff Mittet gikk fra scenen til gravferdsbransjen"},"content":{"rendered":"<p>Publisert: 16.10.2025 15:35 |\u00a0Oppdatert: 20.10.2025 09:43<\/p>\n<p class=\"paywall hyperion-css-1j42uic\">Hans Marius Hoff Mittet hentet den d\u00f8de mannen i forrige uke. Han gredde h\u00e5ret hans og tok p\u00e5 ham den rosa findressen. Sammen med kollegaen l\u00f8ftet Mittet mannen over i kisten i svart pianolakk. De skrudde p\u00e5 lokket og bar kisten over i b\u00e5rebilen. S\u00e5 kj\u00f8rte de ham hit, til det kj\u00f8lige rommet under kapellet i Askim kirke.<\/p>\n<p class=\"paywall hyperion-css-1j42uic\">I dag gj\u00f8res det klart for livets siste overgangsrite.<\/p>\n<p class=\"hyperion-css-1qm9e9t\">Les hele saken med abonnement<\/p>\n<p>Allerede abonnent? Logg inn<\/p>\n","protected":false},"excerpt":{"rendered":"Publisert: 16.10.2025 15:35 |\u00a0Oppdatert: 20.10.2025 09:43 Hans Marius Hoff Mittet hentet den d\u00f8de mannen i forrige uke. Han&hellip;\n","protected":false},"author":2,"featured_media":65128,"comment_status":"","ping_status":"","sticky":false,"template":"","format":"standard","meta":{"footnotes":""},"categories":[58],"tags":[71,30,28,29,72],"class_list":{"0":"post-65127","1":"post","2":"type-post","3":"status-publish","4":"format-standard","5":"has-post-thumbnail","7":"category-underholdning","8":"tag-entertainment","9":"tag-no","10":"tag-norge","11":"tag-norway","12":"tag-underholdning"},"share_on_mastodon":{"url":"","error":""},"_links":{"self":[{"href":"https:\/\/www.europesays.com\/no\/wp-json\/wp\/v2\/posts\/65127","targetHints":{"allow":["GET"]}}],"collection":[{"href":"https:\/\/www.europesays.com\/no\/wp-json\/wp\/v2\/posts"}],"about":[{"href":"https:\/\/www.europesays.com\/no\/wp-json\/wp\/v2\/types\/post"}],"author":[{"embeddable":true,"href":"https:\/\/www.europesays.com\/no\/wp-json\/wp\/v2\/users\/2"}],"replies":[{"embeddable":true,"href":"https:\/\/www.europesays.com\/no\/wp-json\/wp\/v2\/comments?post=65127"}],"version-history":[{"count":0,"href":"https:\/\/www.europesays.com\/no\/wp-json\/wp\/v2\/posts\/65127\/revisions"}],"wp:featuredmedia":[{"embeddable":true,"href":"https:\/\/www.europesays.com\/no\/wp-json\/wp\/v2\/media\/65128"}],"wp:attachment":[{"href":"https:\/\/www.europesays.com\/no\/wp-json\/wp\/v2\/media?parent=65127"}],"wp:term":[{"taxonomy":"category","embeddable":true,"href":"https:\/\/www.europesays.com\/no\/wp-json\/wp\/v2\/categories?post=65127"},{"taxonomy":"post_tag","embeddable":true,"href":"https:\/\/www.europesays.com\/no\/wp-json\/wp\/v2\/tags?post=65127"}],"curies":[{"name":"wp","href":"https:\/\/api.w.org\/{rel}","templated":true}]}}