{"id":65164,"date":"2025-10-20T10:02:30","date_gmt":"2025-10-20T10:02:30","guid":{"rendered":"https:\/\/www.europesays.com\/no\/65164\/"},"modified":"2025-10-20T10:02:30","modified_gmt":"2025-10-20T10:02:30","slug":"glatte-veier-politiet-advarer-dagbladet","status":"publish","type":"post","link":"https:\/\/www.europesays.com\/no\/65164\/","title":{"rendered":"Glatte veier: Politiet advarer &#8211; Dagbladet"},"content":{"rendered":"<ol>\n<li><a href=\"https:\/\/news.google.com\/rss\/articles\/CBMie0FVX3lxTE5wdUUxYjFOdjJUTmRxaWZkbHRFdS04SDBoOFU4ci02T25vanVBczlSUF9KeFU1OThGVHYxYlVQV1o5cFlFWWNfeXduVFQ2LVJtbUhUNmhhUDE5MmVCMmY3dHNMYzdxdFhuRlgxeHRRSWN4bWNFN0NrUGJrOA?oc=5\" target=\"_blank\" rel=\"nofollow noopener\">Glatte veier: Politiet advarer<\/a>&nbsp;&nbsp;Dagbladet<\/li>\n<li><a href=\"https:\/\/news.google.com\/rss\/articles\/CBMidkFVX3lxTE1vSTVtZUpfNGRlR0JGUXVPb2dLUWpqNHBISTdVQlhJalhVMFYwSklMVXVIelhYZ1BsR0FHdWhJTHF3ai1qT2hoR2xidDhveDBxenRtWDRZSjZobEl4VzhvcmNsWWd1S3FoZHFSdDhtOC1GeDBudWc?oc=5\" target=\"_blank\" rel=\"nofollow noopener\">S\u00e5peglatte veier &#8211; m\u00e5tte stenge E6 for salting etter ulykke<\/a>&nbsp;&nbsp;VG<\/li>\n<li><a href=\"https:\/\/news.google.com\/rss\/articles\/CBMigAFBVV95cUxPeTU5cDlCZTN4aGp4QVdhay1IdloySXJTZ1VYdEE5TVZPMUlLRWNUUy1WVUZFYXRtZ3NRekhLTEc5MUNKajNDRWVPU1VScmRXUmlQM0JULWg5bHRuY0FIWndBd185ZVpMVmFyanoyUjhBVGdSRWwwTWNmU3doY1NFWA?oc=5\" target=\"_blank\" rel=\"nofollow noopener\">Flere ulykker p\u00e5 Romerike: \u2013 Sv\u00e6rt glatt<\/a>&nbsp;&nbsp;TV2.no<\/li>\n<li><a href=\"https:\/\/news.google.com\/rss\/articles\/CBMihAFBVV95cUxNWndwMlNycjBCcGpuazhzQ0JDUVNKSVRoc3BXaDRSaXdUcjRxRVJEazE3QlRtVno1aGpCR3BZa0dKWkhsQ09NUVE1QVpuQk5fSGtaLUZkUVh6NmpjaUtVOERiNTIyS2ZWLUo2cmRRcFRIUjVTakpOelJhR2p1RDdsTlh2a1Q?oc=5\" target=\"_blank\" rel=\"nofollow noopener\">Trafikk og samferdsel, Stange | Flere biler involvert i trafikkulykke p\u00e5 E6<\/a>&nbsp;&nbsp;Hamar Arbeiderblad<\/li>\n<li><a href=\"https:\/\/news.google.com\/rss\/articles\/CBMibEFVX3lxTE5TLXkyRXlseWpxcjdUS2tnaUM5cldzWUxHbGVRb0VXaTVRcUxyS2NWLUJ3ckw5SWRDX1Z5bjM0Z0YtV2dsNnZWV2xQYnVIRzRZZlZmSnhMcXhWU1FZSU96MGJYTVRMbkhkZVV4UQ?oc=5\" target=\"_blank\" rel=\"nofollow noopener\">Nyheter, Jessheim | E6-advarsel: \u2013 Flere meldinger<\/a>&nbsp;&nbsp;Romerikes Blad<\/li>\n<\/ol>\n","protected":false},"excerpt":{"rendered":"Glatte veier: Politiet advarer&nbsp;&nbsp;Dagbladet S\u00e5peglatte veier &#8211; m\u00e5tte stenge E6 for salting etter ulykke&nbsp;&nbsp;VG Flere ulykker p\u00e5 Romerike:&hellip;\n","protected":false},"author":2,"featured_media":65165,"comment_status":"","ping_status":"","sticky":false,"template":"","format":"standard","meta":{"footnotes":""},"categories":[5],"tags":[20,21,24,25,15,19,2539,22,23,17,18,13,30,28,29,14,16,26,27],"class_list":{"0":"post-65164","1":"post","2":"type-post","3":"status-publish","4":"format-standard","5":"has-post-thumbnail","7":"category-overskrifter","8":"tag-breaking-news","9":"tag-breakingnews","10":"tag-featured-news","11":"tag-featurednews","12":"tag-headlines","13":"tag-hovedoppslag","14":"tag-innenriks","15":"tag-latest-news","16":"tag-latestnews","17":"tag-main-news","18":"tag-mainnews","19":"tag-news","20":"tag-no","21":"tag-norge","22":"tag-norway","23":"tag-nyheter","24":"tag-overskrifter","25":"tag-top-stories","26":"tag-topstories"},"share_on_mastodon":{"url":"","error":""},"_links":{"self":[{"href":"https:\/\/www.europesays.com\/no\/wp-json\/wp\/v2\/posts\/65164","targetHints":{"allow":["GET"]}}],"collection":[{"href":"https:\/\/www.europesays.com\/no\/wp-json\/wp\/v2\/posts"}],"about":[{"href":"https:\/\/www.europesays.com\/no\/wp-json\/wp\/v2\/types\/post"}],"author":[{"embeddable":true,"href":"https:\/\/www.europesays.com\/no\/wp-json\/wp\/v2\/users\/2"}],"replies":[{"embeddable":true,"href":"https:\/\/www.europesays.com\/no\/wp-json\/wp\/v2\/comments?post=65164"}],"version-history":[{"count":0,"href":"https:\/\/www.europesays.com\/no\/wp-json\/wp\/v2\/posts\/65164\/revisions"}],"wp:featuredmedia":[{"embeddable":true,"href":"https:\/\/www.europesays.com\/no\/wp-json\/wp\/v2\/media\/65165"}],"wp:attachment":[{"href":"https:\/\/www.europesays.com\/no\/wp-json\/wp\/v2\/media?parent=65164"}],"wp:term":[{"taxonomy":"category","embeddable":true,"href":"https:\/\/www.europesays.com\/no\/wp-json\/wp\/v2\/categories?post=65164"},{"taxonomy":"post_tag","embeddable":true,"href":"https:\/\/www.europesays.com\/no\/wp-json\/wp\/v2\/tags?post=65164"}],"curies":[{"name":"wp","href":"https:\/\/api.w.org\/{rel}","templated":true}]}}