{"id":65219,"date":"2025-10-20T11:08:07","date_gmt":"2025-10-20T11:08:07","guid":{"rendered":"https:\/\/www.europesays.com\/no\/65219\/"},"modified":"2025-10-20T11:08:07","modified_gmt":"2025-10-20T11:08:07","slug":"samsung-galaxy-s26-pro-kan-bli-en-stor-skuffelse-for-kamerafans","status":"publish","type":"post","link":"https:\/\/www.europesays.com\/no\/65219\/","title":{"rendered":"Samsung Galaxy S26 Pro kan bli en stor skuffelse for kamerafans"},"content":{"rendered":"<ul id=\"7de075a3-87c7-4fd9-afc7-6d146ab81049\">\n<li><strong>Galaxy S26 Pro kan f\u00e5 de samme kameraene som tidligere generasjoner<\/strong><\/li>\n<li><strong>Enheten kan drives av Exynos 2600-brikken, i hvert fall i de fleste regioner<\/strong><\/li>\n<li><strong>Batteriet sies \u00e5 \u00f8ke til 4300 mAh<\/strong><\/li>\n<\/ul>\n<p id=\"a55087a3-2a4a-419c-9fa3-03597df2ef2a\"><a data-analytics-id=\"inline-link\" href=\"https:\/\/global.techradar.com\/no-no\/tag\/samsung\" data-auto-tag-linker=\"true\" data-before-rewrite-localise=\"https:\/\/global.techradar.com\/no-no\/tag\/samsung\" rel=\"nofollow noopener\" target=\"_blank\">Samsung<\/a> Galaxy S26 Pro \u2013 som visstnok er det den vanlige Galaxy S26-modellen skal hete \u2013 h\u00f8res ikke spesielt \u00abproff\u00bb ut. If\u00f8lge den siste lekkasjen kan den til og med v\u00e6re et d\u00e5rligere kj\u00f8p p\u00e5 enkelte omr\u00e5der sammenlignet med Samsung Galaxy S25.<\/p>\n<p>If\u00f8lge lekkasjen <a data-analytics-id=\"inline-link\" href=\"https:\/\/x.com\/erenylmaz075\/status\/1978810497500606560\" target=\"_blank\" rel=\"nofollow\">Erencan Yilmaz<\/a> (via <a data-analytics-id=\"inline-link\" href=\"https:\/\/www.notebookcheck.net\/Samsung-Galaxy-S26-Pro-Dismal-camera-hardware-and-other-details-of-the-Galaxy-S25-s-successor-revealed-in-leak.1140186.0.html\" target=\"_blank\" rel=\"nofollow noopener\">NotebookCheck<\/a>), som hevder \u00e5 ha funnet informasjonen i den nyeste One UI 8.5-versjonen, vil Galaxy S26 Pro bruke den samme 50 MP ISOCELL GN3-sensoren for hovedkameraet som Galaxy S25 \u2013 en sensor Samsung har brukt siden Galaxy S22.<\/p>\n<p><a id=\"elk-seasonal\"\/><\/p>\n<p id=\"a55087a3-2a4a-419c-9fa3-03597df2ef2a-2\">Den vil ogs\u00e5 ha det samme 10 MP S5K3K1-telefotokameraet som ogs\u00e5 har eksistert siden S22-serien, samt det samme 12 MP IMX564 ultravidvinkelkameraet som ble introdusert med Galaxy S23-serien. 12 MP selfie-kameraet (S5K3LU) skal ogs\u00e5 v\u00e6re det samme som i Galaxy S23.<\/p>\n<blockquote class=\"twitter-tweet hawk-ignore\" data-lang=\"en\">\n<p lang=\"en\" dir=\"ltr\">Galaxy S26 Pro (SM-S942B)4300mAh BatteryExynos 2600 SoC (S5E9965)S5KGN3 Main + S5K3K1 Tele + IMX564 UW + S5K3LU FrontThe information I have obtained is based on the latest One UI 8.5 software.<a href=\"https:\/\/twitter.com\/cantworkitout\/status\/1978810497500606560\" rel=\"nofollow noopener\" target=\"_blank\">October 16, 2025<\/a><\/p>\n<\/blockquote>\n<p id=\"5650f98a-2bdf-4222-bd3d-9dbd40bb5af2\">Dette ville bety at kameramaskinvaren ikke har endret seg p\u00e5 flere \u00e5r, noe som igjen betyr at det knapt er noen grunn til \u00e5 oppgradere til Galaxy S26 Pro hvis du hovedsakelig h\u00e5per p\u00e5 kameraforbedringer.<\/p>\n<p>Det er imidlertid verdt \u00e5 nevne at dette g\u00e5r imot noen tidligere lekkasjer \u2013 \u00e9n pekte p\u00e5 en <a data-analytics-id=\"inline-link\" href=\"https:\/\/www.techradar.com\/phones\/samsung-galaxy-phones\/the-samsung-galaxy-s26-could-get-a-much-needed-new-camera\" target=\"_blank\" rel=\"nofollow noopener\">annen 50 MP hovedsensor<\/a>, og en annen antydet at <a data-analytics-id=\"inline-link\" href=\"https:\/\/www.techradar.com\/phones\/samsung-galaxy-phones\/samsung-galaxy-s26-pro-rumors-suggest-it-could-fail-to-match-the-iphone-17\" target=\"_blank\" rel=\"nofollow noopener\">et nytt 50 MP ultravidvinkelkamera<\/a> var p\u00e5 vei. Sistnevnte kilde beskrev imidlertid oppgraderingen som \u00abmeningsl\u00f8s\u00bb, s\u00e5 uansett h\u00f8res det ikke spesielt lovende ut for kameraene til Galaxy S26 Pro.<\/p>\n<p><a id=\"elk-e399fd73-7a4f-4d64-aced-803a7d0293b0\"\/>Exynos-brikke og st\u00f8rre batteri<\/p>\n<p id=\"052fc534-efb4-4627-b13b-1f9d716137bb\">I tillegg til kameraet nevner dagens lekkasje ogs\u00e5 at telefonen vil bli drevet av Exynos 2600-brikken, noe som er litt av en skuffelse, ettersom den sannsynligvis ikke vil v\u00e6re like kraftig som Snapdragon 8 Elite Gen 5 \u2013 brikken som ventes \u00e5 drive mange av <a data-analytics-id=\"inline-link\" href=\"https:\/\/global.techradar.com\/no-no\/news\/de-beste-android-telefonene\" target=\"_blank\" data-before-rewrite-localise=\"https:\/\/global.techradar.com\/sv-se\/best\/basta-android-mobil\" rel=\"nofollow noopener\">de beste Android-telefonene<\/a> i 2026. Amerikanske kj\u00f8pere kan imidlertid v\u00e6re heldige nok til \u00e5 f\u00e5 Snapdragon-versjonen, hvis man f\u00f8lger tidligere m\u00f8nstre.<\/p>\n<p>Til slutt nevnes et batteri p\u00e5 4300 mAh, som i det minste ville v\u00e6re en forbedring i forhold til Galaxy S25s 4000 mAh. Denne batterioppgraderingen har ogs\u00e5 blitt nevnt i <a data-analytics-id=\"inline-link\" href=\"https:\/\/www.techradar.com\/phones\/samsung-galaxy-phones\/two-key-specs-leak-for-the-galaxy-s26-and-we-may-get-a-battery-upgrade-at-last\" target=\"_blank\" rel=\"nofollow noopener\">tidligere rykter<\/a>, s\u00e5 det virker sannsynlig.<\/p>\n<p>Vi vil sannsynligvis finne ut n\u00f8yaktig hva Samsung Galaxy S26 Pro har \u00e5 tilby en gang i januar eller februar, men gitt disse mindre lovende lekkasjene \u2013 og rapportene om at <a data-analytics-id=\"inline-link\" href=\"https:\/\/www.techradar.com\/phones\/samsung-galaxy-phones\/there-apparently-wont-be-a-samsung-galaxy-s26-edge-and-you-might-not-be-able-to-get-the-s25-edge-for-much-longer-either\" target=\"_blank\" rel=\"nofollow noopener\">Galaxy S26 Edge er utg\u00e5tt<\/a> \u2013 ser det ikke ut til at 2026 blir et flott \u00e5r for Samsung.<\/p>\n<p><a id=\"elk-videre-lesning\"\/>Videre lesning<\/p>\n<p><a id=\"elk-9d516acb-91d8-44aa-b026-ba94e66b2eab\"\/><\/p>\n<p>Dagens beste tilbud p\u00e5 Samsung Galaxy S25 Ultra<\/p>\n<p><script async src=\"https:\/\/platform.twitter.com\/widgets.js\" charset=\"utf-8\"><\/script><\/p>\n","protected":false},"excerpt":{"rendered":"Galaxy S26 Pro kan f\u00e5 de samme kameraene som tidligere generasjoner Enheten kan drives av Exynos 2600-brikken, i&hellip;\n","protected":false},"author":2,"featured_media":65220,"comment_status":"","ping_status":"","sticky":false,"template":"","format":"standard","meta":{"footnotes":""},"categories":[57],"tags":[30,28,29,65,63,64,66,70,69,67,68],"class_list":{"0":"post-65219","1":"post","2":"type-post","3":"status-publish","4":"format-standard","5":"has-post-thumbnail","7":"category-vitenskap-og-teknologi","8":"tag-no","9":"tag-norge","10":"tag-norway","11":"tag-science","12":"tag-science-and-technology","13":"tag-scienceandtechnology","14":"tag-technology","15":"tag-teknologi","16":"tag-vitenskap","17":"tag-vitenskap-og-teknologi","18":"tag-vitenskapteknologi"},"share_on_mastodon":{"url":"","error":""},"_links":{"self":[{"href":"https:\/\/www.europesays.com\/no\/wp-json\/wp\/v2\/posts\/65219","targetHints":{"allow":["GET"]}}],"collection":[{"href":"https:\/\/www.europesays.com\/no\/wp-json\/wp\/v2\/posts"}],"about":[{"href":"https:\/\/www.europesays.com\/no\/wp-json\/wp\/v2\/types\/post"}],"author":[{"embeddable":true,"href":"https:\/\/www.europesays.com\/no\/wp-json\/wp\/v2\/users\/2"}],"replies":[{"embeddable":true,"href":"https:\/\/www.europesays.com\/no\/wp-json\/wp\/v2\/comments?post=65219"}],"version-history":[{"count":0,"href":"https:\/\/www.europesays.com\/no\/wp-json\/wp\/v2\/posts\/65219\/revisions"}],"wp:featuredmedia":[{"embeddable":true,"href":"https:\/\/www.europesays.com\/no\/wp-json\/wp\/v2\/media\/65220"}],"wp:attachment":[{"href":"https:\/\/www.europesays.com\/no\/wp-json\/wp\/v2\/media?parent=65219"}],"wp:term":[{"taxonomy":"category","embeddable":true,"href":"https:\/\/www.europesays.com\/no\/wp-json\/wp\/v2\/categories?post=65219"},{"taxonomy":"post_tag","embeddable":true,"href":"https:\/\/www.europesays.com\/no\/wp-json\/wp\/v2\/tags?post=65219"}],"curies":[{"name":"wp","href":"https:\/\/api.w.org\/{rel}","templated":true}]}}