{"id":65351,"date":"2025-10-20T13:46:11","date_gmt":"2025-10-20T13:46:11","guid":{"rendered":"https:\/\/www.europesays.com\/no\/65351\/"},"modified":"2025-10-20T13:46:11","modified_gmt":"2025-10-20T13:46:11","slug":"tv-2-bekrefter-at-det-ikke-blir-en-ny-sesong","status":"publish","type":"post","link":"https:\/\/www.europesays.com\/no\/65351\/","title":{"rendered":"TV 2 bekrefter at det ikke blir en ny sesong"},"content":{"rendered":"\n<p class=\"_lead_o9xde_2 _lead_xtcu6_50 layout-component text-serif-m layout-normal text-serif-l layout-component layout-wide layout-padded _wide_17hqh_1 layout-padded\">Den popul\u00e6re realityserien har hatt fire norske sesonger.<\/p>\n<p><img alt=\" Foto: TV 2\" class=\"_image_qp4xg_65 layout-component layout-wide\" data-fullscreen- data-track-element-type=\"Article image fullscreen\" data-track-name=\"ImageFullscreen\" fetchpriority=\"high\" decoding=\"sync\" loading=\"eager\" height=\"1668\" itemprop=\"image\"  src=\"https:\/\/www.europesays.com\/no\/wp-content\/uploads\/2025\/10\/2d20fc7d-731c-4929-9dd5-923121b1c4b6\"  style=\"object-position:0% 0%\" width=\"2500\"\/> Foto: TV 2<\/p>\n<ul aria-hidden=\"true\" class=\"_images_18f0k_111\">\n<li><a class=\"_link_18f0k_116\" href=\"https:\/\/www.vg.no\/forfatter\/bastian-lunde-hvitmyhr\" style=\"z-index:2\" title=\"Bastian Lunde Hvitmyhr\" rel=\"nofollow noopener\" target=\"_blank\"><img alt=\"Bilde av Bastian Lunde Hvitmyhr\" class=\"_image_18f0k_93\" fetchpriority=\"low\" loading=\"lazy\" decoding=\"async\" itemprop=\"image\"  src=\"https:\/\/www.europesays.com\/no\/wp-content\/uploads\/2025\/10\/1760967971_109_150baf2c-85af-47f9-b506-d8189e6820a4\"  width=\"480\"\/><\/a><\/li>\n<li><a class=\"_link_18f0k_116\" href=\"https:\/\/www.vg.no\/forfatter\/steffen-pettersen-2\" style=\"z-index:1\" title=\"Steffen Pettersen\" rel=\"nofollow noopener\" target=\"_blank\"><img alt=\"Bilde av Steffen Pettersen\" class=\"_image_18f0k_93\" fetchpriority=\"low\" loading=\"lazy\" decoding=\"async\" itemprop=\"image\"  src=\"https:\/\/www.europesays.com\/no\/wp-content\/uploads\/2025\/10\/1760967971_550_31f8141a-a663-4901-a90a-8372d20392c3\"  width=\"480\"\/><\/a><\/li>\n<\/ul>\n<p> Oppdatert mandag 20. oktober kl. 15:28     <\/p>\n<p class=\"_paragraph_o9xde_4 _paragraph_xtcu6_10 layout-component text-serif-m layout-normal text-serif-m layout-padded\">\u2013 Vi kan bekrefte at det ikke er planlagt en norsk versjon i 2026, det sier programredakt\u00f8r Trygve R\u00f8nningen i <a href=\"https:\/\/www.vg.no\/tag\/tv-2?utm_source=vg-article&amp;utm_medium=auto-tagger&amp;utm_campaign=pPJA9X\" class=\"_link_o9xde_39\" rel=\"nofollow noopener\" target=\"_blank\">TV 2<\/a>.<\/p>\n<p class=\"_paragraph_o9xde_4 _paragraph_xtcu6_10 layout-component text-serif-m layout-normal text-serif-m layout-padded\">Serien har hatt en sesong p\u00e5 TV3 og tre p\u00e5 TV 2. Den siste ble sendt v\u00e5ren 2025.<\/p>\n<p class=\"_paragraph_o9xde_4 _paragraph_xtcu6_10 layout-component text-serif-m layout-normal text-serif-m layout-padded\">\u2013 \u00abLove Island\u00bb-fans vil fortsatt kunne finne masse innhold hos oss, for de internasjonale versjonene ruller videre p\u00e5 TV 2 Play ogs\u00e5 neste \u00e5r.<\/p>\n<p class=\"_paragraph_o9xde_4 _paragraph_xtcu6_10 layout-component text-serif-m layout-normal layout-padded\"><strong class=\"_strong_o9xde_25\">Les ogs\u00e5:<\/strong> <a href=\"https:\/\/www.vg.no\/i\/O3O7Xl\" data-track-element-type=\"Link\" data-track-id=\"link:O3O7Xl\" class=\"_link_o9xde_39\" rel=\"nofollow noopener\" target=\"_blank\">\u00abLove Island\u00bb kritiseres: \u2013 En ubehagelig p\u00e5minner<\/a><\/p>\n<p class=\"_paragraph_o9xde_4 _paragraph_xtcu6_10 layout-component text-serif-m layout-normal text-serif-m layout-padded\"><strong class=\"_strong_o9xde_25\">Det var Camilla Ellinor De Souza Devik (28) og Nicklas Olai Karlsen Sundsv\u00e5g (22) som stakk av med<a href=\"https:\/\/www.vg.no\/rampelys\/i\/VzwkJ4\/vinnerne-av-love-island-norge-2025\" data-track-element-type=\"Link\" data-track-id=\"link:VzwkJ4\" class=\"_link_o9xde_39\" rel=\"nofollow noopener\" target=\"_blank\"> seieren av \u00abLove Island Norge\u00bb 2025.<\/a><\/strong><\/p>\n<p class=\"_paragraph_o9xde_4 _paragraph_xtcu6_10 layout-component text-serif-m layout-normal text-serif-m layout-padded\">Realityserien har versjoner i flere land, men det er den britiske versjonen \u00abLove Island UK\u00bb som er aller st\u00f8rst. <\/p>\n<p class=\"_paragraph_o9xde_4 _paragraph_xtcu6_10 layout-component text-serif-m layout-normal text-serif-m layout-padded\">Flere av deltagerne fra de norske sesongene har blitt kjente. Blant annet influencer Nora Haukland, som vant i 2020.<\/p>\n<p class=\"_paragraph_o9xde_4 _paragraph_xtcu6_10 layout-component text-serif-m layout-normal text-serif-m layout-padded\">Ogs\u00e5 i Norge har den h\u00f8ye seertall.<\/p>\n<p class=\"_paragraph_o9xde_4 _paragraph_xtcu6_10 layout-component text-serif-m layout-normal text-serif-m layout-padded\">Episodene av den f\u00f8rste TV 2-sesong i Norge ble i <a href=\"https:\/\/www.vg.no\/nyheter\/i\/gw9KB5\/tv-ekspert-om-love-island-40-prosent-sjanse-for-ny-sesong\" data-track-element-type=\"Link\" data-track-id=\"link:gw9KB5\" class=\"_link_o9xde_39\" rel=\"nofollow noopener\" target=\"_blank\">snitt sett av 184.000 personer.<\/a><\/p>\n<p class=\"_paragraph_o9xde_4 _paragraph_xtcu6_10 layout-component text-serif-m layout-normal text-serif-m layout-padded\">Det har v\u00e6rt flere programledere av \u00abLove Island Norge\u00bb. F\u00f8rst ut var Tone Damli, s\u00e5 Morten Hegseth, f\u00f8r Alexandra Joner ledet \u00e5rets sesong p\u00e5 TV 2.<\/p>\n<p class=\"_paragraph_o9xde_4 _paragraph_xtcu6_10 layout-component text-serif-m layout-normal text-serif-m layout-padded\"><strong class=\"_strong_o9xde_25\">Husker du dette \u00f8yeblikket fra den norske versjonen?<\/strong><\/p>\n<p class=\"_paragraph_o9xde_4 _paragraph_xtcu6_10 layout-component text-serif-m layout-normal text-serif-m layout-padded\">Konseptet til serien er slik: single flytter inn i en luksusvilla med m\u00e5l om \u00e5 finne kj\u00e6rligheten \u2013 og vinne en pengepremie. Ogs\u00e5 seerne er med p\u00e5 \u00e5 bestemme hvordan ting ender. <\/p>\n<p class=\"_paragraph_o9xde_4 _paragraph_xtcu6_10 layout-component text-serif-m layout-normal layout-padded\"><strong class=\"_strong_o9xde_25\">Les ogs\u00e5:<\/strong> <a href=\"https:\/\/www.vg.no\/i\/bKrypl\" data-track-element-type=\"Link\" data-track-id=\"link:bKrypl\" class=\"_link_o9xde_39\" rel=\"nofollow noopener\" target=\"_blank\">Reality-krigen: Skandaleserien \u00abEx on the Beach\u00bb knuser \u00abLove Island\u00bb<\/a><\/p>\n","protected":false},"excerpt":{"rendered":"Den popul\u00e6re realityserien har hatt fire norske sesonger. Foto: TV 2 Oppdatert mandag 20. oktober kl. 15:28 \u2013&hellip;\n","protected":false},"author":2,"featured_media":65352,"comment_status":"","ping_status":"","sticky":false,"template":"","format":"standard","meta":{"footnotes":""},"categories":[5],"tags":[31,20,21,24,25,15,19,22,23,4466,17,18,13,30,28,29,14,16,2177,26,27,208,3305],"class_list":{"0":"post-65351","1":"post","2":"type-post","3":"status-publish","4":"format-standard","5":"has-post-thumbnail","7":"category-overskrifter","8":"tag-breaking","9":"tag-breaking-news","10":"tag-breakingnews","11":"tag-featured-news","12":"tag-featurednews","13":"tag-headlines","14":"tag-hovedoppslag","15":"tag-latest-news","16":"tag-latestnews","17":"tag-love-island","18":"tag-main-news","19":"tag-mainnews","20":"tag-news","21":"tag-no","22":"tag-norge","23":"tag-norway","24":"tag-nyheter","25":"tag-overskrifter","26":"tag-reality-tv","27":"tag-top-stories","28":"tag-topstories","29":"tag-tv-2","30":"tag-tv-2-play"},"share_on_mastodon":{"url":"","error":""},"_links":{"self":[{"href":"https:\/\/www.europesays.com\/no\/wp-json\/wp\/v2\/posts\/65351","targetHints":{"allow":["GET"]}}],"collection":[{"href":"https:\/\/www.europesays.com\/no\/wp-json\/wp\/v2\/posts"}],"about":[{"href":"https:\/\/www.europesays.com\/no\/wp-json\/wp\/v2\/types\/post"}],"author":[{"embeddable":true,"href":"https:\/\/www.europesays.com\/no\/wp-json\/wp\/v2\/users\/2"}],"replies":[{"embeddable":true,"href":"https:\/\/www.europesays.com\/no\/wp-json\/wp\/v2\/comments?post=65351"}],"version-history":[{"count":0,"href":"https:\/\/www.europesays.com\/no\/wp-json\/wp\/v2\/posts\/65351\/revisions"}],"wp:featuredmedia":[{"embeddable":true,"href":"https:\/\/www.europesays.com\/no\/wp-json\/wp\/v2\/media\/65352"}],"wp:attachment":[{"href":"https:\/\/www.europesays.com\/no\/wp-json\/wp\/v2\/media?parent=65351"}],"wp:term":[{"taxonomy":"category","embeddable":true,"href":"https:\/\/www.europesays.com\/no\/wp-json\/wp\/v2\/categories?post=65351"},{"taxonomy":"post_tag","embeddable":true,"href":"https:\/\/www.europesays.com\/no\/wp-json\/wp\/v2\/tags?post=65351"}],"curies":[{"name":"wp","href":"https:\/\/api.w.org\/{rel}","templated":true}]}}