{"id":65371,"date":"2025-10-20T14:08:13","date_gmt":"2025-10-20T14:08:13","guid":{"rendered":"https:\/\/www.europesays.com\/no\/65371\/"},"modified":"2025-10-20T14:08:13","modified_gmt":"2025-10-20T14:08:13","slug":"dukket-opp-i-trondelag","status":"publish","type":"post","link":"https:\/\/www.europesays.com\/no\/65371\/","title":{"rendered":"Dukket opp i Tr\u00f8ndelag"},"content":{"rendered":"<p>  McCann-mistenkte\u00a0Christian Brueckner oppholder seg angivelig i en tysk by. Det f\u00e5r flere lokale til \u00e5 se r\u00f8dt.\u00a0<\/p>\n<p>\n    L\u00d8SLATT: Christian Brueckner ble nylig l\u00f8slatt etter \u00e5 ha sonet en voldtektsdom. Bildet ble tatt i retten i 2024. Foto: AFP \/ NTB\n  <\/p>\n<p>    Kort fortalt<\/p>\n<ul lang=\"nb-NO\">\n<li>Christian Brueckner, mistenkt i Madeleine McCann-saken, ble l\u00f8slatt etter \u00e5 ha sonet for voldtekt.<\/li>\n<li>Han bor angivelig i en tysk by under streng overv\u00e5kning, noe som har skapt uro blant innbyggerne.<\/li>\n<li>Over 150 demonstranter krever hans bortvisning og mer \u00e5penhet om seksualforbrytere i boligomr\u00e5der.<\/li>\n<li>Brueckner hevder \u00e5 v\u00e6re utsatt for en heksejakt og nekter \u00e5 samarbeide med britisk politi.<\/li>\n<\/ul>\n<p class=\"italic ai-disclaimer\" data-lab-italic=\"italic\">Sammendraget er laget av ChatGPT og godkjent av Dagbladet.<\/p>\n<p>      Vis mer<br \/>\n      Vis mindre<\/p>\n<p>Etter \u00e5 ha sonet sju \u00e5r for voldtekt av ei kvinne i 2005, ble tyske Christian Brueckner (48) l\u00f8slatt fra fengsel i september.\u00a0<\/p>\n<p>Siden 2020 har han v\u00e6rt hovedmistenkt i forsvinningssaken til Madeleine McCann, da p\u00e5talemyndigheten hevder \u00e5 ha bevis for at han bortf\u00f8rte og drepte henne i Portugal i 2007.\u00a0<\/p>\n<p> Britiske Madeleine McCann forsvant fra familiens ferieleilighet i Praia da Luz, like etter at hun var lagt til sengs av foreldrene Kate og Gerry McCann. Hun var da tre \u00e5r gammel. <\/p>\n<p class=\"font-weight-bold m-font-weight-bold\" data-lab-font_weight=\"font-weight-bold\">P\u00e5talemyndigheten har aldri presentert bevisene eller tatt ut siktelse mot ham, og tyskeren nekter for \u00e5 ha hatt noe med saken \u00e5 gj\u00f8re.\u00a0<\/p>\n<p>Brueckner bodde i Algarve mellom 1995 og 2007, der han if\u00f8lge rettsdokumenter gjorde innbrudd p\u00e5 hoteller og ferieboliger.<\/p>\n<p>          <img loading=\"lazy\" decoding=\"async\" src=\"https:\/\/www.europesays.com\/no\/wp-content\/uploads\/2025\/10\/83743487.webp\" width=\"686\" height=\"392\" title=\"FORSVANT: Christian Brueckner er hovedmistenkt i Madeleine McCann-saken. Tre\u00e5ringen var p\u00e5 ferie med familien da hun ble bortf\u00f8rt. Foto: Handout\" alt=\"\" class=\"\" style=\"--aspect-ratio-image: 1.75; \"\/><\/p>\n<p>\n          FORSVANT: Christian Brueckner er hovedmistenkt i Madeleine McCann-saken. Tre\u00e5ringen var p\u00e5 ferie med familien da hun ble bortf\u00f8rt. Foto: Handout\n      <\/p>\n<p> Etter l\u00f8slatelsen ble Christian Brueckner raskt oppdaget av pressen i Neum\u00fcnster, noe som f\u00f8rte til sterke lokale reaksjoner og krav om at han m\u00e5tte flytte. <\/p>\n<p>If\u00f8lge den britiske TV-kanalen Sky News hadde ikke 48-\u00e5ringen et fast sted \u00e5 bo, og han skal ved flere anledninger ha blitt avvist eller kastet ut fra hoteller og herberger for hjeml\u00f8se.<\/p>\n<p class=\"font-weight-bold m-font-weight-bold\" data-lab-font_weight=\"font-weight-bold\"> &#8211; Jeg vil at de skal stoppe denne heksejakten mot meg og gi meg livet tilbake, sa Brueckner i et intervju med\u00a0<a href=\"https:\/\/news.sky.com\/story\/christian-b-freed-madeleine-mccann-suspect-pleads-give-me-back-my-life-as-he-tries-to-confront-prosecutor-13440814\" target=\"_blank\" rel=\"nofollow noopener\">Sky News<\/a>\u00a0fra september.\u00a0<\/p>\n<p class=\"font-weight-normal m-font-weight-normal\" data-lab-font_weight=\"font-weight-normal\">Politiet flyttet ham til en hemmelig adresse, hvor han n\u00e5 lever under streng overv\u00e5kning med fotlenke og uten pass.\u00a0<\/p>\n<p>N\u00e5 hevder innbyggere i en tysk by at Brueckner bor der &#8211; noe de lokale ikke er forn\u00f8yd med.\u00a0<\/p>\n<p>P\u00e5 sosiale medier legger folk ut bilder og oppdateringer om hvor han skal befinne seg, mens andre krever \u00e5 f\u00e5 ham fjernet fra omr\u00e5det.\u00a0<\/p>\n<p>Flere skal dessuten ha oppfordret til \u00e5 ut\u00f8ve vold mot ham, if\u00f8lge TV-kanalen.\u00a0<\/p>\n<p>150 dukket opp<\/p>\n<p>L\u00f8rdag tok flere innbyggere grep for \u00e5 understreke hva de synes om hans angivelige tilstedev\u00e6relse.\u00a0<\/p>\n<p>Sky News melder at over 150 demonstranter m\u00f8tte opp i byen for \u00e5 kreve at\u00a0Brueckner blir bortvist fra omr\u00e5det.\u00a0<\/p>\n<p>De \u00f8nsker ogs\u00e5 mer \u00e5penhet fra myndighetene rundt plassering av seksualforbrytere i boligomr\u00e5der.\u00a0<\/p>\n<p>        Fredag 17. oktober startet rettssaken mot 27 \u00e5r gamle Dahbia Benkired i Frankrike. Reporter: Marte Nyl\u00f8kken Helseth.<\/p>\n<p class=\"font-weight-bold m-font-weight-bold\" data-lab-font_weight=\"font-weight-bold\">Alex Ehmke er en av de som deltok i demonstrasjonen. Overfor Sky News sier han at han har to d\u00f8tre, og derfor tar saken p\u00e5 alvor:\u00a0<\/p>\n<p>&#8211; Jeg aksepterer at de som l\u00f8slates fra fengsel skal f\u00e5 mulighet til \u00e5 komme tilbake til samfunnet, men det er en forskjell p\u00e5 det og \u00e5 la en person spankulere rundt s\u00e5 fritt, sier han.\u00a0<\/p>\n<p>    <a itemprop=\"url\" href=\"https:\/\/www.dagbladet.no\/nyheter\/mccann-mistenkt-en-heksejakt\/83657839\" rel=\"nofollow noopener\" target=\"_blank\"><\/p>\n<p>      <img loading=\"lazy\" decoding=\"async\" src=\"https:\/\/www.europesays.com\/no\/wp-content\/uploads\/2025\/10\/83657856.webp\" width=\"980\" height=\"441\" title=\"McCann-mistenkt: - En heksejakt\" alt=\"\" class=\"lazyload\" style=\"--aspect-ratio-image: 2.22; \"\/><\/p>\n<p>        McCann-mistenkt: &#8211; En heksejakt<\/p>\n<p>    <\/a><\/p>\n<p>En annen demonstrant, 38 \u00e5r gamle Denise, sier at fotlenka ikke er nok for at de skal f\u00f8le seg trygge:\u00a0<\/p>\n<p>&#8211; En person som dette b\u00f8r l\u00e5ses inne p\u00e5 en forebyggende institusjon, eller et sted hvor han blir godt overv\u00e5ket av profesjonelle.\u00a0<\/p>\n<p>Nekter<\/p>\n<p>Brueckners forsvarer mener at mistankene mot ham i McCann-saken er grunnl\u00f8se, og at han ikke har mulighet til \u00e5 leve et normalt liv p\u00e5 grunn av situasjonen.\u00a0<\/p>\n<p>Da Sky News stilte ham et direkte sp\u00f8rsm\u00e5l om Madeleine McCann tidligere i \u00e5r, svarte han ikke p\u00e5 skyldsp\u00f8rsm\u00e5let:\u00a0<\/p>\n<p> &#8211; Mine forsvarsadvokater har bedt meg om \u00e5 ikke si noe om dette temaet, og dessverre m\u00e5 jeg overholde det, sa han.\u00a0<\/p>\n<p>    <a itemprop=\"url\" href=\"https:\/\/www.dagbladet.no\/nyheter\/firearing-savnet-ny-melding-ryster\/83721242\" rel=\"nofollow noopener\" target=\"_blank\"><\/p>\n<p>      <img loading=\"lazy\" decoding=\"async\" src=\"https:\/\/www.europesays.com\/no\/wp-content\/uploads\/2025\/10\/1760969293_748_83723493.webp\" width=\"980\" height=\"441\" title=\"Fire\u00e5ring savnet: Ny melding ryster\" alt=\"\" class=\"lazyload\" style=\"--aspect-ratio-image: 2.22; \"\/><\/p>\n<p>        Fire\u00e5ring savnet: Ny melding ryster<\/p>\n<p>    <\/a><\/p>\n<p> Brueckner er fortsatt mistenkt i Scotland Yards etterforskning, som p\u00e5g\u00e5r parallelt med arbeidet til portugisiske og tyske myndigheter.\u00a0<\/p>\n<p>Nylig skrev Dagbladet om at han har <a href=\"https:\/\/www.dagbladet.no\/nyheter\/nekter-a-prate\/83593139\" rel=\"nofollow noopener\" target=\"_blank\">nektet \u00e5 la seg avh\u00f8re<\/a> av britisk politi.<\/p>\n<p> &#8211; Vi ba om et avh\u00f8r gjennom en internasjonal rettsanmodning, men foresp\u00f8rselen ble avsl\u00e5tt. Selv uten et avh\u00f8r vil vi fortsette \u00e5 f\u00f8lge opp alle mulige spor<a href=\"https:\/\/www.dagbladet.no\/nyheter\/nekter-a-prate\/83593139\" rel=\"nofollow noopener\" target=\"_blank\">, uttalte politiinspekt\u00f8r Mark Cranwell,<\/a>\u00a0som er etterforskningsleder i det britiske politiet. <\/p>\n","protected":false},"excerpt":{"rendered":"McCann-mistenkte\u00a0Christian Brueckner oppholder seg angivelig i en tysk by. Det f\u00e5r flere lokale til \u00e5 se r\u00f8dt.\u00a0 L\u00d8SLATT:&hellip;\n","protected":false},"author":2,"featured_media":65372,"comment_status":"","ping_status":"","sticky":false,"template":"","format":"standard","meta":{"footnotes":""},"categories":[59],"tags":[92,30,28,29,505,83,82],"class_list":{"0":"post-65371","1":"post","2":"type-post","3":"status-publish","4":"format-standard","5":"has-post-thumbnail","7":"category-sport","8":"tag-fotball","9":"tag-no","10":"tag-norge","11":"tag-norway","12":"tag-ole-gunnar-solskjaer","13":"tag-sport","14":"tag-sports"},"share_on_mastodon":{"url":"","error":""},"_links":{"self":[{"href":"https:\/\/www.europesays.com\/no\/wp-json\/wp\/v2\/posts\/65371","targetHints":{"allow":["GET"]}}],"collection":[{"href":"https:\/\/www.europesays.com\/no\/wp-json\/wp\/v2\/posts"}],"about":[{"href":"https:\/\/www.europesays.com\/no\/wp-json\/wp\/v2\/types\/post"}],"author":[{"embeddable":true,"href":"https:\/\/www.europesays.com\/no\/wp-json\/wp\/v2\/users\/2"}],"replies":[{"embeddable":true,"href":"https:\/\/www.europesays.com\/no\/wp-json\/wp\/v2\/comments?post=65371"}],"version-history":[{"count":0,"href":"https:\/\/www.europesays.com\/no\/wp-json\/wp\/v2\/posts\/65371\/revisions"}],"wp:featuredmedia":[{"embeddable":true,"href":"https:\/\/www.europesays.com\/no\/wp-json\/wp\/v2\/media\/65372"}],"wp:attachment":[{"href":"https:\/\/www.europesays.com\/no\/wp-json\/wp\/v2\/media?parent=65371"}],"wp:term":[{"taxonomy":"category","embeddable":true,"href":"https:\/\/www.europesays.com\/no\/wp-json\/wp\/v2\/categories?post=65371"},{"taxonomy":"post_tag","embeddable":true,"href":"https:\/\/www.europesays.com\/no\/wp-json\/wp\/v2\/tags?post=65371"}],"curies":[{"name":"wp","href":"https:\/\/api.w.org\/{rel}","templated":true}]}}