{"id":65420,"date":"2025-10-20T15:05:13","date_gmt":"2025-10-20T15:05:13","guid":{"rendered":"https:\/\/www.europesays.com\/no\/65420\/"},"modified":"2025-10-20T15:05:13","modified_gmt":"2025-10-20T15:05:13","slug":"til-firefireblod-vaknet-til-melding-dette-er-skjorere-enn-mange-tror","status":"publish","type":"post","link":"https:\/\/www.europesays.com\/no\/65420\/","title":{"rendered":"TIL, FireFireBlod | V\u00e5knet til melding: \u2013 Dette er skj\u00f8rere enn mange tror"},"content":{"rendered":"\n<p>Meningene om det er delte i den mandagsferske episoden av v\u00e5r fotballpodkast, dagen etter 1-3-skuffelsen hjemme mot Viking.<\/p>\n<ul>\n<li><b>H\u00f8r episode 224 av FireFireBlod her:<\/b><\/li>\n<\/ul>\n<p>Vik-forlengelse p\u00e5 gang<\/p>\n<p>I episoden f\u00e5r du blant annet litt om disse tingene:<\/p>\n<ul>\n<li>Var dette et farvel til medaljeh\u00e5pet?<\/li>\n<li>Kan ogs\u00e5 Europa-plassen sauses vekk?<\/li>\n<li>Jernvilje-Jens<\/li>\n<li>Straffer\u00f8r og dommerharnisk<\/li>\n<li>Fire i karantenefare<\/li>\n<li>Tribunebes\u00f8k fra Premier League og Serie A<\/li>\n<li>Sportssjefens fremtid i spill<\/li>\n<li>Vik-forlengelse p\u00e5 trappene<\/li>\n<li>Afrikanske talenter i konfirmant-alder<\/li>\n<li>Supertrist watch \u2013 er det over for Espejord?<\/li>\n<li>Superdramatisk Straffekonk<\/li>\n<\/ul>\n<p><b>S\u00e5 m\u00e5 selvf\u00f8lgelig ingen glemme FireFireBlod LIVE tirsdag 18. november p\u00e5 Bakrommet p\u00e5 Amtmandens. Les mer om det her:<\/b><\/p>\n<p>  <a href=\"https:\/\/www.nordlys.no\/5-34-2228586\" class=\"related-teaser has-image default-story-teaser article--c-eRUmMG article--c-eRUmMG-jKCPdD-design-default\" rel=\"nofollow noopener\" target=\"_blank\"><\/p>\n<p>    <img decoding=\"async\" loading=\"lazy\"  src=\"https:\/\/www.europesays.com\/no\/wp-content\/uploads\/2025\/10\/LiveMash.jpg\" alt=\"\" class=\"brick-c-cFOWSL\" style=\"\"\/><\/p>\n<p>\n            Les ogs\u00e5<\/p>\n<p>              Topper plakaten: H\u00f8gmo kommer til FireFireBlod live!\n        <\/p>\n<p>  <\/a><br \/>\n  Finn og f\u00f8lg podkasten<\/p>\n<p>Alle v\u00e5re 224 episoder av FireFireBlod (tidligere kjent som JoMos Kosmos) er tilgjengelige og lette \u00e5 s\u00f8ke opp b\u00e5de p\u00e5 Spotify, Apple Podcasts (iTunes) og Omny.<\/p>\n<p><b><a href=\"https:\/\/bsky.app\/profile\/firefireblod.bsky.social\" rel=\"Follow nofollow noopener\" target=\"_blank\">F\u00f8lg FireFireBlod p\u00e5 BlueSky<\/a>.<\/b><\/p>\n<p><b><a href=\"https:\/\/x.com\/FireFireBlod\" rel=\"Follow nofollow\">F\u00f8lg FireFireBlod p\u00e5 X<\/a>.<\/b><\/p>\n<p><b><a href=\"https:\/\/www.instagram.com\/firefireblod\/\" rel=\"Follow nofollow noopener\" target=\"_blank\">F\u00f8lg FireFireBlod p\u00e5 Instagram<\/a>.<\/b><\/p>\n<p><script async src=\"\/\/www.instagram.com\/embed.js\"><\/script><\/p>\n","protected":false},"excerpt":{"rendered":"Meningene om det er delte i den mandagsferske episoden av v\u00e5r fotballpodkast, dagen etter 1-3-skuffelsen hjemme mot Viking.&hellip;\n","protected":false},"author":2,"featured_media":65421,"comment_status":"","ping_status":"","sticky":false,"template":"","format":"standard","meta":{"footnotes":""},"categories":[59],"tags":[36,134,1271,92,30,28,29,1270,83,82,1510,471],"class_list":{"0":"post-65420","1":"post","2":"type-post","3":"status-publish","4":"format-standard","5":"has-post-thumbnail","7":"category-sport","8":"tag-art","9":"tag-eliteserien","10":"tag-firefireblod","11":"tag-fotball","12":"tag-no","13":"tag-norge","14":"tag-norway","15":"tag-podkast","16":"tag-sport","17":"tag-sports","18":"tag-story","19":"tag-til"},"share_on_mastodon":{"url":"","error":""},"_links":{"self":[{"href":"https:\/\/www.europesays.com\/no\/wp-json\/wp\/v2\/posts\/65420","targetHints":{"allow":["GET"]}}],"collection":[{"href":"https:\/\/www.europesays.com\/no\/wp-json\/wp\/v2\/posts"}],"about":[{"href":"https:\/\/www.europesays.com\/no\/wp-json\/wp\/v2\/types\/post"}],"author":[{"embeddable":true,"href":"https:\/\/www.europesays.com\/no\/wp-json\/wp\/v2\/users\/2"}],"replies":[{"embeddable":true,"href":"https:\/\/www.europesays.com\/no\/wp-json\/wp\/v2\/comments?post=65420"}],"version-history":[{"count":0,"href":"https:\/\/www.europesays.com\/no\/wp-json\/wp\/v2\/posts\/65420\/revisions"}],"wp:featuredmedia":[{"embeddable":true,"href":"https:\/\/www.europesays.com\/no\/wp-json\/wp\/v2\/media\/65421"}],"wp:attachment":[{"href":"https:\/\/www.europesays.com\/no\/wp-json\/wp\/v2\/media?parent=65420"}],"wp:term":[{"taxonomy":"category","embeddable":true,"href":"https:\/\/www.europesays.com\/no\/wp-json\/wp\/v2\/categories?post=65420"},{"taxonomy":"post_tag","embeddable":true,"href":"https:\/\/www.europesays.com\/no\/wp-json\/wp\/v2\/tags?post=65420"}],"curies":[{"name":"wp","href":"https:\/\/api.w.org\/{rel}","templated":true}]}}