{"id":65513,"date":"2025-10-20T17:30:13","date_gmt":"2025-10-20T17:30:13","guid":{"rendered":"https:\/\/www.europesays.com\/no\/65513\/"},"modified":"2025-10-20T17:30:13","modified_gmt":"2025-10-20T17:30:13","slug":"politi-fauske-savnet-kvinne-funnet-dod","status":"publish","type":"post","link":"https:\/\/www.europesays.com\/no\/65513\/","title":{"rendered":"Politi, Fauske | Savnet kvinne funnet d\u00f8d"},"content":{"rendered":"\n<p>Klokken 19:00 bekrefter politiet at kvinnen er funnet d\u00f8d i n\u00e6rheten av sitt bopel, i det prioriterte s\u00f8ksomr\u00e5det.<\/p>\n<p>\u2013 D\u00f8dsfallet framst\u00e5r som en tragisk ulykke, politiet iverksetter etterforskning for \u00e5 avklare hendelsesforl\u00f8p og d\u00f8ds\u00e5rsak, opplyser Tommy Bech ved politiets operasjonssentral.<\/p>\n<p>P\u00e5r\u00f8rende er varslet og blir ivaretatt av kommunens kriseteam.<\/p>\n<p>Det var klokken 15:35 mandag ettermiddag at politiet meldte at det var satt i gang leteaksjon etter en kvinne.<\/p>\n<p>Politiet benyttet s\u00f8kshund og drone, i tillegg til at mannskap fra brannvesenet, ambulansetjenesten og frivillige organisasjoner var i sving.<\/p>\n<p>Redningshelikopter var ogs\u00e5 satt inn i s\u00f8ket. P\u00e5 Flightradar24 kunne en klokken 16:35 se at helikopteret returnerte til Bod\u00f8.<\/p>\n<p>Prioritert s\u00f8ksomr\u00e5de var et omr\u00e5de kvinnen ofte brukte som turterreng.<\/p>\n<p>   <img decoding=\"async\" width=\"957\" height=\"681\" fetchpriority=\"low\"  loading=\"lazy\"  src=\"https:\/\/www.europesays.com\/no\/wp-content\/uploads\/2025\/10\/redningshelikopter++.jpg\" alt=\"\" class=\"brick-c-cFOWSL\" style=\"--brick-image-ratio: 957 \/ 681;\"\/><\/p>\n<p>    Klokken 16:35 viser Flightradar24 at SAR Queen som har deltatt i letingen, returnerer til Bod\u00f8.<br \/>\n    Foto: Skjermdump\n  <\/p>\n","protected":false},"excerpt":{"rendered":"Klokken 19:00 bekrefter politiet at kvinnen er funnet d\u00f8d i n\u00e6rheten av sitt bopel, i det prioriterte s\u00f8ksomr\u00e5det.&hellip;\n","protected":false},"author":2,"featured_media":65514,"comment_status":"","ping_status":"","sticky":false,"template":"","format":"standard","meta":{"footnotes":""},"categories":[10],"tags":[36,20,21,8370,24,25,15,22,23,13,30,28,29,1478,14,16,254,1510,26,27],"class_list":{"0":"post-65513","1":"post","2":"type-post","3":"status-publish","4":"format-standard","5":"has-post-thumbnail","7":"category-norge","8":"tag-art","9":"tag-breaking-news","10":"tag-breakingnews","11":"tag-fauske","12":"tag-featured-news","13":"tag-featurednews","14":"tag-headlines","15":"tag-latest-news","16":"tag-latestnews","17":"tag-news","18":"tag-no","19":"tag-norge","20":"tag-norway","21":"tag-nodetater","22":"tag-nyheter","23":"tag-overskrifter","24":"tag-politi","25":"tag-story","26":"tag-top-stories","27":"tag-topstories"},"share_on_mastodon":{"url":"","error":""},"_links":{"self":[{"href":"https:\/\/www.europesays.com\/no\/wp-json\/wp\/v2\/posts\/65513","targetHints":{"allow":["GET"]}}],"collection":[{"href":"https:\/\/www.europesays.com\/no\/wp-json\/wp\/v2\/posts"}],"about":[{"href":"https:\/\/www.europesays.com\/no\/wp-json\/wp\/v2\/types\/post"}],"author":[{"embeddable":true,"href":"https:\/\/www.europesays.com\/no\/wp-json\/wp\/v2\/users\/2"}],"replies":[{"embeddable":true,"href":"https:\/\/www.europesays.com\/no\/wp-json\/wp\/v2\/comments?post=65513"}],"version-history":[{"count":0,"href":"https:\/\/www.europesays.com\/no\/wp-json\/wp\/v2\/posts\/65513\/revisions"}],"wp:featuredmedia":[{"embeddable":true,"href":"https:\/\/www.europesays.com\/no\/wp-json\/wp\/v2\/media\/65514"}],"wp:attachment":[{"href":"https:\/\/www.europesays.com\/no\/wp-json\/wp\/v2\/media?parent=65513"}],"wp:term":[{"taxonomy":"category","embeddable":true,"href":"https:\/\/www.europesays.com\/no\/wp-json\/wp\/v2\/categories?post=65513"},{"taxonomy":"post_tag","embeddable":true,"href":"https:\/\/www.europesays.com\/no\/wp-json\/wp\/v2\/tags?post=65513"}],"curies":[{"name":"wp","href":"https:\/\/api.w.org\/{rel}","templated":true}]}}