{"id":65554,"date":"2025-10-20T18:25:11","date_gmt":"2025-10-20T18:25:11","guid":{"rendered":"https:\/\/www.europesays.com\/no\/65554\/"},"modified":"2025-10-20T18:25:11","modified_gmt":"2025-10-20T18:25:11","slug":"louvre-skattene-kan-vaere-tapt-for-alltid","status":"publish","type":"post","link":"https:\/\/www.europesays.com\/no\/65554\/","title":{"rendered":"Louvre-skattene kan v\u00e6re tapt for alltid"},"content":{"rendered":"\n<ul class=\"_list_o9xde_3 _list_64s2r_85 _unordered_o9xde_106 text-sans-m\">\n<li class=\"_item_o9xde_30\">Louvre-museet i Paris er stengt etter et spektakul\u00e6rt tyveri av uvurderlige smykker fra Napoleon-samlingen.<\/li>\n<li class=\"_item_o9xde_30\">Tyvene brukte vinkelsliper og r\u00f8mte via vindu.<\/li>\n<li class=\"_item_o9xde_30\">Professor Kristin B. Aavitsland mener samfunnet mister unike verdier n\u00e5r historiske gjenstander blir stj\u00e5let.<\/li>\n<li class=\"_item_o9xde_30\">Rundt 60 etterforskere jobber med saken.<\/li>\n<\/ul>\n<p>Vis mer <\/p>\n<p class=\"_paragraph_o9xde_4 _paragraph_xtcu6_10 layout-component text-serif-m layout-normal text-serif-m layout-padded\">Louvre-museet i Paris er fortsatt stengt etter det som beskrives som et av de mest spektakul\u00e6re kunstranene i moderne tid: <\/p>\n<p class=\"_paragraph_o9xde_4 _paragraph_xtcu6_10 layout-component text-serif-m layout-normal text-serif-m layout-padded\">S\u00f8ndag morgen brukte <a href=\"https:\/\/www.vg.no\/nyheter\/i\/alX115\/louvre-i-paris-stengt-etter-ran\" data-track-element-type=\"Link\" data-track-id=\"link:alX115\" class=\"_link_o9xde_39\" rel=\"nofollow noopener\" target=\"_blank\">fire maskerte tyver lift og vinkelsliper<\/a> \u2013 og bare syv minutter \u2013 p\u00e5 \u00e5 stjele \u00e5tte uvurderlige smykker fra <a href=\"https:\/\/www.vg.no\/tag\/napoleon?utm_source=vg-article&amp;utm_medium=auto-tagger&amp;utm_campaign=Gyza5V\" class=\"_link_o9xde_39\" rel=\"nofollow noopener\" target=\"_blank\">Napoleon<\/a>-samlingen. <\/p>\n<p class=\"_paragraph_o9xde_4 _paragraph_xtcu6_10 layout-component text-serif-m layout-normal text-serif-m layout-padded\">Tyveriet av historiske gjenstander som disse handler om langt mer enn bare \u00f8konomi, mener professor i kunsthistorie ved Universitetet i Oslo, Kristin B. Aavitsland.<\/p>\n<p class=\"_paragraph_o9xde_4 _paragraph_xtcu6_10 layout-component text-serif-m layout-normal text-serif-m layout-padded\">\u2013 Det som vil skje eller har skjedd er at disse smykkene blir \u00f8delagt og at de forskjellige steinene blir solgt hver for seg. Da er de borte for alltid. <\/p>\n<p><img decoding=\"async\" alt=\"Bilde av Kristin B. Aavitsland\" class=\"_image_ygndg_42\" height=\"54\" itemprop=\"image\" loading=\"lazy\"  src=\"https:\/\/www.europesays.com\/no\/wp-content\/uploads\/2025\/10\/45c930a8-db94-4e9b-a96f-7cf4e4849863\"  width=\"40\"\/><strong class=\"_name_ygndg_51 title-serif-xs\">Kristin B. Aavitsland<\/strong><\/p>\n<p class=\"_paragraph_o9xde_4 text-sans-m _description_ygndg_56\">Professor i kunsthistorie ved Universitetet i Oslo<\/p>\n<p class=\"_paragraph_o9xde_4 _paragraph_xtcu6_10 layout-component text-serif-m layout-normal text-serif-m layout-padded\">Derfor vil steinene v\u00e6re vanskelig \u00e5 spore, selv om \u00aballe\u00bb vet at de er stj\u00e5let.<\/p>\n<p class=\"_paragraph_o9xde_4 _paragraph_xtcu6_10 layout-component text-serif-m layout-normal text-serif-m layout-padded\">\u2013 De blir redusert til en markedsverdi, og det er kanskje det minst interessante med slike gjenstander. Verdier som er uerstattelige, blir \u00f8delagt, sier Aavitsland.<\/p>\n<p class=\"_paragraph_o9xde_4 _paragraph_xtcu6_10 layout-component text-serif-m layout-normal text-serif-m layout-padded\">\u2013 Det er skandal\u00f8st.<\/p>\n<p class=\"_paragraph_o9xde_4 _paragraph_xtcu6_10 layout-component text-serif-m layout-normal text-serif-m layout-padded\">Rundt 60 etterforskere jobber n\u00e5 med saken, og p\u00e5talemyndigheten mener tyvene handlet p\u00e5 oppdrag fra en kriminell organisasjon, skriver <a href=\"https:\/\/www.bbc.com\/news\/articles\/cg7nrlkg0zxo\" class=\"_link_o9xde_39\" rel=\"nofollow noopener\" target=\"_blank\">BBC<\/a>.<\/p>\n<p><img alt=\"Kriminalteknikere fra politiet jobber ved liften.  Foto: Thibault Camus \/ AP \/ NTB\" class=\"_image_qp4xg_65 layout-component layout-normal\" data-fullscreen- data-track-element-type=\"Article image fullscreen\" data-track-name=\"ImageFullscreen\" decoding=\"async\" loading=\"lazy\" height=\"2143\" itemprop=\"image\"  src=\"https:\/\/www.europesays.com\/no\/wp-content\/uploads\/2025\/10\/cb1fa732-4d06-4d3e-9db5-f0f054b28313\"  style=\"object-position:0% 0%\" width=\"3215\"\/>Kriminalteknikere fra politiet jobber ved liften.  Foto: Thibault Camus \/ AP \/ NTB<\/p>\n<p class=\"_paragraph_o9xde_4 _paragraph_xtcu6_10 layout-component text-serif-m layout-normal text-serif-m layout-padded\">De stj\u00e5lne gjenstandene er:<\/p>\n<ul class=\"_list_o9xde_3 _list_xtcu6_9 _unordered_o9xde_106 layout-component text-serif-m layout-normal text-serif-m layout-padded\">\n<li class=\"_item_o9xde_30\">Et smykke og et par \u00f8redobber som opprinnelig ble gitt av Napoleon I til hans andre kone, keiserinne Marie-Louise.<\/li>\n<li class=\"_item_o9xde_30\">Et diadem (ligner en tiara), brosje og dekorativ sl\u00f8yfe som tilh\u00f8rte Napoleon IIIs tredje kone, keiserinne Eug\u00e9nie. Diademet er utsmykket med nesten 2000 diamanter.<\/li>\n<li class=\"_item_o9xde_30\">En tiara, et smykke og en enkelt \u00f8rering fra et safirsett som blant annet ble brukt av Marie-Amelie, den siste dronningen av Frankrike. Smykket har \u00e5tte safirer og 631 diamanter.<\/li>\n<\/ul>\n<p class=\"_paragraph_o9xde_4 _paragraph_xtcu6_10 layout-component text-serif-m layout-normal text-serif-m layout-padded\"><strong class=\"_strong_o9xde_25\">Her kan du se bilder: <\/strong><\/p>\n<ul class=\"_gallery_1qa3s_23\" tabindex=\"0\">\n<li class=\"_item_1qa3s_37\" data-index=\"0\"><img decoding=\"async\" class=\"_image_foru8_23 _articleGallery_foru8_39\" data-fullscreen- width=\"4895\" height=\"2782\" itemprop=\"image\" loading=\"lazy\"  src=\"https:\/\/www.europesays.com\/no\/wp-content\/uploads\/2025\/10\/e53f314d-d42a-4860-bf07-2ddaa561a118\"  style=\"object-position:50% 50%;aspect-ratio:var(--gallery-aspect-ratio, 16 \/ 9)\"\/>Foto: Louvre Museum \/ Reuters \/ NTB<\/li>\n<li class=\"_item_1qa3s_37\" data-index=\"1\"><img decoding=\"async\" class=\"_image_foru8_23 _articleGallery_foru8_39\" data-fullscreen- width=\"5098\" height=\"2666\" itemprop=\"image\" loading=\"lazy\"  src=\"https:\/\/www.europesays.com\/no\/wp-content\/uploads\/2025\/10\/437a46b7-5457-48fd-a5b4-fe8b9ee9908c\"  style=\"object-position:50% 50%;aspect-ratio:var(--gallery-aspect-ratio, 16 \/ 9)\"\/>Foto: Louvre Museum \/ Reuters \/ NTB<\/li>\n<li class=\"_item_1qa3s_37\" data-index=\"2\"><img decoding=\"async\" class=\"_image_foru8_23 _articleGallery_foru8_39\" data-fullscreen- width=\"5568\" height=\"3712\" itemprop=\"image\" loading=\"lazy\"  src=\"https:\/\/www.europesays.com\/no\/wp-content\/uploads\/2025\/10\/5ac42e24-52cd-4c48-a722-0c1ba1c25c4e\"  style=\"object-position:50% 50%;aspect-ratio:var(--gallery-aspect-ratio, 16 \/ 9)\"\/>Foto: STEPHANE DE SAKUTIN \/ AFP \/ NTB<\/li>\n<li class=\"_item_1qa3s_37\" data-index=\"3\"><img decoding=\"async\" class=\"_image_foru8_23 _articleGallery_foru8_39\" data-fullscreen- width=\"4648\" height=\"3015\" itemprop=\"image\" loading=\"lazy\"  src=\"https:\/\/www.europesays.com\/no\/wp-content\/uploads\/2025\/10\/c5c38c43-6a35-423a-8b1b-bdd6f2c2fd76\"  style=\"object-position:50% 50%;aspect-ratio:var(--gallery-aspect-ratio, 16 \/ 9)\"\/>Foto: STEPHANE DE SAKUTIN \/ AFP \/ NTB<\/li>\n<\/ul>\n<p>Foto: Louvre Museum \/ Reuters \/ NTB<\/p>\n<p class=\"_paragraph_o9xde_4 _paragraph_xtcu6_10 layout-component text-serif-m layout-normal text-serif-m layout-padded\">Aavitsland kaller situasjonen fortvilende, og mener at samfunnet mister noe unikt n\u00e5r historiske gjenstander blir stj\u00e5let.<\/p>\n<p class=\"_paragraph_o9xde_4 _paragraph_xtcu6_10 layout-component text-serif-m layout-normal text-serif-m layout-padded\">\u2013 Selve kunnskapen forsvinner ikke. Men det er noe med konkrete gjenstander, de gj\u00f8r historien h\u00e5ndfast. Det er stor forskjell p\u00e5 fortellinger og gjenstander, forteller professoren.<\/p>\n<p><img alt=\"Under flukten mistet tyvene to gjenstander, inkludert keiserinne Eug\u00e9nies krone, som ble funnet skadet n\u00e6r museet.  Foto: STEPHANE DE SAKUTIN \/ AFP \/ NTB\" class=\"_image_qp4xg_65 layout-component layout-normal\" data-fullscreen- data-track-element-type=\"Article image fullscreen\" data-track-name=\"ImageFullscreen\" decoding=\"async\" loading=\"lazy\" height=\"1590\" itemprop=\"image\"  src=\"https:\/\/www.europesays.com\/no\/wp-content\/uploads\/2025\/10\/f33816ee-4539-45d9-868c-5fa55673165a\"  style=\"object-position:0% 0%\" width=\"2385\"\/>Under flukten mistet tyvene to gjenstander, inkludert keiserinne Eug\u00e9nies krone, som ble funnet skadet n\u00e6r museet.  Foto: STEPHANE DE SAKUTIN \/ AFP \/ NTB<\/p>\n<p class=\"_paragraph_o9xde_4 _paragraph_xtcu6_10 layout-component text-serif-m layout-normal text-serif-m layout-padded\">Hun sammenligner det med et hypotetisk scenario:<\/p>\n<p class=\"_paragraph_o9xde_4 _paragraph_xtcu6_10 layout-component text-serif-m layout-normal text-serif-m layout-padded\">\u2013 Det er litt som at kronjuvelene p\u00e5 Akershus skulle blitt borte, selv om vi fortsatt har monarkimonarkiMonarki er en styreform der statens \u00f8verste representant, statsoverhodet, er en regjerende fyrste eller monark.. Det ville ha f\u00f8ltes som et stort tap.<\/p>\n<p> \u2013 Fantastisk flotte<\/p>\n<p class=\"_paragraph_o9xde_4 _paragraph_xtcu6_10 layout-component text-serif-m layout-normal text-serif-m layout-padded\">Arvid Thorstensen bes\u00f8kte Louvre-museet p\u00e5 torsdag. Han fikk se de n\u00e5 stj\u00e5lne smykkene bare noen f\u00e5 dager f\u00f8r tyveriet.<\/p>\n<p class=\"_paragraph_o9xde_4 _paragraph_xtcu6_10 layout-component text-serif-m layout-normal text-serif-m layout-padded\">\u2013 Det er et utrolig stort museum, s\u00e5 det var tilfeldig at jeg s\u00e5 dem og tok bilde. De var fantastisk flotte, forteller Thorstensen til VG.<\/p>\n<p class=\"_paragraph_o9xde_4 _paragraph_xtcu6_10 layout-component text-serif-m layout-normal text-serif-m layout-padded\"><strong class=\"_strong_o9xde_25\">Her kan du se bildene han tok av smykkene: <\/strong><\/p>\n<ul class=\"_gallery_1qa3s_23\" tabindex=\"0\">\n<li class=\"_item_1qa3s_37\" data-index=\"0\"><img decoding=\"async\" class=\"_image_foru8_23 _articleGallery_foru8_39\" data-fullscreen- width=\"3024\" height=\"4032\" itemprop=\"image\" loading=\"lazy\"  src=\"https:\/\/www.europesays.com\/no\/wp-content\/uploads\/2025\/10\/85f96eee-35e0-49cc-990e-4e4a7ac765f5\"  style=\"object-position:50% 50%;aspect-ratio:var(--gallery-aspect-ratio, 16 \/ 9)\"\/>Arvid tok bilde av Marie-Louise-smykket og \u00f8redobbene.  Foto: Privat<\/li>\n<li class=\"_item_1qa3s_37\" data-index=\"1\"><img decoding=\"async\" class=\"_image_foru8_23 _articleGallery_foru8_39\" data-fullscreen- width=\"3024\" height=\"4032\" itemprop=\"image\" loading=\"lazy\"  src=\"https:\/\/www.europesays.com\/no\/wp-content\/uploads\/2025\/10\/f2ffd733-9e0e-4813-9583-1dce6b318494\"  style=\"object-position:50% 50%;aspect-ratio:var(--gallery-aspect-ratio, 16 \/ 9)\"\/>Arvid fotograferte tiaraen, \u00f8redobbene og smykket som tidligere har tilh\u00f8rt dronning Marie-Amelie.  Foto: Privat<\/li>\n<\/ul>\n<p>Arvid tok bilde av Marie-Louise-smykket og \u00f8redobbene.  Foto: Privat<\/p>\n<p class=\"_paragraph_o9xde_4 _paragraph_xtcu6_10 layout-component text-serif-m layout-normal text-serif-m layout-padded\">Han sier at gjenstandene var i et stort rom med gulldetaljer, og at smykkene var i tre ulike montre. Det var ingen vektere i rommet s\u00e5 vidt han kunne se.<\/p>\n<p class=\"_paragraph_o9xde_4 _paragraph_xtcu6_10 layout-component text-serif-m layout-normal text-serif-m layout-padded\">\u2013 Jeg synes det var spesielt. Det var ikke like trangt som Mona Lisa-rommet, men det var ganske mye folk.<\/p>\n<p><img alt=\"En krimtekniker unders\u00f8ker et vindu som trolig har blitt brukt under tyveriet.   Foto: Gonzalo Fuentes \/ Reuters \/ NTB\" class=\"_image_qp4xg_65 layout-component layout-normal\" data-fullscreen- data-track-element-type=\"Article image fullscreen\" data-track-name=\"ImageFullscreen\" decoding=\"async\" loading=\"lazy\" height=\"2960\" itemprop=\"image\"  src=\"https:\/\/www.europesays.com\/no\/wp-content\/uploads\/2025\/10\/73b64642-4126-44fe-8f9c-7a8c7885eae1\"  style=\"object-position:0% 0%\" width=\"4432\"\/>En krimtekniker unders\u00f8ker et vindu som trolig har blitt brukt under tyveriet.   Foto: Gonzalo Fuentes \/ Reuters \/ NTB<\/p>\n<p class=\"_paragraph_o9xde_4 _paragraph_xtcu6_10 layout-component text-serif-m layout-normal text-serif-m layout-padded\">Kunsttyverier fanger folks oppmerksomhet av flere grunner, forteller Aavitsland ved UiO. <\/p>\n<p class=\"_paragraph_o9xde_4 _paragraph_xtcu6_10 layout-component text-serif-m layout-normal text-serif-m layout-padded\">\u2013 Tyveriene er spektakul\u00e6re og ufattelig frekke. Dette virker veldig godt planlagt og var profesjonelt gjennomf\u00f8rt, sier hun. <\/p>\n<p class=\"_paragraph_o9xde_4 _paragraph_xtcu6_10 layout-component text-serif-m layout-normal text-serif-m layout-padded\">\u2013 Gjenstandene er ogs\u00e5 laget for \u00e5 imponere og folk lar seg fascinere av ekte bling. De har en enorm \u00f8konomisk verdi.<\/p>\n<p> Brukte vinkelsliper<\/p>\n<p class=\"_paragraph_o9xde_4 _paragraph_xtcu6_10 layout-component text-serif-m layout-normal text-serif-m layout-padded\">Tyveriet skjedde kort tid etter at Louvre-museet \u00e5pnet for publikum klokken 09.30. <\/p>\n<p class=\"_paragraph_o9xde_4 _paragraph_xtcu6_10 layout-component text-serif-m layout-normal text-serif-m layout-padded\"><a href=\"https:\/\/edition.cnn.com\/2025\/10\/20\/europe\/louvre-heist-jewels-recovery-scli-intl\" class=\"_link_o9xde_39\" rel=\"nofollow noopener\" target=\"_blank\">CNN<\/a> skriver at tyvene brukte en lastebil med lift for \u00e5 komme seg opp til et vindu i Apollo-galleriet, der Frankrikes kronjuveler oppbevares.<\/p>\n<p><img alt=\"Liften ranerne brukte.  Foto: Alexander Turnbull \/ AP \/ NTB\" class=\"_image_qp4xg_65 layout-component layout-normal\" data-fullscreen- data-track-element-type=\"Article image fullscreen\" data-track-name=\"ImageFullscreen\" decoding=\"async\" loading=\"lazy\" height=\"2569\" itemprop=\"image\"  src=\"https:\/\/www.europesays.com\/no\/wp-content\/uploads\/2025\/10\/a2aa5edc-06b1-4f57-822a-97edd868eb29\"  style=\"object-position:0% 0%\" width=\"3854\"\/>Liften ranerne brukte.  Foto: Alexander Turnbull \/ AP \/ NTB<\/p>\n<p class=\"_paragraph_o9xde_4 _paragraph_xtcu6_10 layout-component text-serif-m layout-normal text-serif-m layout-padded\">De brukte vinkelsliper for \u00e5 bryte seg inn, if\u00f8lge fransk politi.<\/p>\n<p class=\"_paragraph_o9xde_4 _paragraph_xtcu6_10 layout-component text-serif-m layout-normal text-serif-m layout-padded\">\u2013 De ansatte p\u00e5 stedet s\u00e5 hva som skjedde og s\u00f8kte seg i sikkerhet, opplyser politiet til <a href=\"https:\/\/abcnews.go.com\/International\/louvre-museum-closes-after-robbery-french-minister\/story?id=126657104\" class=\"_link_o9xde_39\" rel=\"nofollow noopener\" target=\"_blank\">ABC News<\/a>. <\/p>\n<p class=\"_paragraph_o9xde_4 _paragraph_xtcu6_10 layout-component text-serif-m layout-normal text-serif-m layout-padded\">Alarmen ble utl\u00f8st klokken 09.37, if\u00f8lge politiet. Gjerningsmennene r\u00f8mte gjennom vinduet ved \u00e5 g\u00e5 ned fra vareheisen f\u00f8r de flyktet p\u00e5 to motorsykler klokken 09.38.<\/p>\n<p class=\"_paragraph_o9xde_4 _paragraph_xtcu6_10 layout-component text-serif-m layout-normal text-serif-m layout-padded\">Kulturminister Rachida Dati beskriver tyvene som \u00aberfarne\u00bb med en godt forberedt fluktplan, if\u00f8lge<a href=\"https:\/\/www.bbc.com\/news\/articles\/cg7nrlkg0zxo\" class=\"_link_o9xde_39\" rel=\"nofollow noopener\" target=\"_blank\"> BBC<\/a>.<\/p>\n<p><img alt=\"En bes\u00f8kende med munnbind tar bilder av keiserinne Eugenies smykke i 2020.   Foto: FRANCOIS GUILLOT \/ AFP \/ NTB\" class=\"_image_qp4xg_65 layout-component layout-normal\" data-fullscreen- data-track-element-type=\"Article image fullscreen\" data-track-name=\"ImageFullscreen\" decoding=\"async\" loading=\"lazy\" height=\"3416\" itemprop=\"image\"  src=\"https:\/\/www.europesays.com\/no\/wp-content\/uploads\/2025\/10\/b2b39383-bea8-4f1e-90f1-9e7d628cf71d\"  style=\"object-position:0% 0%\" width=\"5220\"\/>En bes\u00f8kende med munnbind tar bilder av keiserinne Eugenies smykke i 2020.   Foto: FRANCOIS GUILLOT \/ AFP \/ NTB<\/p>\n<p class=\"_paragraph_o9xde_4 _paragraph_xtcu6_10 layout-component text-serif-m layout-normal text-serif-m layout-padded\">Justisminister G\u00e9rald Darmanin innr\u00f8mmer at ranet avsl\u00f8rte sikkerhetssvikt ved museet. <\/p>\n<p class=\"_paragraph_o9xde_4 _paragraph_xtcu6_10 layout-component text-serif-m layout-normal text-serif-m layout-padded\">En forel\u00f8pig rapport har avsl\u00f8rt at ett av tre rom i det omr\u00e5det av museet som ble ranet ikke hadde overv\u00e5kningskameraer, if\u00f8lge franske medier.<\/p>\n<p class=\"_paragraph_o9xde_4 _paragraph_xtcu6_10 layout-component text-serif-m layout-normal text-serif-m layout-padded\">\u2013 Man kan lure p\u00e5 at for eksempel vinduene ikke hadde blitt sikret, at en lift sto p\u00e5 en offentlig vei, sa Darmanin p\u00e5 France Inter radio if\u00f8lge\u00a0<a href=\"https:\/\/edition.cnn.com\/2025\/10\/20\/europe\/louvre-heist-jewels-recovery-scli-intl\" class=\"_link_o9xde_39\" rel=\"nofollow noopener\" target=\"_blank\">CNN<\/a>.<\/p>\n<p class=\"_paragraph_o9xde_4 _paragraph_xtcu6_10 layout-component text-serif-m layout-normal text-serif-m layout-padded\">\u2013 Det som er sikkert er at vi har feilet. Det franske folk f\u00f8ler alle at de har blitt ranet.<\/p>\n<p>       <img decoding=\"async\" alt=\"Tips oss illustrasjon\" width=\"62px\" height=\"auto\" src=\"https:\/\/www.europesays.com\/no\/wp-content\/uploads\/2025\/08\/1754784428_95_W9avJzE.png\"\/>    <\/p>\n<p class=\"title-serif-s\">Har du tips til oss?<\/p>\n<p class=\"text-sans-m\">Send oss informasjon, bilder eller video<\/p>\n<p>  <a href=\"https:\/\/www.vg.no\/tips-oss\" rel=\"nofollow noopener\" target=\"_blank\"> Tips oss <\/a>      <\/p>\n","protected":false},"excerpt":{"rendered":"Louvre-museet i Paris er stengt etter et spektakul\u00e6rt tyveri av uvurderlige smykker fra Napoleon-samlingen. Tyvene brukte vinkelsliper og&hellip;\n","protected":false},"author":2,"featured_media":65555,"comment_status":"","ping_status":"","sticky":false,"template":"","format":"standard","meta":{"footnotes":""},"categories":[12],"tags":[20,21,1241,24,25,15,22,23,9342,9343,13,30,28,29,14,16,3140,26,27,42,46,43,44,45],"class_list":{"0":"post-65554","1":"post","2":"type-post","3":"status-publish","4":"format-standard","5":"has-post-thumbnail","7":"category-verden","8":"tag-breaking-news","9":"tag-breakingnews","10":"tag-emmanuel-macron","11":"tag-featured-news","12":"tag-featurednews","13":"tag-headlines","14":"tag-latest-news","15":"tag-latestnews","16":"tag-louvre","17":"tag-napoleon","18":"tag-news","19":"tag-no","20":"tag-norge","21":"tag-norway","22":"tag-nyheter","23":"tag-overskrifter","24":"tag-paris","25":"tag-top-stories","26":"tag-topstories","27":"tag-verden","28":"tag-vgai","29":"tag-world","30":"tag-world-news","31":"tag-worldnews"},"share_on_mastodon":{"url":"","error":""},"_links":{"self":[{"href":"https:\/\/www.europesays.com\/no\/wp-json\/wp\/v2\/posts\/65554","targetHints":{"allow":["GET"]}}],"collection":[{"href":"https:\/\/www.europesays.com\/no\/wp-json\/wp\/v2\/posts"}],"about":[{"href":"https:\/\/www.europesays.com\/no\/wp-json\/wp\/v2\/types\/post"}],"author":[{"embeddable":true,"href":"https:\/\/www.europesays.com\/no\/wp-json\/wp\/v2\/users\/2"}],"replies":[{"embeddable":true,"href":"https:\/\/www.europesays.com\/no\/wp-json\/wp\/v2\/comments?post=65554"}],"version-history":[{"count":0,"href":"https:\/\/www.europesays.com\/no\/wp-json\/wp\/v2\/posts\/65554\/revisions"}],"wp:featuredmedia":[{"embeddable":true,"href":"https:\/\/www.europesays.com\/no\/wp-json\/wp\/v2\/media\/65555"}],"wp:attachment":[{"href":"https:\/\/www.europesays.com\/no\/wp-json\/wp\/v2\/media?parent=65554"}],"wp:term":[{"taxonomy":"category","embeddable":true,"href":"https:\/\/www.europesays.com\/no\/wp-json\/wp\/v2\/categories?post=65554"},{"taxonomy":"post_tag","embeddable":true,"href":"https:\/\/www.europesays.com\/no\/wp-json\/wp\/v2\/tags?post=65554"}],"curies":[{"name":"wp","href":"https:\/\/api.w.org\/{rel}","templated":true}]}}