{"id":65578,"date":"2025-10-20T18:41:10","date_gmt":"2025-10-20T18:41:10","guid":{"rendered":"https:\/\/www.europesays.com\/no\/65578\/"},"modified":"2025-10-20T18:41:10","modified_gmt":"2025-10-20T18:41:10","slug":"50-havnet-i-sverige-ved-et-uhell","status":"publish","type":"post","link":"https:\/\/www.europesays.com\/no\/65578\/","title":{"rendered":"50 havnet i Sverige ved et uhell"},"content":{"rendered":"<p>  Flere titalls dansker skulle bare p\u00e5 jobb da de h\u00f8yst ufrivillig havnet i Sverige.\u00a0<\/p>\n<p>\n    KAMEL\u00c5S\u00c5!: Bilistene hadde ikke sjans til \u00e5 snu etter \u00e5 ha havnet p\u00e5 \u00d8resundbroen. Foto: NTB\n  <\/p>\n<p>Mandag morgen oppsto det fullstendig kaos p\u00e5 motorveien utenfor K\u00f8benhavn.<\/p>\n<p>Avkj\u00f8rselen til Kastrup lufthavn ble plutselig stengt p\u00e5 grunn av veiarbeid.\u00a0<\/p>\n<p>Dette er den siste avkj\u00f8rselen f\u00f8r \u00d8resundsbroen p\u00e5 dansk side.<\/p>\n<p class=\"font-weight-bold m-font-weight-bold\" data-lab-font_weight=\"font-weight-bold\">Stengingen f\u00f8rte til at rundt 50 stressa sj\u00e5f\u00f8rer ved et uhell havnet p\u00e5 den nesten \u00e5tte kilometer lange brua til Sverige.\u00a0<\/p>\n<p>Ingen mulighet til \u00e5 snu\t<\/p>\n<p class=\"font-weight-normal m-font-weight-normal\" data-lab-font_weight=\"font-weight-normal\">If\u00f8lge danske <a href=\"https:\/\/nyheder.tv2.dk\/samfund\/2025-10-20-50-bilister-endt-i-sverige-ved-en-fejl\" rel=\"nofollow noopener\" target=\"_blank\">TV2<\/a> skyldes det at n\u00e5r man f\u00f8rst har passert den n\u00e5 avstengte avkj\u00f8rselen, finnes det ingen mulighet til \u00e5 snu.<\/p>\n<p class=\"font-weight-bold m-font-weight-bold\" data-lab-font_weight=\"font-weight-bold\">Man m\u00e5 alts\u00e5 kj\u00f8re over brua, snu i Sverige og kj\u00f8re hele veien tilbake til Danmark.<\/p>\n<p class=\"font-weight-normal m-font-weight-normal\" data-lab-font_weight=\"font-weight-normal\"> Politiet melder at enkelte sj\u00e5f\u00f8rer fors\u00f8kte \u00e5 rygge og snu p\u00e5 motorveien.\u00a0<\/p>\n<p class=\"font-weight-normal m-font-weight-normal\" data-lab-font_weight=\"font-weight-normal\">Det skapte livsfarlige situasjoner. <\/p>\n<p class=\"font-weight-bold m-font-weight-bold\" data-lab-font_weight=\"font-weight-bold\"> \u00abFolk i panik p\u00e5 motorvej: Vil ikke havne i Sverige\u00bb, skriver\u00a0<a href=\"https:\/\/ekstrabladet.dk\/nyheder\/trafikogvejr\/folk-i-panik-paa-motorvej-vil-ikke-havne-i-sverige\/10982282\" rel=\"nofollow noopener\" target=\"_blank\">Ekstra Bladet<\/a>\u00a0p\u00e5 uoversettelig vis.<\/p>\n<p class=\"font-weight-normal m-font-weight-normal\" data-lab-font_weight=\"font-weight-normal\">Forsiden s\u00e5 slik ut mandag morgen:<\/p>\n<p>          <img loading=\"lazy\" decoding=\"async\" src=\"https:\/\/www.europesays.com\/no\/wp-content\/uploads\/2025\/10\/83745104.webp\" width=\"686\" height=\"577\" title=\"GR\u00d8SS OG GRU: Hendelsen skaper store overskrifter i pannekakelandet. Foto: Skjermdump\" alt=\"\" class=\"\" style=\"--aspect-ratio-image: 1.19; \"\/><\/p>\n<p>\n          GR\u00d8SS OG GRU: Hendelsen skaper store overskrifter i pannekakelandet. Foto: Skjermdump\n      <\/p>\n<p class=\"font-weight-bold m-font-weight-bold\" data-lab-font_weight=\"font-weight-bold\">&#8211; Noen ble litt stresset fordi de skulle p\u00e5 jobb, men ellers var stemningen grei, sier politiets operasjonsleder Marina Armb\u00e4ck til TV2.<\/p>\n<p> \u00c5 krysse \u00d8resundsbrua med personbil koster normalt rundt 69 euro, alts\u00e5 rundt 800 norske kroner \u00e9n vei.\u00a0<\/p>\n<p>Politiet opplyser at de som kj\u00f8rte feil, fikk lov til \u00e5 snu gratis og kj\u00f8re den lange veien hjem igjen uten \u00e5 betale.<\/p>\n","protected":false},"excerpt":{"rendered":"Flere titalls dansker skulle bare p\u00e5 jobb da de h\u00f8yst ufrivillig havnet i Sverige.\u00a0 KAMEL\u00c5S\u00c5!: Bilistene hadde ikke&hellip;\n","protected":false},"author":2,"featured_media":65579,"comment_status":"","ping_status":"","sticky":false,"template":"","format":"standard","meta":{"footnotes":""},"categories":[5],"tags":[20,21,24,25,15,19,22,23,17,18,13,30,28,29,14,16,26,27,412],"class_list":{"0":"post-65578","1":"post","2":"type-post","3":"status-publish","4":"format-standard","5":"has-post-thumbnail","7":"category-overskrifter","8":"tag-breaking-news","9":"tag-breakingnews","10":"tag-featured-news","11":"tag-featurednews","12":"tag-headlines","13":"tag-hovedoppslag","14":"tag-latest-news","15":"tag-latestnews","16":"tag-main-news","17":"tag-mainnews","18":"tag-news","19":"tag-no","20":"tag-norge","21":"tag-norway","22":"tag-nyheter","23":"tag-overskrifter","24":"tag-top-stories","25":"tag-topstories","26":"tag-utenriks"},"share_on_mastodon":{"url":"","error":""},"_links":{"self":[{"href":"https:\/\/www.europesays.com\/no\/wp-json\/wp\/v2\/posts\/65578","targetHints":{"allow":["GET"]}}],"collection":[{"href":"https:\/\/www.europesays.com\/no\/wp-json\/wp\/v2\/posts"}],"about":[{"href":"https:\/\/www.europesays.com\/no\/wp-json\/wp\/v2\/types\/post"}],"author":[{"embeddable":true,"href":"https:\/\/www.europesays.com\/no\/wp-json\/wp\/v2\/users\/2"}],"replies":[{"embeddable":true,"href":"https:\/\/www.europesays.com\/no\/wp-json\/wp\/v2\/comments?post=65578"}],"version-history":[{"count":0,"href":"https:\/\/www.europesays.com\/no\/wp-json\/wp\/v2\/posts\/65578\/revisions"}],"wp:featuredmedia":[{"embeddable":true,"href":"https:\/\/www.europesays.com\/no\/wp-json\/wp\/v2\/media\/65579"}],"wp:attachment":[{"href":"https:\/\/www.europesays.com\/no\/wp-json\/wp\/v2\/media?parent=65578"}],"wp:term":[{"taxonomy":"category","embeddable":true,"href":"https:\/\/www.europesays.com\/no\/wp-json\/wp\/v2\/categories?post=65578"},{"taxonomy":"post_tag","embeddable":true,"href":"https:\/\/www.europesays.com\/no\/wp-json\/wp\/v2\/tags?post=65578"}],"curies":[{"name":"wp","href":"https:\/\/api.w.org\/{rel}","templated":true}]}}