{"id":65594,"date":"2025-10-20T18:54:29","date_gmt":"2025-10-20T18:54:29","guid":{"rendered":"https:\/\/www.europesays.com\/no\/65594\/"},"modified":"2025-10-20T18:54:29","modified_gmt":"2025-10-20T18:54:29","slug":"david-beckham-slakter-kona-hold-deg-unna","status":"publish","type":"post","link":"https:\/\/www.europesays.com\/no\/65594\/","title":{"rendered":"David Beckham slakter kona: &#8211; Hold deg unna"},"content":{"rendered":"<p class=\"kicker \" style=\"\">David Beckham:<\/p>\n<p>  Victoria Beckham ville bare hjelpe til &#8211; s\u00e5 kom stikket fra ektemannen.\u00a0<\/p>\n<p>\n    KRITISERES: Victoria Beckham f\u00e5r krystallklar beskjed av ektemann David Beckham. Foto: CHANDAN KHANNA\/AFP\/NTB\n  <\/p>\n<p><a href=\"https:\/\/www.dagbladet.no\/kjendis\/en-mork-mork-tid\/83698127\" rel=\"nofollow noopener\" target=\"_blank\">Victoria Beckham (51)<\/a> f\u00e5r h\u00f8re det av ektemannen David Beckham (50) i en rekke videoer p\u00e5 Instagram.\u00a0<\/p>\n<p>    <a itemprop=\"url\" href=\"https:\/\/www.dagbladet.no\/kjendis\/dukket-ikke-opp\/83710424\" rel=\"nofollow noopener\" target=\"_blank\"><\/p>\n<p>      <img loading=\"lazy\" decoding=\"async\" src=\"https:\/\/www.europesays.com\/no\/wp-content\/uploads\/2025\/10\/83698221.webp\" width=\"147\" height=\"98\" title=\"Dukket ikke opp\" alt=\"\" class=\"lazyload\" style=\"--aspect-ratio-image: 1.50; \"\/><\/p>\n<p>        Dukket ikke opp<\/p>\n<p>    <\/a><\/p>\n<p>Stjerneparet skal nemlig f\u00e5 bes\u00f8k av familien, og i videoene ser man den tidligere fotballstjerna st\u00e5r og forbereder en tradisjonell s\u00f8ndagsmiddag.<\/p>\n<p>&#8211; Jeg lager s\u00f8ndagsmiddag til foreldrene v\u00e5re som kommer om noen timer. De burde v\u00e6re veldig spente, sier David i videoen.<\/p>\n<p>        Denne ferske videoen av David Beckham og datteren Harper har f\u00e5tt flere millioner visninger. Reporter: Karolina Rusov-Hansen \/ Dagbladet TV. Video: Tiktok \/ @parismatch<\/p>\n<p>Det er i det Victoria sp\u00f8r om hun kan hjelpe til med matlagingen, at hun f\u00e5r h\u00f8re det:\u00a0<\/p>\n<p class=\"font-weight-bold m-font-weight-bold\" data-lab-font_weight=\"font-weight-bold\">&#8211; Absolutt ikke. Hold deg unna!<\/p>\n<p>    <a itemprop=\"url\" href=\"https:\/\/www.dagbladet.no\/kjendis\/en-mork-mork-tid\/83698127\" rel=\"nofollow noopener\" target=\"_blank\"><\/p>\n<p>      <img loading=\"lazy\" decoding=\"async\" src=\"https:\/\/www.europesays.com\/no\/wp-content\/uploads\/2025\/10\/1760986467_892_83422338.webp\" width=\"147\" height=\"98\" title=\"- En m\u00f8rk, m\u00f8rk tid\" alt=\"\" class=\"lazyload\" style=\"--aspect-ratio-image: 1.50; \"\/><\/p>\n<p>        &#8211; En m\u00f8rk, m\u00f8rk tid<\/p>\n<p>    <\/a><\/p>\n<p>The Spice Girls-stjerna ler og sp\u00f8r hva han mener med at hun skal holde seg unna.<\/p>\n<p class=\"font-weight-bold m-font-weight-bold\" data-lab-font_weight=\"font-weight-bold\">&#8211; Kj\u00e6re, vi lager ikke en skinke- og ost-toast, svarer han raskt og legger til at han elsker henne.\u00a0<\/p>\n<p>          <img loading=\"lazy\" decoding=\"async\" src=\"https:\/\/www.europesays.com\/no\/wp-content\/uploads\/2025\/10\/83745591.webp\" width=\"686\" height=\"975\" title=\"P\u00c5 KJ\u00d8KKENET: David Beckham var klar i talen da Victoria Beckham spurte om \u00e5 hjelpe til med matlagingen. Foto: Skjermdump Instagram @victoriabeckham\" alt=\"\" class=\"\" style=\"--aspect-ratio-image: 0.70; \"\/><\/p>\n<p>\n          P\u00c5 KJ\u00d8KKENET: David Beckham var klar i talen da Victoria Beckham spurte om \u00e5 hjelpe til med matlagingen. Foto: Skjermdump Instagram @victoriabeckham\n      <\/p>\n<p>I teksten over videoen skriver 51-\u00e5ringen: \u00abJeg tar det ikke personlig!\u00bb.\u00a0<\/p>\n<p>Victoria har tidligere v\u00e6rt \u00e5pen om at David er kokken i familien, spesielt n\u00e5r det gjelder julemiddagen.<\/p>\n<p>&#8211; Jeg lager ikke maten, jeg blander drinkene, sa hun til\u00a0<a href=\"https:\/\/www.today.com\/style\/beauty\/victoria-beckham-nose-rcna184334?search=victoria%20beckham\" rel=\"nofollow noopener\" target=\"_blank\">Hoda &amp; Jenna<\/a>\u00a0i 2024.\u00a0<\/p>\n<p>        NOT AMUSED: David Beckham har kasta kl\u00e6rne og tatt med seg sin hvite truse ut i stampen. Mens andre ber han om \u00e5 reise seg, er ikke gjesten v\u00e5r\u00a0like imponert.<\/p>\n<p>Tidligere samme \u00e5r fortalte hun til <a href=\"https:\/\/www.telegraph.co.uk\/beauty\/people\/victoria-beckham-beauty-brand-of-the-year-interview\/?ICID=continue_without_subscribing_reg_first\" rel=\"nofollow noopener\" target=\"_blank\">The Telegraph<\/a> at hun bevisst unng\u00e5r stress ved \u00e5 la v\u00e6re \u00e5 lage mat.<\/p>\n<p>&#8211; Harper sier at jeg kan klare \u00e5 svi vann, s\u00e5 det er antakelig best for alle at jeg lar v\u00e6re \u00e5 lage mat, sa hun den gang.\u00a0<\/p>\n<p>Victoria og David Beckham har v\u00e6rt gift siden 1999, og har fire barn sammen, Brooklyn (26), Romeo (23), Cruz (20) og Harper (14).<\/p>\n","protected":false},"excerpt":{"rendered":"David Beckham: Victoria Beckham ville bare hjelpe til &#8211; s\u00e5 kom stikket fra ektemannen.\u00a0 KRITISERES: Victoria Beckham f\u00e5r&hellip;\n","protected":false},"author":2,"featured_media":65595,"comment_status":"","ping_status":"","sticky":false,"template":"","format":"standard","meta":{"footnotes":""},"categories":[10],"tags":[20,21,6080,24,25,15,479,22,23,13,30,28,29,14,16,26,27,6081],"class_list":{"0":"post-65594","1":"post","2":"type-post","3":"status-publish","4":"format-standard","5":"has-post-thumbnail","7":"category-norge","8":"tag-breaking-news","9":"tag-breakingnews","10":"tag-david-beckham","11":"tag-featured-news","12":"tag-featurednews","13":"tag-headlines","14":"tag-kjendis","15":"tag-latest-news","16":"tag-latestnews","17":"tag-news","18":"tag-no","19":"tag-norge","20":"tag-norway","21":"tag-nyheter","22":"tag-overskrifter","23":"tag-top-stories","24":"tag-topstories","25":"tag-victoria-beckham"},"share_on_mastodon":{"url":"","error":""},"_links":{"self":[{"href":"https:\/\/www.europesays.com\/no\/wp-json\/wp\/v2\/posts\/65594","targetHints":{"allow":["GET"]}}],"collection":[{"href":"https:\/\/www.europesays.com\/no\/wp-json\/wp\/v2\/posts"}],"about":[{"href":"https:\/\/www.europesays.com\/no\/wp-json\/wp\/v2\/types\/post"}],"author":[{"embeddable":true,"href":"https:\/\/www.europesays.com\/no\/wp-json\/wp\/v2\/users\/2"}],"replies":[{"embeddable":true,"href":"https:\/\/www.europesays.com\/no\/wp-json\/wp\/v2\/comments?post=65594"}],"version-history":[{"count":0,"href":"https:\/\/www.europesays.com\/no\/wp-json\/wp\/v2\/posts\/65594\/revisions"}],"wp:featuredmedia":[{"embeddable":true,"href":"https:\/\/www.europesays.com\/no\/wp-json\/wp\/v2\/media\/65595"}],"wp:attachment":[{"href":"https:\/\/www.europesays.com\/no\/wp-json\/wp\/v2\/media?parent=65594"}],"wp:term":[{"taxonomy":"category","embeddable":true,"href":"https:\/\/www.europesays.com\/no\/wp-json\/wp\/v2\/categories?post=65594"},{"taxonomy":"post_tag","embeddable":true,"href":"https:\/\/www.europesays.com\/no\/wp-json\/wp\/v2\/tags?post=65594"}],"curies":[{"name":"wp","href":"https:\/\/api.w.org\/{rel}","templated":true}]}}