{"id":65934,"date":"2025-10-21T07:20:09","date_gmt":"2025-10-21T07:20:09","guid":{"rendered":"https:\/\/www.europesays.com\/no\/65934\/"},"modified":"2025-10-21T07:20:09","modified_gmt":"2025-10-21T07:20:09","slug":"nobelkokken-johnny-johansson-er-dod","status":"publish","type":"post","link":"https:\/\/www.europesays.com\/no\/65934\/","title":{"rendered":"Nobelkokken Johnny Johansson er d\u00f8d"},"content":{"rendered":"\n<p class=\"_lead_o9xde_2 _lead_xtcu6_50 layout-component text-serif-m layout-normal text-serif-l layout-component layout-wide layout-padded _wide_17hqh_1 layout-padded\">Johnny Johansson (72) kollapset mens han lagde mat under bursdagsfesten til J-O Waldner.<\/p>\n<p><img alt=\" Foto: Lizzie Larsson\/TT \/ TT Nyhetsbyr\u00e5n \/ NTB\" class=\"_image_qp4xg_65 layout-component layout-wide\" data-fullscreen- data-track-element-type=\"Article image fullscreen\" data-track-name=\"ImageFullscreen\" fetchpriority=\"high\" decoding=\"sync\" loading=\"eager\" height=\"4000\" itemprop=\"image\"  src=\"https:\/\/www.europesays.com\/no\/wp-content\/uploads\/2025\/10\/04f2abd1-d7d5-4264-a715-05404bb32864\"  style=\"object-position:48.31666666666667% 25.687500000000004%\" width=\"3000\"\/> Foto: Lizzie Larsson\/TT \/ TT Nyhetsbyr\u00e5n \/ NTB<\/p>\n<ul aria-hidden=\"true\" class=\"_images_18f0k_111\">\n<li><a class=\"_link_18f0k_116\" href=\"https:\/\/www.vg.no\/forfatter\/bastian-lunde-hvitmyhr\" style=\"z-index:1\" title=\"Bastian Lunde Hvitmyhr\" rel=\"nofollow noopener\" target=\"_blank\"><img alt=\"Bilde av Bastian Lunde Hvitmyhr\" class=\"_image_18f0k_93\" fetchpriority=\"low\" loading=\"lazy\" decoding=\"async\" itemprop=\"image\"  src=\"https:\/\/www.europesays.com\/no\/wp-content\/uploads\/2025\/10\/1761031209_702_150baf2c-85af-47f9-b506-d8189e6820a4\"  width=\"480\"\/><\/a><\/li>\n<\/ul>\n<p> Oppdatert tirsdag 21. oktober kl. 09:01     <\/p>\n<p class=\"_paragraph_o9xde_4 _paragraph_xtcu6_10 layout-component text-serif-m layout-normal text-serif-m layout-padded\">Stjernekokken Johnny Johansson d\u00f8de i helgen etter \u00e5 ha f\u00e5tt hjertestans for to uker siden, melder\u00a0<a href=\"https:\/\/www.aftonbladet.se\/nyheter\/a\/dRomJz\/nobelkocken-johnny-johansson-dod-foll-ihop-under-j-o-s-fest\" class=\"_link_o9xde_39\" rel=\"nofollow noopener\" target=\"_blank\">Aftonbladet<\/a>.<\/p>\n<p class=\"_paragraph_o9xde_4 _paragraph_xtcu6_10 layout-component text-serif-m layout-normal text-serif-m layout-padded\">72-\u00e5ringen fikk hjertestans da han arbeidet p\u00e5 bordtennislegendens 60-\u00e5rsfeiring for to uker siden. Han kollapset p\u00e5 eventb\u00e5ten M\/S Molly i <a href=\"https:\/\/www.vg.no\/tag\/stockholm?utm_source=vg-article&amp;utm_medium=auto-tagger&amp;utm_campaign=Vzy9GJ\" class=\"_link_o9xde_39\" rel=\"nofollow noopener\" target=\"_blank\">Stockholm<\/a> like f\u00f8r gjestene skulle ankomme, melder avisen.<\/p>\n<p class=\"_paragraph_o9xde_4 _paragraph_xtcu6_10 layout-component text-serif-m layout-normal text-serif-m layout-padded\">Johansson ble fraktet til sykehus med ambulanse, og holdt i kunstig koma f\u00f8r han d\u00f8de i helgen.<\/p>\n<p class=\"_paragraph_o9xde_4 _paragraph_xtcu6_10 layout-component text-serif-m layout-normal text-serif-m layout-padded\">\u2013 Det er s\u00e5 sykt at han sto og lagde mat til J-O som han var s\u00e5 glad i n\u00e5r det skjedde, sier Mattias Frisk, som eier b\u00e5ten og har kjent kokken i over 25 \u00e5r.<\/p>\n<p class=\"_paragraph_o9xde_4 _paragraph_xtcu6_10 layout-component text-serif-m layout-normal text-serif-m layout-padded\"><strong class=\"_strong_o9xde_25\">Johansson var den eneste kokken som hadde Nobelstiftelsens godkjennelse til \u00e5 kalle seg \u00abNobelkokk\u00bb.<\/strong> <\/p>\n<p class=\"_paragraph_o9xde_4 _paragraph_xtcu6_10 layout-component text-serif-m layout-normal text-serif-m layout-padded\">Han var kj\u00f8kkenansvarlig for Nobelmiddagene i elleve \u00e5r p\u00e5 1970- og 80-tallet, og er den eneste kokken i Nobelstiftelsens historie som har f\u00e5tt gullmedalje. Nobelmiddagene i Sverige f\u00e5r hvert \u00e5r mye oppmerksomhet, de holdes i den Bl\u00e5 hallen i Stockholms stadshus.<\/p>\n<p class=\"_paragraph_o9xde_4 _paragraph_xtcu6_10 layout-component text-serif-m layout-normal text-serif-m layout-padded\"><strong class=\"_strong_o9xde_25\">\u2013 Johnny var et fantastisk menneske og venn og en minst like god kokk, sier J-O Waldner til Aftonbladet.<\/strong><\/p>\n<p class=\"_paragraph_o9xde_4 _paragraph_xtcu6_10 layout-component text-serif-m layout-normal text-serif-m layout-padded\">Stjernekokk Leif Mannerstr\u00f6m, som kjente Johansson i 40 \u00e5r, er preget av d\u00f8dsfallet.<\/p>\n<p class=\"_paragraph_o9xde_4 _paragraph_xtcu6_10 layout-component text-serif-m layout-normal text-serif-m layout-padded\">\u2013 Det er forferdelig trist. Johnny var en veldig varm, hyggelig og herlig god venn, sier han.<\/p>\n<p class=\"_paragraph_o9xde_4 _paragraph_xtcu6_10 layout-component text-serif-m layout-normal text-serif-m layout-padded\">P\u00e5 sine senere \u00e5r jobbet Johansson som sjefkokk p\u00e5 M\/S Molly, hvor kjendiser som Frank Andersson og Bert-\u00c5ke Varg har feiret bursdager.<\/p>\n","protected":false},"excerpt":{"rendered":"Johnny Johansson (72) kollapset mens han lagde mat under bursdagsfesten til J-O Waldner. Foto: Lizzie Larsson\/TT \/ TT&hellip;\n","protected":false},"author":2,"featured_media":65935,"comment_status":"","ping_status":"","sticky":false,"template":"","format":"standard","meta":{"footnotes":""},"categories":[59],"tags":[31,9464,2497,30,28,29,83,82,3148],"class_list":{"0":"post-65934","1":"post","2":"type-post","3":"status-publish","4":"format-standard","5":"has-post-thumbnail","7":"category-sport","8":"tag-breaking","9":"tag-hjertestans","10":"tag-kjendiser","11":"tag-no","12":"tag-norge","13":"tag-norway","14":"tag-sport","15":"tag-sports","16":"tag-stockholm"},"share_on_mastodon":{"url":"","error":""},"_links":{"self":[{"href":"https:\/\/www.europesays.com\/no\/wp-json\/wp\/v2\/posts\/65934","targetHints":{"allow":["GET"]}}],"collection":[{"href":"https:\/\/www.europesays.com\/no\/wp-json\/wp\/v2\/posts"}],"about":[{"href":"https:\/\/www.europesays.com\/no\/wp-json\/wp\/v2\/types\/post"}],"author":[{"embeddable":true,"href":"https:\/\/www.europesays.com\/no\/wp-json\/wp\/v2\/users\/2"}],"replies":[{"embeddable":true,"href":"https:\/\/www.europesays.com\/no\/wp-json\/wp\/v2\/comments?post=65934"}],"version-history":[{"count":0,"href":"https:\/\/www.europesays.com\/no\/wp-json\/wp\/v2\/posts\/65934\/revisions"}],"wp:featuredmedia":[{"embeddable":true,"href":"https:\/\/www.europesays.com\/no\/wp-json\/wp\/v2\/media\/65935"}],"wp:attachment":[{"href":"https:\/\/www.europesays.com\/no\/wp-json\/wp\/v2\/media?parent=65934"}],"wp:term":[{"taxonomy":"category","embeddable":true,"href":"https:\/\/www.europesays.com\/no\/wp-json\/wp\/v2\/categories?post=65934"},{"taxonomy":"post_tag","embeddable":true,"href":"https:\/\/www.europesays.com\/no\/wp-json\/wp\/v2\/tags?post=65934"}],"curies":[{"name":"wp","href":"https:\/\/api.w.org\/{rel}","templated":true}]}}