{"id":65936,"date":"2025-10-21T07:21:11","date_gmt":"2025-10-21T07:21:11","guid":{"rendered":"https:\/\/www.europesays.com\/no\/65936\/"},"modified":"2025-10-21T07:21:11","modified_gmt":"2025-10-21T07:21:11","slug":"gitte-witt-om-netflix-filmen-kvinnen-i-lugar-10-annen-opplevelse","status":"publish","type":"post","link":"https:\/\/www.europesays.com\/no\/65936\/","title":{"rendered":"Gitte Witt om Netflix-filmen \u00abKvinnen i lugar 10\u00bb: \u2013 Annen opplevelse"},"content":{"rendered":"\n<p class=\"_paragraph_o9xde_4 _paragraph_xtcu6_10 layout-component text-serif-m layout-normal text-serif-m layout-padded\">Tre uker etter <a href=\"https:\/\/www.vg.no\/tag\/netflix?utm_source=vg-article&amp;utm_medium=auto-tagger&amp;utm_campaign=Av6d0M\" class=\"_link_o9xde_39\" rel=\"nofollow noopener\" target=\"_blank\">Netflix<\/a>-premieren sitter skuespiller Gitte Witt (42) og reflekterer over den mest ekstreme forandringen hun har gjort for en rolle.<\/p>\n<p class=\"_paragraph_o9xde_4 _paragraph_xtcu6_10 layout-component text-serif-m layout-normal text-serif-m layout-padded\">For \u00e5 spille i thrilleren \u00abKvinnen i lugar 10\u00bb m\u00e5tte hun barbere av seg alt h\u00e5ret \u2013 helt ned til skallen.<\/p>\n<p class=\"_paragraph_o9xde_4 _paragraph_xtcu6_10 layout-component text-serif-m layout-normal text-serif-m layout-padded\">\u2013 Det var et av premissene for \u00e5 f\u00e5 rollen, s\u00e5 det visste jeg veldig tidlig. Hvis jeg fikk den rollen, s\u00e5 var det klart \u00abdu m\u00e5 du ta h\u00e5ret\u00bb, forteller 42-\u00e5ringen.<\/p>\n<p><img alt=\"Foto: Helen Wesnes \/ VG\" class=\"_image_qp4xg_65 layout-component layout-normal\" data-fullscreen- data-track-element-type=\"Article image fullscreen\" data-track-name=\"ImageFullscreen\" decoding=\"async\" loading=\"lazy\" height=\"7194\" itemprop=\"image\"  src=\"https:\/\/www.europesays.com\/no\/wp-content\/uploads\/2025\/10\/191a129c-a841-403f-a970-29a77ccb5954\"  style=\"object-position:0% 0%\" width=\"4796\"\/>Foto: Helen Wesnes \/ VG<\/p>\n<p class=\"_paragraph_o9xde_4 _paragraph_xtcu6_10 layout-component text-serif-m layout-normal text-serif-m layout-padded\">Da agenten ringte og sa hun hadde f\u00e5tt jobben, var det bare tre uker til hun skulle dra til Storbritannia for innspilling.<\/p>\n<p class=\"_paragraph_o9xde_4 _paragraph_xtcu6_10 layout-component text-serif-m layout-normal text-serif-m layout-padded\"><strong class=\"_strong_o9xde_25\">VG m\u00f8ter skuespilleren mens filmen er p\u00e5 topplisten over popul\u00e6re titler p\u00e5 Netflix i flere land.<\/strong><\/p>\n<p class=\"_paragraph_o9xde_4 _paragraph_xtcu6_10 layout-component text-serif-m layout-normal text-serif-m layout-padded\">Norske Witt har en av hovedrollene i filmen hvor selve handlingen utspiller seg p\u00e5 et luksuscruise p\u00e5 vei til Norge.<\/p>\n<p>Spilte Forr\u00e6der med Keira Knightley<\/p>\n<p class=\"_paragraph_o9xde_4 _paragraph_xtcu6_10 layout-component text-serif-m layout-normal text-serif-m layout-padded\">I Netflix-thrilleren spiller norske Witt blant annet ved siden av den britiske stjerneskuespilleren Keira Knightley (40) og Guy Pearce (58).<\/p>\n<p class=\"_paragraph_o9xde_4 _paragraph_xtcu6_10 layout-component text-serif-m layout-normal text-serif-m layout-padded\">Den norske skuespilleren forteller at Knightley var veldig hyggelig og im\u00f8tekommende.<\/p>\n<p class=\"_paragraph_o9xde_4 _paragraph_xtcu6_10 layout-component text-serif-m layout-normal text-serif-m layout-padded\"><strong class=\"_strong_o9xde_25\">\u2013 Jeg var selvf\u00f8lgelig nerv\u00f8s f\u00f8r jeg m\u00f8tte henne, fordi jeg har stor respekt for henne som skuespiller, men det gikk ganske fort f\u00f8r jeg kjente at var to \u00abvanlige\u00bb kollegaer i samme alder som kunne snakke om barna hjemme og kl\u00e6r mens vi ble sminket, sier Witt.<\/strong><\/p>\n<p class=\"_paragraph_o9xde_4 _paragraph_xtcu6_10 layout-component text-serif-m layout-normal text-serif-m layout-padded\">Her er skuespillerne p\u00e5 premieren:<\/p>\n<p><img alt=\"Guy Pearce og Keira Knightley.  Foto: Scott A Garfitt \/ AP \/ NTB\" class=\"_image_qp4xg_65 layout-component layout-normal\" data-fullscreen- data-track-element-type=\"Article image fullscreen\" data-track-name=\"ImageFullscreen\" decoding=\"async\" loading=\"lazy\" height=\"5227\" itemprop=\"image\"  src=\"https:\/\/www.europesays.com\/no\/wp-content\/uploads\/2025\/10\/a5a9ae16-d70d-49ac-9a5d-c2edd4e28543\"  style=\"object-position:0% 0%\" width=\"3485\"\/>Guy Pearce og Keira Knightley.  Foto: Scott A Garfitt \/ AP \/ NTB<\/p>\n<p class=\"_paragraph_o9xde_4 _paragraph_xtcu6_10 layout-component text-serif-m layout-normal text-serif-m layout-padded\">Skuespillerne bodde p\u00e5 samme lille hotell i Weymouth i England. Det f\u00f8rte til mange hyggelige \u00f8yeblikk etter jobb.<\/p>\n<p class=\"_paragraph_o9xde_4 _paragraph_xtcu6_10 layout-component text-serif-m layout-normal text-serif-m layout-padded\">\u2013 I Skottland endte vi opp med \u00e5 spille Forr\u00e6der hver kveld gjennom hele uken, vi var der, som var veldig g\u00f8y. Jeg vant! forteller Witt.<\/p>\n<p><img alt=\"Fra venstre: Hannah Waddingham, David Ajala, Keira Knightley, Daniel Ings og Gitte Witt.  Foto: Jordan Pettitt \/ Pa Photos \/ NTB\" class=\"_image_qp4xg_65 layout-component layout-normal\" data-fullscreen- data-track-element-type=\"Article image fullscreen\" data-track-name=\"ImageFullscreen\" decoding=\"async\" loading=\"lazy\" height=\"2039\" itemprop=\"image\"  src=\"https:\/\/www.europesays.com\/no\/wp-content\/uploads\/2025\/10\/1185c3e7-778e-42dc-ae9c-504215ca47fb\"  style=\"object-position:68.5403283369022% 33.15350662089259%\" width=\"2802\"\/>Fra venstre: Hannah Waddingham, David Ajala, Keira Knightley, Daniel Ings og Gitte Witt.  Foto: Jordan Pettitt \/ Pa Photos \/ NTB<\/p>\n<p class=\"_paragraph_o9xde_4 _paragraph_xtcu6_10 layout-component text-serif-m layout-normal text-serif-m layout-padded\">Hennes f\u00f8rste m\u00f8te med regiss\u00f8r Simon Stone skjedde over et videom\u00f8te p\u00e5 Zoom mens hun var p\u00e5 hytta med familien i sommerferie.<\/p>\n<p class=\"_paragraph_o9xde_4 _paragraph_xtcu6_10 layout-component text-serif-m layout-normal text-serif-m layout-padded\">\u2013 Det var s\u00e5 mye som sto p\u00e5 spill, jeg \u00f8nsket skikkelig \u00e5 f\u00e5 rollen, sier hun og legger til:<\/p>\n<p class=\"_paragraph_o9xde_4 _paragraph_xtcu6_10 layout-component text-serif-m layout-normal text-serif-m layout-padded\">\u2013 Han pushet meg langt allerede p\u00e5 det m\u00f8tet, og det fortsatte \u00e5 v\u00e6re en veldig givende prosess \u00e5 jobbe med ham under innspillingen.<\/p>\n<p><img alt=\"Foto: Scott A Garfitt \/ AP \/ NTB\" class=\"_image_qp4xg_65 layout-component layout-normal\" data-fullscreen- data-track-element-type=\"Article image fullscreen\" data-track-name=\"ImageFullscreen\" decoding=\"async\" loading=\"lazy\" height=\"5084\" itemprop=\"image\"  src=\"https:\/\/www.europesays.com\/no\/wp-content\/uploads\/2025\/10\/1486db0e-db9e-4ee6-bbe8-0419880b9b9b\"  style=\"object-position:0% 0%\" width=\"7626\"\/>Foto: Scott A Garfitt \/ AP \/ NTB<\/p>\n<p class=\"_paragraph_o9xde_4 _paragraph_xtcu6_10 layout-component text-serif-m layout-normal text-serif-m layout-padded\">Stone har tidligere regissert flere Henrik Ibsen-teaterstykker. Filmens handling er ogs\u00e5 satt til Norge.<\/p>\n<p class=\"_paragraph_o9xde_4 _paragraph_xtcu6_10 layout-component text-serif-m layout-normal text-serif-m layout-padded\">\u2013 Han liker Norge godt, men vi bondet vel mest av alt fordi vi likte hverandre godt, b\u00e5de p\u00e5 og utenfor sett.<\/p>\n<p>H\u00e5ret klippet foran kamera: One take<\/p>\n<p class=\"_paragraph_o9xde_4 _paragraph_xtcu6_10 layout-component text-serif-m layout-normal text-serif-m layout-padded\">Handlingen utspiller seg p\u00e5 en luksusyacht der en journalist blir vitne til noe som tilsynelatende ikke kan ha skjedd. Filmen er basert p\u00e5 boken, med samme navn, av den britiske forfatteren Ruth Ware.<\/p>\n<p><img alt=\"Her er Gitte Witt i slutten av september for filmpremieren i London.  Foto: Scott A Garfitt \/ AP \/ NTB\" class=\"_image_qp4xg_65 layout-component layout-normal\" data-fullscreen- data-track-element-type=\"Article image fullscreen\" data-track-name=\"ImageFullscreen\" decoding=\"async\" loading=\"lazy\" height=\"7524\" itemprop=\"image\"  src=\"https:\/\/www.europesays.com\/no\/wp-content\/uploads\/2025\/10\/70a775e2-38cb-4bdb-89f8-c574db48cdc6\"  style=\"object-position:0% 0%\" width=\"5016\"\/>Her er Gitte Witt i slutten av september for filmpremieren i London.  Foto: Scott A Garfitt \/ AP \/ NTB<\/p>\n<p class=\"_paragraph_o9xde_4 _paragraph_xtcu6_10 layout-component text-serif-m layout-normal text-serif-m layout-padded\">Men det var ikke bare karakteren som skulle gjennom en dramatisk forandring. Witt m\u00e5tte ogs\u00e5 klippe h\u00e5ret sitt foran kamera \u2013 i en eneste tagning.<\/p>\n<p class=\"_paragraph_o9xde_4 _paragraph_xtcu6_10 layout-component text-serif-m layout-normal text-serif-m layout-padded\">\u2013 Vi klippet mitt ekte h\u00e5r i filmen. S\u00e5 n\u00e5r jeg st\u00e5r der med saks og klipper, er det p\u00e5 ekte, forteller hun.<\/p>\n<p class=\"_paragraph_o9xde_4 _paragraph_xtcu6_10 layout-component text-serif-m layout-normal text-serif-m layout-padded\"><strong class=\"_strong_o9xde_25\">Selv om hun var forberedt, ble det en f\u00f8lelsesladet opplevelse.<\/strong><\/p>\n<p class=\"_paragraph_o9xde_4 _paragraph_xtcu6_10 layout-component text-serif-m layout-normal text-serif-m layout-padded\">\u2013 Det var mye f\u00f8lelser n\u00e5r h\u00e5ret gikk, selv om jeg var innstilt p\u00e5 \u00e5 gj\u00f8re det.<\/p>\n<p>Helt ny identitet<\/p>\n<p class=\"_paragraph_o9xde_4 _paragraph_xtcu6_10 layout-component text-serif-m layout-normal text-serif-m layout-padded\">\u00c5 v\u00e6re uten h\u00e5r ble en st\u00f8rre \u00abny\u00bb opplevelse enn Witt hadde forestilt seg. <\/p>\n<p class=\"_paragraph_o9xde_4 _paragraph_xtcu6_10 layout-component text-serif-m layout-normal text-serif-m layout-padded\">Tidligere har hun skamklipt seg for en rolle i filmen \u00abVarg Veum \u2013 Kalde hjerter\u00bb fra 2012. Men dette er f\u00f8rste gang hun har v\u00e6rt \u00abskinna\u00bb inn til skallen.<\/p>\n<p class=\"_paragraph_o9xde_4 _paragraph_xtcu6_10 layout-component text-serif-m layout-normal text-serif-m layout-padded\"><strong class=\"_strong_o9xde_25\">\u2013 Det var veldig interessant \u00e5 v\u00e6re uten h\u00e5r. Det var en annen opplevelse \u2013 det var en litt annen identitet, p\u00e5 en m\u00e5te. For jeg f\u00f8lte at jeg s\u00e5 s\u00e5 annerledes ut, sier hun.<\/strong><\/p>\n<p><img alt=\"Foto: Helen Wesnes \/ VG\" class=\"_image_qp4xg_65 layout-component layout-normal\" data-fullscreen- data-track-element-type=\"Article image fullscreen\" data-track-name=\"ImageFullscreen\" decoding=\"async\" loading=\"lazy\" height=\"4699\" itemprop=\"image\"  src=\"https:\/\/www.europesays.com\/no\/wp-content\/uploads\/2025\/10\/e59fe63f-6a9f-4133-a2f4-ebe99c330f61\"  style=\"object-position:0% 0%\" width=\"3524\"\/>Foto: Helen Wesnes \/ VG<\/p>\n<p class=\"_paragraph_o9xde_4 _paragraph_xtcu6_10 layout-component text-serif-m layout-normal text-serif-m layout-padded\">Den nye looken krevde ogs\u00e5 endringer i hvordan hun ville kle og sminke seg.<\/p>\n<p class=\"_paragraph_o9xde_4 _paragraph_xtcu6_10 layout-component text-serif-m layout-normal text-serif-m layout-padded\">\u2013 Jeg fikk behov for \u00e5 sminke meg litt mer og ha p\u00e5 \u00f8redobber, og ikke g\u00e5 s\u00e5 mye sort. Jeg gikk mer i hvitt. For \u00e5 kjenne igjen meg selv oppi det, m\u00e5tte jeg liksom endre p\u00e5 litt.<\/p>\n<p class=\"_paragraph_o9xde_4 _paragraph_xtcu6_10 layout-component text-serif-m layout-normal text-serif-m layout-padded\">Til vanlig er hun ganske usminket, forteller skuespilleren.<\/p>\n<p class=\"_paragraph_o9xde_4 _paragraph_xtcu6_10 layout-component text-serif-m layout-normal text-serif-m layout-padded\"><strong class=\"_strong_o9xde_25\">Og s\u00e5 var det kulden.<\/strong><\/p>\n<p class=\"_paragraph_o9xde_4 _paragraph_xtcu6_10 layout-component text-serif-m layout-normal text-serif-m layout-padded\">\u2013 Det ble veldig kaldt. Det var nesten det st\u00f8rste sjokket, hvor sykt kaldt det plutselig var p\u00e5 hodet. Jeg m\u00e5tte ha p\u00e5 lue hele tiden.<\/p>\n<p class=\"_paragraph_o9xde_4 _paragraph_xtcu6_10 layout-component text-serif-m layout-normal text-serif-m layout-padded\">N\u00e5r VG m\u00f8ter Witt, har det g\u00e5tt ett \u00e5r siden hun skinnet seg. H\u00e5ret har n\u00e5 vokst ut.<\/p>\n<p class=\"_paragraph_o9xde_4 _paragraph_xtcu6_10 layout-component text-serif-m layout-normal text-serif-m layout-padded\">Selv om det begynner \u00e5 bli en stund siden hun var i utlandet for innspilling, har alt kommet n\u00e6rmere igjen. Ett \u00e5r etter hun var travel med lange innspillingsdager<\/p>\n<p class=\"_paragraph_o9xde_4 _paragraph_xtcu6_10 layout-component text-serif-m layout-normal text-serif-m layout-padded\">Premieren til filmen var i London, med stjernespekket \u00abr\u00f8d l\u00f8per\u00bb. Navnet hennes har ogs\u00e5 dukket opp i flere internasjonale magasiner, som i amerikanske People.<\/p>\n<p class=\"_paragraph_o9xde_4 _paragraph_xtcu6_10 layout-component text-serif-m layout-normal text-serif-m layout-padded\">Under tittelen \u00abMeet the Real-Life Partners of the Cast\u00bb har de bilde og tekst av Witt og forloveden Filip Loebbert.<\/p>\n<p>Barnas reaksjon<\/p>\n<p class=\"_paragraph_o9xde_4 _paragraph_xtcu6_10 layout-component text-serif-m layout-normal text-serif-m layout-padded\">Hjemme i Norge ventet parets tre s\u00f8nner p\u00e5 en nybarbert Witt.<\/p>\n<p class=\"_paragraph_o9xde_4 _paragraph_xtcu6_10 layout-component text-serif-m layout-normal text-serif-m layout-padded\">Skuespilleren m\u00e5tte f\u00f8rst farget h\u00e5ret f\u00f8r hun barberte det av, og det var faktisk fargen som skapte st\u00f8rst reaksjon hos yngstes\u00f8nnen.<\/p>\n<p class=\"_paragraph_o9xde_4 _paragraph_xtcu6_10 layout-component text-serif-m layout-normal layout-padded\"><strong class=\"_strong_o9xde_25\">Les ogs\u00e5:<\/strong> <a href=\"https:\/\/www.vg.no\/i\/B80xE\" data-track-element-type=\"Link\" data-track-id=\"link:B80xE\" class=\"_link_o9xde_39\" rel=\"nofollow noopener\" target=\"_blank\">Gitte Witt (34) fikk en s\u00f8nn<\/a><\/p>\n<p class=\"_paragraph_o9xde_4 _paragraph_xtcu6_10 layout-component text-serif-m layout-normal text-serif-m layout-padded\">\u2013 Da han s\u00e5 meg s\u00e5 han: \u00abNei, nei, en annen mamma\u00bb. Han syntes det var veldig rart.<\/p>\n<p class=\"_paragraph_o9xde_4 _paragraph_xtcu6_10 layout-component text-serif-m layout-normal text-serif-m layout-padded\"><strong class=\"_strong_o9xde_25\">Men da hun kom hjem med skallet hode, var reaksjonen overraskende positiv.<\/strong><\/p>\n<p class=\"_paragraph_o9xde_4 _paragraph_xtcu6_10 layout-component text-serif-m layout-normal text-serif-m layout-padded\">\u2013 De to yngste tok det veldig fint. De var s\u00e5nn \u00abjeg syns du ser kul ut\u00bb. Han eldste var litt tvilende og sa &#8230; \u00abDu ser fint ut, mamma\u00bb, men la til \u00abKanskje du kan ta p\u00e5 deg noe h\u00e5r n\u00e5r du henter meg p\u00e5 skolen.\u00bb<\/p>\n<p class=\"_paragraph_o9xde_4 _paragraph_xtcu6_10 layout-component text-serif-m layout-normal text-serif-m layout-padded\">Hans bekymring var at de andre elevene p\u00e5 skolen. Men etter at noen av kompisene hans hadde sett den nye looken, gikk det greit.<\/p>\n<p>Intenst filmsett<\/p>\n<p class=\"_paragraph_o9xde_4 _paragraph_xtcu6_10 layout-component text-serif-m layout-normal text-serif-m layout-padded\">Innspillingen foregikk hovedsakelig p\u00e5 en luksusyacht i Weymouth, og i studio til Warner Bros i London.<\/p>\n<p class=\"_paragraph_o9xde_4 _paragraph_xtcu6_10 layout-component text-serif-m layout-normal text-serif-m layout-padded\">I tillegg kom en uke i Skottland, som i filmen er satt til Norge. <\/p>\n<p class=\"_paragraph_o9xde_4 _paragraph_xtcu6_10 layout-component text-serif-m layout-normal text-serif-m layout-padded\"><strong class=\"_strong_o9xde_25\">For Witt, som har tre sm\u00e5 barn hjemme, var det f\u00f8rste gang hun var borte s\u00e5 lenge \u2013 opptil ti dager i strekk.<\/strong><\/p>\n<p class=\"_paragraph_o9xde_4 _paragraph_xtcu6_10 layout-component text-serif-m layout-normal text-serif-m layout-padded\">\u2013 Jeg hadde en del innspillingsdager, og i Weymouth var vi ganske v\u00e6rfast i en m\u00e5ned, for vi visste aldri n\u00e5r vi kunne filme.<\/p>\n<p class=\"_paragraph_o9xde_4 _paragraph_xtcu6_10 layout-component text-serif-m layout-normal text-serif-m layout-padded\">Scener b\u00e5de inni og utenp\u00e5 yachten.<\/p>\n<p class=\"_paragraph_o9xde_4 _paragraph_xtcu6_10 layout-component text-serif-m layout-normal text-serif-m layout-padded\"><strong class=\"_strong_o9xde_25\">B\u00e5ten skapte unike arbeidsforhold.<\/strong><\/p>\n<p class=\"_paragraph_o9xde_4 _paragraph_xtcu6_10 layout-component text-serif-m layout-normal text-serif-m layout-padded\">\u2013 Selv om det er en gigantisk b\u00e5t, s\u00e5 er det fortsatt litt trangt \u00e5 filme med et helt crew. N\u00e5r vi kom p\u00e5 den b\u00e5ten, s\u00e5 var du litt fanget for dagen.<\/p>\n<p class=\"_paragraph_o9xde_4 _paragraph_xtcu6_10 layout-component text-serif-m layout-normal text-serif-m layout-padded\">Dette f\u00f8rte til at skuespillerne ble godt kjent med hverandre. I motsetning til andre innspillinger hvor skuespillere forsvinner til hver sin trailer n\u00e5r opptakene er over forteller hun.<\/p>\n<p class=\"_paragraph_o9xde_4 _paragraph_xtcu6_10 layout-component text-serif-m layout-normal text-serif-m layout-padded\">\u2013 Her satt vi jo alle sammen inne p\u00e5 et rom, hvor alle var. S\u00e5 da ble vi fort kjent med hverandre.<\/p>\n<p>Spesielle arbeidsforhold<\/p>\n<p class=\"_paragraph_o9xde_4 _paragraph_xtcu6_10 layout-component text-serif-m layout-normal text-serif-m layout-padded\">\u00c5 filme p\u00e5 en s\u00e5 eksklusiv yacht hadde sine utfordringer.<\/p>\n<p class=\"_paragraph_o9xde_4 _paragraph_xtcu6_10 layout-component text-serif-m layout-normal text-serif-m layout-padded\">\u2013 Det var en sv\u00e6rt og fin b\u00e5t. Det var nesten at du m\u00e5tte v\u00e6re forsiktig med \u00e5 sette deg p\u00e5 en stol, fordi alt var veldig dyrt, sier hun og legger til:<\/p>\n<p class=\"_paragraph_o9xde_4 _paragraph_xtcu6_10 layout-component text-serif-m layout-normal text-serif-m layout-padded\">\u2013 Du kunne ikke drikke kaffe p\u00e5 sett, fordi alle fryktet at vi skulle s\u00f8le p\u00e5 de fantastiske teppene og alt s\u00e5nn.<\/p>\n<p class=\"_paragraph_o9xde_4 _paragraph_xtcu6_10 layout-component text-serif-m layout-normal layout-padded\"><strong class=\"_strong_o9xde_25\">Les ogs\u00e5:<\/strong> <a href=\"https:\/\/www.vg.no\/i\/palRX\" data-track-element-type=\"Link\" data-track-id=\"link:palRX\" class=\"_link_o9xde_39\" rel=\"nofollow noopener\" target=\"_blank\">Gitte Witt (33) er gravid: \u2013 Vi gleder oss<\/a><\/p>\n<p class=\"_paragraph_o9xde_4 _paragraph_xtcu6_10 layout-component text-serif-m layout-normal text-serif-m layout-padded\"><strong class=\"_strong_o9xde_25\">Kontrasten ble tydelig da de flyttet til et vanlig filmsett.<\/strong><\/p>\n<p class=\"_paragraph_o9xde_4 _paragraph_xtcu6_10 layout-component text-serif-m layout-normal text-serif-m layout-padded\">\u2013 Jeg husker f\u00f8rste dag vi var ferdig p\u00e5 b\u00e5ten. Vi filmet i et hus utenfor London. S\u00e5 var det s\u00e5nn: \u00abJeg vil ha kaffe og vann, men jeg skal finne det.\u00bb Og s\u00e5 var noen produksjonsassistenter s\u00e5nn: \u00abNei, jeg henter det til deg.\u00bb Og s\u00e5 var jeg s\u00e5nn: \u00abHerregud, jeg kan f\u00e5 vann og kaffe uten \u00e5 g\u00e5 vekk.\u00bb.<\/p>\n<p>Travelt hjemme i Oslo<\/p>\n<p class=\"_paragraph_o9xde_4 _paragraph_xtcu6_10 layout-component text-serif-m layout-normal text-serif-m layout-padded\">For Witt har de siste \u00e5rene v\u00e6rt travle. Hun har f\u00e5tt tre barn, skrevet kokebok med forloveden og hatt andre prosjekter, blant annet noen roller i ulike serier.<\/p>\n<p><img alt=\"VG m\u00f8tte Witt og samboeren p\u00e5 slutten av 2023. De fortalte da at de pleier parforholdet med \u00e5 isbade og ta badstue.  Foto: Janne M\u00f8ller-Hansen \/ Vg\" class=\"_image_qp4xg_65 layout-component layout-normal\" data-fullscreen- data-track-element-type=\"Article image fullscreen\" data-track-name=\"ImageFullscreen\" decoding=\"async\" loading=\"lazy\" height=\"5014\" itemprop=\"image\"  src=\"https:\/\/www.europesays.com\/no\/wp-content\/uploads\/2025\/10\/376cda71-9099-49a4-a9b6-3862e05b4580\"  style=\"object-position:60.432098765432094% 38.841244515357%\" width=\"7290\"\/>VG m\u00f8tte Witt og samboeren p\u00e5 slutten av 2023. De fortalte da at de pleier parforholdet med \u00e5 isbade og ta badstue.  Foto: Janne M\u00f8ller-Hansen \/ Vg<\/p>\n<p class=\"_paragraph_o9xde_4 _paragraph_xtcu6_10 layout-component text-serif-m layout-normal text-serif-m layout-padded\">\u2013 Jeg jobbet veldig intenst f\u00f8r jeg fikk barn, og s\u00e5 har jeg jobbet litt mindre etter at jeg fikk barn. Og det har p\u00e5 mange m\u00e5ter et bevisst valg.<\/p>\n<p class=\"_paragraph_o9xde_4 _paragraph_xtcu6_10 layout-component text-serif-m layout-normal text-serif-m layout-padded\"><strong class=\"_strong_o9xde_25\">Hun fikk tre s\u00f8nner p\u00e5 fem \u00e5r, noe som gjorde hverdagen intens.<\/strong><\/p>\n<p class=\"_paragraph_o9xde_4 _paragraph_xtcu6_10 layout-component text-serif-m layout-normal layout-padded\"><strong class=\"_strong_o9xde_25\">Les ogs\u00e5:<\/strong> <a href=\"https:\/\/www.vg.no\/i\/zL1edO\" data-track-element-type=\"Link\" data-track-id=\"link:zL1edO\" class=\"_link_o9xde_39\" rel=\"nofollow noopener\" target=\"_blank\">Gitte Witt om f\u00f8rste daten med Filip: &#8211; Nerv\u00f8siteten glemmer jeg ikke<\/a><\/p>\n<p class=\"_paragraph_o9xde_4 _paragraph_xtcu6_10 layout-component text-serif-m layout-normal text-serif-m layout-padded\">\u2013 Den er jo aldri lett, den balansen mellom \u00e5 jobbe og v\u00e6re hjemme. Men det var vel noe i meg som syntes det var riktig og fint \u00e5 bare lande litt, og fokusere p\u00e5 barna n\u00e5r de var veldig sm\u00e5.<\/p>\n<p class=\"_paragraph_o9xde_4 _paragraph_xtcu6_10 layout-component text-serif-m layout-normal text-serif-m layout-padded\"><strong class=\"_strong_o9xde_25\">N\u00e5 f\u00f8ler hun seg klar for \u00e5 v\u00e6re mer aktiv igjen.<\/strong><\/p>\n<p class=\"_paragraph_o9xde_4 _paragraph_xtcu6_10 layout-component text-serif-m layout-normal text-serif-m layout-padded\">\u2013 De er fremdeles sm\u00e5, men han minste er tre \u00e5r n\u00e5. De er ikke spedbarn og ammende lengre. Og det kjennes bra \u00e5 v\u00e6re litt mer i gang igjen.<\/p>\n<p>Norsk suksess internasjonalt<\/p>\n<p class=\"_paragraph_o9xde_4 _paragraph_xtcu6_10 layout-component text-serif-m layout-normal text-serif-m layout-padded\">Witt er en av flere norske skuespillere som har f\u00e5tt internasjonale roller de siste \u00e5rene.<\/p>\n<p class=\"_paragraph_o9xde_4 _paragraph_xtcu6_10 layout-component text-serif-m layout-normal text-serif-m layout-padded\">\u2013 Det er jo flere norske skuespillere som jobber i utlandet, og norsk film har jo f\u00e5tt en veldig h\u00f8y status rundt om i verden de siste \u00e5rene. Som ogs\u00e5 selvf\u00f8lgelig har skapt muligheter til at man ser mer til Norge for skuespillere.<\/p>\n<p class=\"_paragraph_o9xde_4 _paragraph_xtcu6_10 layout-component text-serif-m layout-normal text-serif-m layout-padded\"><strong class=\"_strong_o9xde_25\">Hun opplever at det er god st\u00f8tte fra andre i bransjen.<\/strong><\/p>\n<p class=\"_paragraph_o9xde_4 _paragraph_xtcu6_10 layout-component text-serif-m layout-normal text-serif-m layout-padded\">\u2013 Jeg har venner som driver med helt andre ting, men det er ogs\u00e5 veldig fint ogs\u00e5 \u00e5 ha venner som jobber med det samme, s\u00e5 man kan diskutere og st\u00f8tte hverandre.<\/p>\n<p class=\"_paragraph_o9xde_4 _paragraph_xtcu6_10 layout-component text-serif-m layout-normal text-serif-m layout-padded\">Kommentarfeltet hennes p\u00e5 Instagram er fylt av kommentarer og ros fra andre i bransjen. Blant annet Renate Reinsve.<\/p>\n<p>Suksess p\u00e5 Netflix<\/p>\n<p class=\"_paragraph_o9xde_4 _paragraph_xtcu6_10 layout-component text-serif-m layout-normal text-serif-m layout-padded\">\u00abKvinnen i lugar 10\u00bb har blitt en suksess for Netflix siden premieren, noe Witt merker p\u00e5 responsen hun f\u00e5r.<\/p>\n<p class=\"_paragraph_o9xde_4 _paragraph_xtcu6_10 layout-component text-serif-m layout-normal text-serif-m layout-padded\">\u2013 Den ligger p\u00e5 topplista i mange land. S\u00e5 den er sett av mange.<\/p>\n<p class=\"_paragraph_o9xde_4 _paragraph_xtcu6_10 layout-component text-serif-m layout-normal text-serif-m layout-padded\"><strong class=\"_strong_o9xde_25\">Premieren i London var en stor opplevelse.<\/strong><\/p>\n<p class=\"_paragraph_o9xde_4 _paragraph_xtcu6_10 layout-component text-serif-m layout-normal text-serif-m layout-padded\">\u2013 Det var veldig g\u00f8y \u00e5 v\u00e6re p\u00e5 premieren. Det var kjempeg\u00f8y. <\/p>\n<p class=\"_paragraph_o9xde_4 _paragraph_xtcu6_10 layout-component text-serif-m layout-normal text-serif-m layout-padded\">Samboeren Loebbert, som hun har v\u00e6rt forlovet med i \u00e5tte \u00e5r, var med p\u00e5 premieren.<\/p>\n<p class=\"_paragraph_o9xde_4 _paragraph_xtcu6_10 layout-component text-serif-m layout-normal text-serif-m layout-padded\">\u2013 Det var veldig fint \u00e5 ha ham med, og dele de dagene med han. Han var hjemme med barna da jeg var og filmet, s\u00e5 da var det fint \u00e5 dele premierefesten sammen.<\/p>\n<p class=\"_paragraph_o9xde_4 _paragraph_xtcu6_10 layout-component text-serif-m layout-normal text-serif-m layout-padded\">\u2013 Dere har v\u00e6rt forlovet en stund.<\/p>\n<p class=\"_paragraph_o9xde_4 _paragraph_xtcu6_10 layout-component text-serif-m layout-normal text-serif-m layout-padded\">\u2013 Det er en lang forlovelse. Jeg var veldig opptatt av at vi ikke skulle v\u00e6re lenge forlovet. <\/p>\n<p class=\"_paragraph_o9xde_4 _paragraph_xtcu6_10 layout-component text-serif-m layout-normal text-serif-m layout-padded\">Hun tenkte: Hvis man f\u00f8rst ble forlovet, m\u00e5tte man gifte seg, men s\u00e5nn ble det ikke.<\/p>\n<p class=\"_paragraph_o9xde_4 _paragraph_xtcu6_10 layout-component text-serif-m layout-normal text-serif-m layout-padded\">\u2013 En vakker dag skjer det, legger hun til.<\/p>\n","protected":false},"excerpt":{"rendered":"Tre uker etter Netflix-premieren sitter skuespiller Gitte Witt (42) og reflekterer over den mest ekstreme forandringen hun har&hellip;\n","protected":false},"author":2,"featured_media":65937,"comment_status":"","ping_status":"","sticky":false,"template":"","format":"standard","meta":{"footnotes":""},"categories":[58],"tags":[71,460,9465,220,30,28,29,4682,865,72],"class_list":{"0":"post-65936","1":"post","2":"type-post","3":"status-publish","4":"format-standard","5":"has-post-thumbnail","7":"category-underholdning","8":"tag-entertainment","9":"tag-film","10":"tag-keira-knightley","11":"tag-netflix","12":"tag-no","13":"tag-norge","14":"tag-norway","15":"tag-skottland","16":"tag-storbritannia","17":"tag-underholdning"},"share_on_mastodon":{"url":"","error":""},"_links":{"self":[{"href":"https:\/\/www.europesays.com\/no\/wp-json\/wp\/v2\/posts\/65936","targetHints":{"allow":["GET"]}}],"collection":[{"href":"https:\/\/www.europesays.com\/no\/wp-json\/wp\/v2\/posts"}],"about":[{"href":"https:\/\/www.europesays.com\/no\/wp-json\/wp\/v2\/types\/post"}],"author":[{"embeddable":true,"href":"https:\/\/www.europesays.com\/no\/wp-json\/wp\/v2\/users\/2"}],"replies":[{"embeddable":true,"href":"https:\/\/www.europesays.com\/no\/wp-json\/wp\/v2\/comments?post=65936"}],"version-history":[{"count":0,"href":"https:\/\/www.europesays.com\/no\/wp-json\/wp\/v2\/posts\/65936\/revisions"}],"wp:featuredmedia":[{"embeddable":true,"href":"https:\/\/www.europesays.com\/no\/wp-json\/wp\/v2\/media\/65937"}],"wp:attachment":[{"href":"https:\/\/www.europesays.com\/no\/wp-json\/wp\/v2\/media?parent=65936"}],"wp:term":[{"taxonomy":"category","embeddable":true,"href":"https:\/\/www.europesays.com\/no\/wp-json\/wp\/v2\/categories?post=65936"},{"taxonomy":"post_tag","embeddable":true,"href":"https:\/\/www.europesays.com\/no\/wp-json\/wp\/v2\/tags?post=65936"}],"curies":[{"name":"wp","href":"https:\/\/api.w.org\/{rel}","templated":true}]}}