{"id":65942,"date":"2025-10-21T07:25:17","date_gmt":"2025-10-21T07:25:17","guid":{"rendered":"https:\/\/www.europesays.com\/no\/65942\/"},"modified":"2025-10-21T07:25:17","modified_gmt":"2025-10-21T07:25:17","slug":"lothepus-deler-samlivsrad-trikset-for-a-holde-sammen-er-vennskap","status":"publish","type":"post","link":"https:\/\/www.europesays.com\/no\/65942\/","title":{"rendered":"LOthepus deler samlivsr\u00e5d: &#8211; TRikset for \u00e5 holde sammen er vennskap"},"content":{"rendered":"<p>Skytebas, entrepren\u00f8r, musiker, TV-profil, campingplass-driver og stavkirke-entusiast. Kj\u00e6rt barn har mange navn, og n\u00e5 debuterer hardingen Leif Einar Lothe (56) som det reneste orakelet for unge.\u00a0<\/p>\n<p>I en ny bok byr han p\u00e5 triks og r\u00e5d om alt fra drillteknikk og rensing av sluk, krydret med sm\u00e5 skr\u00f8ner og r\u00f8verhistorier fra eget liv. Han snakker ogs\u00e5 om hvordan man kan skape husfred &#8211; og ikke minst: hvorfor han trenger ei dame som Randi.\u00a0<\/p>\n<p>    <a itemprop=\"url\" href=\"https:\/\/www.kk.no\/underholdning\/datter-til-lothepus-jeg-er-forelderen\/82240335\" rel=\"nofollow noopener\" target=\"_blank\"><\/p>\n<p>      <img loading=\"lazy\" decoding=\"async\" src=\"https:\/\/www.europesays.com\/no\/wp-content\/uploads\/2025\/10\/82240477.webp\" width=\"980\" height=\"441\" title=\"Datter til Lothepus: - Jeg er forelderen\" alt=\"\" class=\"lazyload\" style=\"--aspect-ratio-image: 2.22; \"\/><\/p>\n<p>        Datter til Lothepus: &#8211; Jeg er forelderen<\/p>\n<p>    <\/a><\/p>\n<p>Trenger grenser\t<\/p>\n<p>Det er mange \u00e5r siden Leif Einar og Randi m\u00f8ttes. Tre barn hver hadde de da, og etter tv-opptredener \u00e5 d\u00f8mme, tok Lothe ogs\u00e5 med seg et stort ego inn i forholdet. Sitt eget.\u00a0<\/p>\n<p>Han trenger ei bestemt dame, r\u00f8per han.\u00a0<\/p>\n<p>&#8211; Skal man v\u00e6re sammen med meg, m\u00e5 man sette grenser. Og det gj\u00f8r hun. Jeg kan ikke bare kj\u00f8re mitt eget l\u00f8p og farte rundt som en tulling. P\u00e5 campingplassen kunne jeg nok sittet og drukket \u00f8l hver kveld, det er nok av folk som inviterer. Men hverdagene er for jobb, og i helgene kan man kose seg med en bayer.\u00a0<\/p>\n<p>&#8211; Nei, der er jeg ganske prinsippfast. Det samme gjelder kjendisfester. Det er mye jeg sier nei til.\u00a0<\/p>\n<p>    Leif Einar Lothe<\/p>\n<ul>\n<p class=\"lab-bodytext-line\">F\u00f8dt i 1969.<br \/>Fra Rogdo i Ullensvang &#8211; bosatt i Odda.<br \/>Bedre kjent som Lothepus.<br \/>Aktuell med en selvhjelpsbok for unge, kalt \u201cLothepus-Manualen. 113 tips og tjuvtriks\u201d.\u00a0<\/p>\n<\/ul>\n<p>      Vis mer<br \/>\n      Vis mindre<\/p>\n<p>Hjemme setter kona middagen p\u00e5 bordet klokka 1530.\u00a0Basta.<\/p>\n<p>&#8211; Romantikk? Nei, jeg er nok ikke s\u00e6rlig romantisk av meg. Ingen av oss er s\u00e6rlig fan av \u00e5 g\u00e5 ut og spise heller, vi tr\u00e5kker rundt p\u00e5 restauranten som er tilknyttet stavkirken i hverdagen. S\u00e5 da er det bedre \u00e5 lande litt hjemme etterp\u00e5, med hjemmelaget mat og en god strekk p\u00e5 sofaen etterp\u00e5.\u00a0<\/p>\n<p>Men et triks har han i erme for \u00e5 holde p\u00e5 kontakten i forholdet.\u00a0<\/p>\n<p>&#8211; Kaffekoppen p\u00e5 trappa hver morgen, den tar vi oss tid til, Randi og jeg,\u00a0<\/p>\n<p>    <a itemprop=\"url\" href=\"https:\/\/www.kk.no\/livet\/jeg-har-aldri-vaert-forelsket\/83719775\" rel=\"nofollow noopener\" target=\"_blank\"><\/p>\n<p>      <img loading=\"lazy\" decoding=\"async\" src=\"https:\/\/www.europesays.com\/no\/wp-content\/uploads\/2025\/10\/72381069.webp\" width=\"980\" height=\"441\" title=\"- Jeg har aldri v\u00e6rt forelsket\" alt=\"\" class=\"lazyload\" style=\"--aspect-ratio-image: 2.22; \"\/><\/p>\n<p>        &#8211; Jeg har aldri v\u00e6rt forelsket<\/p>\n<p>    <\/a><\/p>\n<p>&#8211; Trikset er vennskap\t<\/p>\n<p>Lothe er ikke snauere enn at han ogs\u00e5 byr p\u00e5 samlivsr\u00e5d i boken sin. Til KK sier han f\u00f8lgende om saken:\u00a0<\/p>\n<p class=\"font-weight-bold m-font-weight-bold\" data-lab-font_weight=\"font-weight-bold\">&#8211; Trikset med \u00e5 holde sammen er ganske enkelt: Vennskap. Man skal jo like hverandre n\u00e5r alt det der med forelskelse roer seg og hverdagen setter inn.\u00a0<\/p>\n<p>&#8211; Det hjelper ogs\u00e5 med felles interesser. Og g\u00e5r jeg p\u00e5 jakt og skyter hjort, s\u00e5 tar hun kj\u00f8ttet og lager middag. Det er romantikk, det.<\/p>\n<p>Verden ser annerledes ut i dag enn da Lothe som ung gutt kj\u00f8rte traktor og gikk seg vill p\u00e5 Hardangervidda. Hva tenker han om at s\u00e5 mange unge i dag fremst\u00e5r s\u00e5rbare &#8211; og at psykisk sykdom er en av de st\u00f8rste \u00e5rsakene til at mange unge ikke kommer seg ut i jobb?<\/p>\n<p>&#8211; Jeg tenker at det beste du kan gj\u00f8re er \u00e5 sette en fot foran den andre.\u00a0<\/p>\n<p>          <img loading=\"lazy\" decoding=\"async\" src=\"https:\/\/www.europesays.com\/no\/wp-content\/uploads\/2025\/10\/83731623.webp\" width=\"686\" height=\"515\" title=\"Kaffekoppen er fast f\u00f8lgesvenn for Leif Einar, og han mener faktisk at den kan ha en god effekt p\u00e5 folk som ikke kommer seg opp om morgenen. FOTO: Veronica Karlsen\" alt=\"\" class=\"\" style=\"--aspect-ratio-image: 1.33; \"\/><\/p>\n<p>\n          Kaffekoppen er fast f\u00f8lgesvenn for Leif Einar, og han mener faktisk at den kan ha en god effekt p\u00e5 folk som ikke kommer seg opp om morgenen. FOTO: Veronica Karlsen\n      <\/p>\n<p>&#8211; F\u00e5 deg litt kaldt vann i ansiktet og en kaffikopp. Er det ekstra ille, s\u00e5 hjelper det med hund. De pisser inne dersom du ikke tar den med ut, s\u00e5 da er det bare \u00e5 f\u00e5 p\u00e5 seg skoa, sier han p\u00e5 sedvanlig n\u00f8kternt vis. Han sier han forst\u00e5r at depresjon er reelt, men legger til:\u00a0<\/p>\n<p>&#8211; Faren er hvis det blir litt trendy \u00e5 kjenne for mye etter. Kanskje venter man for mye p\u00e5 en dag der alt f\u00f8les bra. For min del handler det \u00e5 v\u00e5kne opp om \u00e5 ha vondt b\u00e5de her og der. Men s\u00e5 g\u00e5r det seg til bare man f\u00e5r skrotten i bevegelse. Og slik er det for mange.<\/p>\n<p>&#8211;\u00a0 Jeg heier p\u00e5 ungdommen, vi trenger dem p\u00e5 jobb &#8211; ikke hjemme, og vi trenger at de tror p\u00e5 seg selv og egen kraft. Der ligger mye av svaret, i det som handler om selvtillit.<\/p>\n<p class=\"italic m-italic\" data-lab-italic=\"italic\">&#8211; Har du selv blitt mer s\u00e5rbar etter erfaringen med kreftsykdom?\u00a0<\/p>\n<p>&#8211; Jeg gikk jo ut i mediene og n\u00e6rmest bagatelliserte det hele, noe jeg gjorde fordi jeg ikke ville skremme ungene eller skape mer drama enn det som n\u00f8dvendig var. Man merker det litt n\u00e5r man skal p\u00e5 kontroll, da kommer det noen f\u00f8lelser fram igjen.\u00a0<\/p>\n<p>&#8211; Jeg mener uansett at det jeg gikk igjennom var ganske udramatisk sammenlignet med det mange andre opplever. Det var ikke livstruende. Men selvf\u00f8lgelig, \u00e5 v\u00e6re i kreftbehandling er ikke noe sm\u00e5tteri.<\/p>\n<p>    <a itemprop=\"url\" href=\"https:\/\/www.kk.no\/samliv\/hvis-malet-er-livslang-kjaerlighet-bor-denne-ene-tingen-vaere-pa-agendaen\/83421637\" rel=\"nofollow noopener\" target=\"_blank\"><\/p>\n<p>      <img loading=\"lazy\" decoding=\"async\" src=\"https:\/\/www.europesays.com\/no\/wp-content\/uploads\/2025\/10\/1761031515_495_83423321.webp\" width=\"980\" height=\"441\" title=\"- Hvis m\u00e5let er livslang kj\u00e6rlighet, b\u00f8r denne ene tingen v\u00e6re p\u00e5 agendaen\" alt=\"\" class=\"lazyload\" style=\"--aspect-ratio-image: 2.22; \"\/><\/p>\n<p>        &#8211; Hvis m\u00e5let er livslang kj\u00e6rlighet, b\u00f8r denne ene tingen v\u00e6re p\u00e5 agendaen <\/p>\n<p>    <\/a><\/p>\n<p>Stor interesse\t<\/p>\n<p>Med under intervjuet er datteren Ida, som styrer farens sosiale medier. Hun holder seg mest i bakgrunnen men kommer n\u00e5 og da med hum\u00f8rfylte korreksjoner.\u00a0<\/p>\n<p>Lothes faste f\u00f8lgesvenn, kaffekoppen, er ogs\u00e5 p\u00e5 plass n\u00e5r han snakker med KK p\u00e5 en pub midt i Oslo sentrum. Han er tung i \u00f8yelokka og gruer seg litt til \u00e5 kj\u00f8re de 5-6 timene hjem igjen, til Odda. Men der, i dalf\u00f8ra innenfor, ligger ogs\u00e5 hans eget kongerike: Campingplassen, med noe s\u00e5 eksotisk som ei nybygd stavkirke i sentrum.\u00a0<\/p>\n<p>Etter \u00e5pningen i sommer har interessen og tilstr\u00f8mningen v\u00e6rt stor, men det er mye jobb, konstaterer Lothe, og sier at det er mange krefter i sving for at tannhjulet skal fungere. 56-\u00e5ringen sier han gjerne vil hjelpe arbeidslystne unge ut i jobb, og i boken gir han ogs\u00e5 r\u00e5d om hvordan man b\u00f8r te seg p\u00e5 jobbintervju.<\/p>\n<p>\u2013 Jeg har ansatt folk som har skrytt p\u00e5 seg b\u00e5de murer-erfaring og kunnskap om hvordan man h\u00e5ndterer store maskiner. S\u00e5 viser det seg at de har solgt seg litt vel voldsomt inn. Da er det mye bedre \u00e5 si det som det er \u2013 at du ikke kan alt, men at du har lyst til \u00e5 l\u00e6re. Det kommer du mye lenger med.<\/p>\n<p>Han sier ogs\u00e5, mens han skotter bort p\u00e5 datteren som ble kjent over natten da hun og faren medvirket sammen i programmet \u201cF\u00f8rst til verdens ende\u201d: <\/p>\n<p>En ting som ogs\u00e5 har skjedd, er at det kommer unge menn til gards og \u00f8nsker seg jobb for \u00e5 komme n\u00e6r Ida. Ja, de sier rett og slett: \u201cHun datteren din er fin\u201d. Jeg luker dem ut, ganske enkelt, det f\u00e5r n\u00e5 v\u00e6re m\u00e5te p\u00e5.\u00a0<\/p>\n<p>    <a itemprop=\"url\" href=\"https:\/\/www.kk.no\/underholdning\/fikk-beskjed-om-a-ikke-forlate-landet\/83720069\" rel=\"nofollow noopener\" target=\"_blank\"><\/p>\n<p>      <img loading=\"lazy\" decoding=\"async\" src=\"https:\/\/www.europesays.com\/no\/wp-content\/uploads\/2025\/10\/83723067.webp\" width=\"980\" height=\"441\" title=\"- Fikk beskjed om \u00e5 ikke forlate landet\" alt=\"\" class=\"lazyload\" style=\"--aspect-ratio-image: 2.22; \"\/><\/p>\n<p>        &#8211; Fikk beskjed om \u00e5 ikke forlate landet<\/p>\n<p>    <\/a><\/p>\n<p>          <img loading=\"lazy\" decoding=\"async\" src=\"https:\/\/www.europesays.com\/no\/wp-content\/uploads\/2025\/10\/83731622.webp\" width=\"686\" height=\"385\" title=\"Leif Einar Lothe har tidligere v\u00e6rt aktuell med biografien \u201cG\u00e5r det til helvete, s\u00e5 g\u00e5r det til helvete\u201d, skrevet av Finn Tokvam. N\u00e5 slipper han en selvhjelpsbok, f\u00f8rt i pennen av journalist Heidi Molstad Andresen. FOTO: Samlaget\" alt=\"\" class=\"\" style=\"--aspect-ratio-image: 1.78; \"\/><\/p>\n<p>\n          Leif Einar Lothe har tidligere v\u00e6rt aktuell med biografien \u201cG\u00e5r det til helvete, s\u00e5 g\u00e5r det til helvete\u201d, skrevet av Finn Tokvam. N\u00e5 slipper han en selvhjelpsbok, f\u00f8rt i pennen av journalist Heidi Molstad Andresen. FOTO: Samlaget\n      <\/p>\n<p>F\u00f8lg hjertet!\t<\/p>\n<p>Leif Einar Lothe framst\u00e5r ellers ganske raus p\u00e5 unge menns vegner, der han r\u00e5der dem til \u00e5 f\u00f8lge hjertet sitt n\u00e5r de skal finne seg et levebr\u00f8d.\u00a0<\/p>\n<p>\u00a0\u2013 Menn i dag virker mer opptatt av \u00e5 ta seg ut, tjene penger og f\u00f8lge trender. Jeg mener du heller b\u00f8r f\u00f8lge hjertet.<\/p>\n<p>P\u00e5 sp\u00f8rsm\u00e5l om barn og familie ogs\u00e5 er berikende, svarer han kjapt.\u00a0<\/p>\n<p>&#8211; Ja, selvf\u00f8lgelig. Selv om jeg m\u00e5 innr\u00f8mme at jeg aldri har skiftet en bleie i hele mitt liv, men den vr\u00e6linga p\u00e5 natta, der kan far godt stille opp og stappe inn en smokk. For meg er det naturlig at mor er hovedomsorgspersonen de f\u00f8rste \u00e5rene av ungenes liv, det handler om biologi, de har faktisk matfatet med seg. En mor og en baby er en slags enhet. Men i ten\u00e5ringsfasen, da er far viktig.\u00a0<\/p>\n<p>Ida melder seg litt p\u00e5 i samtalen og sier det er bedre \u00e5 v\u00e6re to, s\u00e5nn at mor kan f\u00e5 en pause. Lothe nikker, og ser poenget.<\/p>\n<p>\u00a0\u201cS\u00e5 feminismen har v\u00e6rt bra?\u201d fortsetter hun litt ertende, mens far Lothe himler lett med \u00f8ynene.\u00a0<\/p>\n<p class=\"font-weight-bold m-font-weight-bold\" data-lab-font_weight=\"font-weight-bold\">&#8211; Feminisme meg her, og feminisme meg der. Joda, lik l\u00f8nn og alt det der st\u00f8tter jeg jo. Jeg ser heller ikke poenget med den tradwife-trenden, kvinnfolka m\u00e5 komme seg ut av hjemmet de ogs\u00e5.\u00a0<\/p>\n<p>&#8211; Det er godt for alle \u00e5 ha noe \u00e5 styre med utenfor de fire veggene, alle trenger det. Men kj\u00f8nnene synes \u00e5 ha blitt litt likere hverandre, og jeg ser ikke helt hva det skal v\u00e6re godt for.<\/p>\n","protected":false},"excerpt":{"rendered":"Skytebas, entrepren\u00f8r, musiker, TV-profil, campingplass-driver og stavkirke-entusiast. Kj\u00e6rt barn har mange navn, og n\u00e5 debuterer hardingen Leif Einar&hellip;\n","protected":false},"author":2,"featured_media":65943,"comment_status":"","ping_status":"","sticky":false,"template":"","format":"standard","meta":{"footnotes":""},"categories":[10],"tags":[20,21,9467,24,25,9466,15,22,23,5402,4016,5414,13,30,28,29,14,16,26,27],"class_list":{"0":"post-65942","1":"post","2":"type-post","3":"status-publish","4":"format-standard","5":"has-post-thumbnail","7":"category-norge","8":"tag-breaking-news","9":"tag-breakingnews","10":"tag-farmen-kjendis","11":"tag-featured-news","12":"tag-featurednews","13":"tag-fjorden-cowboys","14":"tag-headlines","15":"tag-latest-news","16":"tag-latestnews","17":"tag-leif-einar-lothe","18":"tag-livet","19":"tag-lothepus","20":"tag-news","21":"tag-no","22":"tag-norge","23":"tag-norway","24":"tag-nyheter","25":"tag-overskrifter","26":"tag-top-stories","27":"tag-topstories"},"share_on_mastodon":{"url":"","error":""},"_links":{"self":[{"href":"https:\/\/www.europesays.com\/no\/wp-json\/wp\/v2\/posts\/65942","targetHints":{"allow":["GET"]}}],"collection":[{"href":"https:\/\/www.europesays.com\/no\/wp-json\/wp\/v2\/posts"}],"about":[{"href":"https:\/\/www.europesays.com\/no\/wp-json\/wp\/v2\/types\/post"}],"author":[{"embeddable":true,"href":"https:\/\/www.europesays.com\/no\/wp-json\/wp\/v2\/users\/2"}],"replies":[{"embeddable":true,"href":"https:\/\/www.europesays.com\/no\/wp-json\/wp\/v2\/comments?post=65942"}],"version-history":[{"count":0,"href":"https:\/\/www.europesays.com\/no\/wp-json\/wp\/v2\/posts\/65942\/revisions"}],"wp:featuredmedia":[{"embeddable":true,"href":"https:\/\/www.europesays.com\/no\/wp-json\/wp\/v2\/media\/65943"}],"wp:attachment":[{"href":"https:\/\/www.europesays.com\/no\/wp-json\/wp\/v2\/media?parent=65942"}],"wp:term":[{"taxonomy":"category","embeddable":true,"href":"https:\/\/www.europesays.com\/no\/wp-json\/wp\/v2\/categories?post=65942"},{"taxonomy":"post_tag","embeddable":true,"href":"https:\/\/www.europesays.com\/no\/wp-json\/wp\/v2\/tags?post=65942"}],"curies":[{"name":"wp","href":"https:\/\/api.w.org\/{rel}","templated":true}]}}