{"id":66018,"date":"2025-10-21T08:58:56","date_gmt":"2025-10-21T08:58:56","guid":{"rendered":"https:\/\/www.europesays.com\/no\/66018\/"},"modified":"2025-10-21T08:58:56","modified_gmt":"2025-10-21T08:58:56","slug":"sam-rivers-er-dod","status":"publish","type":"post","link":"https:\/\/www.europesays.com\/no\/66018\/","title":{"rendered":"Sam Rivers er d\u00f8d"},"content":{"rendered":"<p>  Skuespiller Jan Frostad har g\u00e5tt bort etter kort tids sykdom.\u00a0<\/p>\n<p>\n    D\u00d8D: Skuespiller Jan Frostad er d\u00f8d. Han ble 75 \u00e5r gammel. Foto: Tr\u00f8ndelag Teater, brukt med tillatelse\n  <\/p>\n<p>Den bergenske og profilerte skuespilleren Jan Frostad d\u00f8de i Trondheim etter kort tids sykdom mandag 20. oktober. Han ble 75 \u00e5r gammel.\u00a0<\/p>\n<p>Det bekrefter s\u00f8nnen\u00a0Gard Frostad Knudstad til Dagbladet.<\/p>\n<p>I l\u00f8pet av skuespillerkarrieren har Frostad medvirket i over 150 produksjoner, alt fra teater, radioteater, fjernsynsteateret, film og TV-serier.<\/p>\n<p>          <img loading=\"lazy\" decoding=\"async\" src=\"https:\/\/www.europesays.com\/no\/wp-content\/uploads\/2025\/10\/83749853.webp\" width=\"686\" height=\"460\" title=\"SKUESPILLER: Jan Frostad medvirket i over 150 produksjoner gjennom skuespillerkarrieren. Foto: Tr\u00f8ndelag Teater, brukt med tillatelse\" alt=\"\" class=\"\" style=\"--aspect-ratio-image: 1.49; \"\/><\/p>\n<p>\n          SKUESPILLER: Jan Frostad medvirket i over 150 produksjoner gjennom skuespillerkarrieren. Foto: Tr\u00f8ndelag Teater, brukt med tillatelse\n      <\/p>\n<p>Overfor Dagbladet hyller Frostads eldste s\u00f8nn, Gard, faren:\u00a0<\/p>\n<p class=\"font-weight-bold m-font-weight-bold\" data-lab-font_weight=\"font-weight-bold\">&#8211; Han etterlater seg et stort tomrom i teaterverden. I 2017 pensjonerte han seg, og hans siste rolle var samme \u00e5r p\u00e5 Tr\u00f8ndelag teater i \u00abRobin Hood\u00bb. Han har ogs\u00e5 medvirket i filmen \u00abKongens nei\u00bb, sier han til Dagbladet.<\/p>\n<p> S\u00f8nnen forteller om en oppvekst i kulissene p\u00e5 teateret. <\/p>\n<p>&#8211; Vi vokste opp med en far p\u00e5 teateret. Vi var med i kulissene, kjente sagmuggen og fikk m\u00f8te andre store skuespillere fra 70- til 90-tallet. To av oss barna har ogs\u00e5 blitt skuespillere, meg og en annen s\u00f8nn.\u00a0<\/p>\n<p>Frostad d\u00f8de etter kort tids sykdom og etterlater seg seks barn.\u00a0<\/p>\n<p class=\"font-weight-bold m-font-weight-bold\" data-lab-font_weight=\"font-weight-bold\">&#8211; Han har betydd mye for oss som far. Vi er i dyp sorg og knust for denne nyheten. Han var elsket av b\u00e5de publikum og familien, avslutter Gard.\u00a0<\/p>\n","protected":false},"excerpt":{"rendered":"Skuespiller Jan Frostad har g\u00e5tt bort etter kort tids sykdom.\u00a0 D\u00d8D: Skuespiller Jan Frostad er d\u00f8d. Han ble&hellip;\n","protected":false},"author":2,"featured_media":66019,"comment_status":"","ping_status":"","sticky":false,"template":"","format":"standard","meta":{"footnotes":""},"categories":[58],"tags":[71,479,9473,30,28,29,72],"class_list":{"0":"post-66018","1":"post","2":"type-post","3":"status-publish","4":"format-standard","5":"has-post-thumbnail","7":"category-underholdning","8":"tag-entertainment","9":"tag-kjendis","10":"tag-limp-bizkit","11":"tag-no","12":"tag-norge","13":"tag-norway","14":"tag-underholdning"},"share_on_mastodon":{"url":"","error":""},"_links":{"self":[{"href":"https:\/\/www.europesays.com\/no\/wp-json\/wp\/v2\/posts\/66018","targetHints":{"allow":["GET"]}}],"collection":[{"href":"https:\/\/www.europesays.com\/no\/wp-json\/wp\/v2\/posts"}],"about":[{"href":"https:\/\/www.europesays.com\/no\/wp-json\/wp\/v2\/types\/post"}],"author":[{"embeddable":true,"href":"https:\/\/www.europesays.com\/no\/wp-json\/wp\/v2\/users\/2"}],"replies":[{"embeddable":true,"href":"https:\/\/www.europesays.com\/no\/wp-json\/wp\/v2\/comments?post=66018"}],"version-history":[{"count":0,"href":"https:\/\/www.europesays.com\/no\/wp-json\/wp\/v2\/posts\/66018\/revisions"}],"wp:featuredmedia":[{"embeddable":true,"href":"https:\/\/www.europesays.com\/no\/wp-json\/wp\/v2\/media\/66019"}],"wp:attachment":[{"href":"https:\/\/www.europesays.com\/no\/wp-json\/wp\/v2\/media?parent=66018"}],"wp:term":[{"taxonomy":"category","embeddable":true,"href":"https:\/\/www.europesays.com\/no\/wp-json\/wp\/v2\/categories?post=66018"},{"taxonomy":"post_tag","embeddable":true,"href":"https:\/\/www.europesays.com\/no\/wp-json\/wp\/v2\/tags?post=66018"}],"curies":[{"name":"wp","href":"https:\/\/api.w.org\/{rel}","templated":true}]}}