{"id":66109,"date":"2025-10-21T10:32:14","date_gmt":"2025-10-21T10:32:14","guid":{"rendered":"https:\/\/www.europesays.com\/no\/66109\/"},"modified":"2025-10-21T10:32:14","modified_gmt":"2025-10-21T10:32:14","slug":"demokratene-blokkerte-republikanernes-budsjettforslag-for-ellevte-gang","status":"publish","type":"post","link":"https:\/\/www.europesays.com\/no\/66109\/","title":{"rendered":"Demokratene blokkerte republikanernes budsjettforslag for ellevte gang"},"content":{"rendered":"\n<p class=\"_lead_o9xde_2 _lead_xtcu6_50 layout-component text-serif-m layout-normal text-serif-l layout-component layout-wide layout-padded _wide_17hqh_1 layout-padded\">Den amerikanske kongressen st\u00e5r fortsatt uten budsjettavtale idet nedstengningen av statsapparatet g\u00e5r inn i sin fjerde uke. <\/p>\n<p><img alt=\"Et forslag som kunne f\u00e5tt slutt p\u00e5 nedstengingen i USA, fikk ikke nok stemmer i Senatet til \u00e5 bli vedtatt mandag.  Foto: J. Scott Applewhite \/ AP \/ NTB\" class=\"_image_qp4xg_65 layout-component layout-wide\" data-fullscreen- data-track-element-type=\"Article image fullscreen\" data-track-name=\"ImageFullscreen\" fetchpriority=\"high\" decoding=\"sync\" loading=\"eager\" height=\"3744\" itemprop=\"image\"  src=\"https:\/\/www.europesays.com\/no\/wp-content\/uploads\/2025\/10\/90e8fbdb-6fe2-4eef-8d37-cc0b84359b6d\"  style=\"object-position:0% 0%\" width=\"5616\"\/>Et forslag som kunne f\u00e5tt slutt p\u00e5 nedstengingen i USA, fikk ikke nok stemmer i Senatet til \u00e5 bli vedtatt mandag.  Foto: J. Scott Applewhite \/ AP \/ NTB<\/p>\n<ul aria-hidden=\"true\" class=\"_images_18f0k_111\">\n<li><a class=\"_link_18f0k_116\" href=\"https:\/\/www.vg.no\/forfatter\/ntb\" style=\"z-index:1\" title=\"NTB\" rel=\"nofollow noopener\" target=\"_blank\"><img alt=\"Bilde av NTB\" class=\"_image_18f0k_93\" fetchpriority=\"low\" loading=\"lazy\" decoding=\"async\" itemprop=\"image\"  src=\"https:\/\/www.europesays.com\/no\/wp-content\/uploads\/2025\/10\/1761042734_595_c33980b0-5d07-4027-84a1-813f90a7c8d6\"  width=\"480\"\/><\/a><\/li>\n<\/ul>\n<p> Oppdatert tirsdag 21. oktober kl. 02:41     <\/p>\n<p class=\"_paragraph_o9xde_4 _paragraph_xtcu6_10 layout-component text-serif-m layout-normal text-serif-m layout-padded\">For ellevte gang har Demokratene i Senatet stemt mot Republikanernes forslag om \u00e5 gjen\u00e5pne statsapparatet, <a href=\"https:\/\/www.foxnews.com\/politics\/senate-dems-emboldened-weekend-rallies-block-gop-plan-end-shutdown-11th-time\" class=\"_link_o9xde_39\" rel=\"nofollow noopener\" target=\"_blank\">melder Fox News<\/a>.<\/p>\n<p class=\"_paragraph_o9xde_4 _paragraph_xtcu6_10 layout-component text-serif-m layout-normal text-serif-m layout-padded\">Republikanerne, ledet av senatsleder John Thune fra S\u00f8r-Dakota, hadde h\u00e5pet at Demokratene ville endre holdning etter helgens landsomfattende \u00abNo Kings\u00bb-markeringer mot Donald Trump. <\/p>\n<p class=\"_paragraph_o9xde_4 _paragraph_xtcu6_10 layout-component text-serif-m layout-normal text-serif-m layout-padded\">I stedet stemte Demokratene, med senatsleder Chuck Schumer i spissen, igjen imot.<\/p>\n<p class=\"_paragraph_o9xde_4 _paragraph_xtcu6_10 layout-component text-serif-m layout-normal text-serif-m layout-padded\">Demokratene nekter \u00e5 godkjenne Trumps budsjettforslag uten at helseforsikringsst\u00f8tten i Obamacare forlenges.<\/p>\n<p class=\"_paragraph_o9xde_4 _paragraph_xtcu6_10 layout-component text-serif-m layout-normal text-serif-m layout-padded\">\u2013 Hva slags parti er dette republikanske partiet som er uvillig til \u00e5 l\u00f8se et problem som skremmer amerikanere fra kyst til kyst? sa Schumer. <\/p>\n<p class=\"_paragraph_o9xde_4 _paragraph_xtcu6_10 layout-component text-serif-m layout-normal text-serif-m layout-padded\">\u2013 De gj\u00f8r ingenting. De er p\u00e5 ferie. Det er uakseptabelt og moralsk frast\u00f8tende, sa han videre.<\/p>\n","protected":false},"excerpt":{"rendered":"Den amerikanske kongressen st\u00e5r fortsatt uten budsjettavtale idet nedstengningen av statsapparatet g\u00e5r inn i sin fjerde uke. Et&hellip;\n","protected":false},"author":2,"featured_media":66110,"comment_status":"","ping_status":"","sticky":false,"template":"","format":"standard","meta":{"footnotes":""},"categories":[12],"tags":[20,21,55,24,25,15,22,23,13,30,28,29,14,16,26,27,50,42,43,44,45],"class_list":{"0":"post-66109","1":"post","2":"type-post","3":"status-publish","4":"format-standard","5":"has-post-thumbnail","7":"category-verden","8":"tag-breaking-news","9":"tag-breakingnews","10":"tag-donald-trump","11":"tag-featured-news","12":"tag-featurednews","13":"tag-headlines","14":"tag-latest-news","15":"tag-latestnews","16":"tag-news","17":"tag-no","18":"tag-norge","19":"tag-norway","20":"tag-nyheter","21":"tag-overskrifter","22":"tag-top-stories","23":"tag-topstories","24":"tag-usa","25":"tag-verden","26":"tag-world","27":"tag-world-news","28":"tag-worldnews"},"share_on_mastodon":{"url":"","error":""},"_links":{"self":[{"href":"https:\/\/www.europesays.com\/no\/wp-json\/wp\/v2\/posts\/66109","targetHints":{"allow":["GET"]}}],"collection":[{"href":"https:\/\/www.europesays.com\/no\/wp-json\/wp\/v2\/posts"}],"about":[{"href":"https:\/\/www.europesays.com\/no\/wp-json\/wp\/v2\/types\/post"}],"author":[{"embeddable":true,"href":"https:\/\/www.europesays.com\/no\/wp-json\/wp\/v2\/users\/2"}],"replies":[{"embeddable":true,"href":"https:\/\/www.europesays.com\/no\/wp-json\/wp\/v2\/comments?post=66109"}],"version-history":[{"count":0,"href":"https:\/\/www.europesays.com\/no\/wp-json\/wp\/v2\/posts\/66109\/revisions"}],"wp:featuredmedia":[{"embeddable":true,"href":"https:\/\/www.europesays.com\/no\/wp-json\/wp\/v2\/media\/66110"}],"wp:attachment":[{"href":"https:\/\/www.europesays.com\/no\/wp-json\/wp\/v2\/media?parent=66109"}],"wp:term":[{"taxonomy":"category","embeddable":true,"href":"https:\/\/www.europesays.com\/no\/wp-json\/wp\/v2\/categories?post=66109"},{"taxonomy":"post_tag","embeddable":true,"href":"https:\/\/www.europesays.com\/no\/wp-json\/wp\/v2\/tags?post=66109"}],"curies":[{"name":"wp","href":"https:\/\/api.w.org\/{rel}","templated":true}]}}