{"id":66111,"date":"2025-10-21T10:33:10","date_gmt":"2025-10-21T10:33:10","guid":{"rendered":"https:\/\/www.europesays.com\/no\/66111\/"},"modified":"2025-10-21T10:33:10","modified_gmt":"2025-10-21T10:33:10","slug":"e18-mellom-hovik-og-lysaker-snevres-inn-i-helgen","status":"publish","type":"post","link":"https:\/\/www.europesays.com\/no\/66111\/","title":{"rendered":"E18 mellom H\u00f8vik og Lysaker snevres inn i helgen"},"content":{"rendered":"\n<p class=\"_lead_o9xde_2 _lead_xtcu6_50 layout-component text-serif-m layout-normal text-serif-l layout-component layout-wide layout-padded _wide_17hqh_1 layout-padded\">E18 i B\u00e6rum blir snevret inn i helgen. Det kan by p\u00e5 skikkelig trafikk\u00adtr\u00f8bbel.<\/p>\n<p><img alt=\"Slik s\u00e5 det ut ved H\u00f8vik en tilfeldig dag i 2024. Foto: Hallgeir V\u00e5genes \/ VG\" class=\"_image_qp4xg_65 layout-component layout-wide\" data-fullscreen- data-track-element-type=\"Article image fullscreen\" data-track-name=\"ImageFullscreen\" fetchpriority=\"high\" decoding=\"sync\" loading=\"eager\" height=\"2656\" itemprop=\"image\"  src=\"https:\/\/www.europesays.com\/no\/wp-content\/uploads\/2025\/10\/6623d35b-827e-4e8d-bf5b-b94d16aa3fd8\"  style=\"object-position:0% 0%\" width=\"3984\"\/>Slik s\u00e5 det ut ved H\u00f8vik en tilfeldig dag i 2024. Foto: Hallgeir V\u00e5genes \/ VG<\/p>\n<ul aria-hidden=\"true\" class=\"_images_18f0k_111\">\n<li><a class=\"_link_18f0k_116\" href=\"https:\/\/www.vg.no\/forfatter\/vilde-elgaaen\" style=\"z-index:1\" title=\"Vilde Elgaaen\" rel=\"nofollow noopener\" target=\"_blank\"><img alt=\"Bilde av Vilde Elgaaen\" class=\"_image_18f0k_93\" fetchpriority=\"low\" loading=\"lazy\" decoding=\"async\" itemprop=\"image\"  src=\"https:\/\/www.europesays.com\/no\/wp-content\/uploads\/2025\/10\/1761042788_62_d7abc11e-e453-4b15-b473-933209ff5fea\"  width=\"480\"\/><\/a><\/li>\n<\/ul>\n<p> Oppdatert tirsdag 21. oktober kl. 12:11     <\/p>\n<p class=\"_paragraph_o9xde_4 _paragraph_xtcu6_10 layout-component text-serif-m layout-normal text-serif-m layout-padded\">Anleggsarbeid p\u00e5 E18 mellom H\u00f8vik og Lysaker vil gi ekstra lange k\u00f8er, advarer <a href=\"https:\/\/www.vg.no\/tag\/statens-vegvesen?utm_source=vg-article&amp;utm_medium=auto-tagger&amp;utm_campaign=mPGrGq\" class=\"_link_o9xde_39\" rel=\"nofollow noopener\" target=\"_blank\">Statens vegvesen<\/a> tirsdag.<\/p>\n<p class=\"_paragraph_o9xde_4 _paragraph_xtcu6_10 layout-component text-serif-m layout-normal text-serif-m layout-padded\">De skal nemlig i helgen jobbe med \u00e5 rive dagens midtdeler, st\u00f8pe en ny, samt asfaltere og flytte E18-tras\u00e9en ved Fornebukrysset.<\/p>\n<p class=\"_paragraph_o9xde_4 _paragraph_xtcu6_10 layout-component text-serif-m layout-normal text-serif-m layout-padded\">\u2013 Det vil bli lengre k\u00f8er mens arbeidene p\u00e5g\u00e5r. Vi oppfordrer alle til \u00e5 velge alternativ transport, vurdere om det er mulig \u00e5 legge reisen til et annet tidspunkt, og beregne god tid, sier Kjetil Fl\u00f8tre, prosjektleder for delprosjektet E18 Fornebukrysset \u2013 Strand i Statens vegvesen.<\/p>\n<p>Aktiver kart<\/p>\n<p class=\"_paragraph_o9xde_4 _paragraph_xtcu6_10 layout-component text-serif-m layout-normal text-serif-m layout-padded\">Arbeidet er del av nye E18, hvor det uttalte m\u00e5let til Statens vegvesen er bedre oversikt og trafikkflyt i Fornebukrysset. <\/p>\n<p class=\"_paragraph_o9xde_4 _paragraph_xtcu6_10 layout-component text-serif-m layout-normal text-serif-m layout-padded\">Anleggsarbeidet vil g\u00e5 over flere helger den neste m\u00e5neden.<\/p>\n<p class=\"_paragraph_o9xde_4 _paragraph_xtcu6_10 layout-component text-serif-m layout-normal text-serif-m layout-padded\">Avkj\u00f8ringene fra E18 i \u00f8stg\u00e5ende retning mot Oslo i Fornebukrysset vil v\u00e6re stengt mens arbeidene p\u00e5g\u00e5r.<\/p>\n<p class=\"_paragraph_o9xde_4 _paragraph_xtcu6_10 layout-component text-serif-m layout-normal text-serif-m layout-padded\">Omkj\u00f8ring blir skiltet via V\u00e6ker\u00f8 for alle som skal fra E18 til Fornebu, Ring 3 Smestad og Lysaker.<\/p>\n<p class=\"_paragraph_o9xde_4 _paragraph_xtcu6_10 layout-component text-serif-m layout-normal text-serif-m layout-padded\">Statens vegvesen oppfordrer til \u00e5 velge andre reisem\u00e5ter og planlegge reiser utenom tidspunktene for anleggsarbeidene.<\/p>\n<p>    <img decoding=\"async\" alt=\"Tips oss illustrasjon\" width=\"62px\" height=\"auto\" src=\"https:\/\/www.europesays.com\/no\/wp-content\/uploads\/2025\/08\/1754784428_95_W9avJzE.png\"\/>    <\/p>\n<p class=\"title-serif-s\">Har du tips til oss?<\/p>\n<p class=\"text-sans-m\">Send oss informasjon, bilder eller video<\/p>\n<p>  <a href=\"https:\/\/www.vg.no\/tips-oss\" rel=\"nofollow noopener\" target=\"_blank\"> Tips oss <\/a>      <\/p>\n","protected":false},"excerpt":{"rendered":"E18 i B\u00e6rum blir snevret inn i helgen. Det kan by p\u00e5 skikkelig trafikk\u00adtr\u00f8bbel. Slik s\u00e5 det ut&hellip;\n","protected":false},"author":2,"featured_media":66112,"comment_status":"","ping_status":"","sticky":false,"template":"","format":"standard","meta":{"footnotes":""},"categories":[10],"tags":[31,20,21,940,24,25,15,22,23,13,30,28,29,14,16,1899,26,27,224],"class_list":{"0":"post-66111","1":"post","2":"type-post","3":"status-publish","4":"format-standard","5":"has-post-thumbnail","7":"category-norge","8":"tag-breaking","9":"tag-breaking-news","10":"tag-breakingnews","11":"tag-e18","12":"tag-featured-news","13":"tag-featurednews","14":"tag-headlines","15":"tag-latest-news","16":"tag-latestnews","17":"tag-news","18":"tag-no","19":"tag-norge","20":"tag-norway","21":"tag-nyheter","22":"tag-overskrifter","23":"tag-statens-vegvesen","24":"tag-top-stories","25":"tag-topstories","26":"tag-trafikk"},"share_on_mastodon":{"url":"","error":""},"_links":{"self":[{"href":"https:\/\/www.europesays.com\/no\/wp-json\/wp\/v2\/posts\/66111","targetHints":{"allow":["GET"]}}],"collection":[{"href":"https:\/\/www.europesays.com\/no\/wp-json\/wp\/v2\/posts"}],"about":[{"href":"https:\/\/www.europesays.com\/no\/wp-json\/wp\/v2\/types\/post"}],"author":[{"embeddable":true,"href":"https:\/\/www.europesays.com\/no\/wp-json\/wp\/v2\/users\/2"}],"replies":[{"embeddable":true,"href":"https:\/\/www.europesays.com\/no\/wp-json\/wp\/v2\/comments?post=66111"}],"version-history":[{"count":0,"href":"https:\/\/www.europesays.com\/no\/wp-json\/wp\/v2\/posts\/66111\/revisions"}],"wp:featuredmedia":[{"embeddable":true,"href":"https:\/\/www.europesays.com\/no\/wp-json\/wp\/v2\/media\/66112"}],"wp:attachment":[{"href":"https:\/\/www.europesays.com\/no\/wp-json\/wp\/v2\/media?parent=66111"}],"wp:term":[{"taxonomy":"category","embeddable":true,"href":"https:\/\/www.europesays.com\/no\/wp-json\/wp\/v2\/categories?post=66111"},{"taxonomy":"post_tag","embeddable":true,"href":"https:\/\/www.europesays.com\/no\/wp-json\/wp\/v2\/tags?post=66111"}],"curies":[{"name":"wp","href":"https:\/\/api.w.org\/{rel}","templated":true}]}}