{"id":66117,"date":"2025-10-21T10:40:10","date_gmt":"2025-10-21T10:40:10","guid":{"rendered":"https:\/\/www.europesays.com\/no\/66117\/"},"modified":"2025-10-21T10:40:10","modified_gmt":"2025-10-21T10:40:10","slug":"krim-nygardsparken-anklages-for-falsk-forklaring-jeg-har-ikke-provd-a-lyge","status":"publish","type":"post","link":"https:\/\/www.europesays.com\/no\/66117\/","title":{"rendered":"Krim, Nyg\u00e5rdsparken | Anklages for falsk forklaring: \u2013 Jeg har ikke pr\u00f8vd \u00e5 lyge"},"content":{"rendered":"\n<p>I september 2024 leverte Hamse Ali en anmeldelse til politiet.<\/p>\n<p>Han hevdet at han var blitt banket opp av seks hvite, fremmede menn i Nyg\u00e5rdsparken \u2013 og at han ble kalt \u00abj\u00e6vla svarting\u00bb.<\/p>\n<p>Det skjedde midt p\u00e5 natten, helt ut av det bl\u00e5, da han var alene og p\u00e5 vei hjem fra festlig lag med noen venner, fortalte han.<\/p>\n<p><a rel=\"Follow nofollow noopener\" href=\"https:\/\/www.ba.no\/han-ble-grisebanket-pa-vei-hjem-fra-byen-de-kalte-meg-javla-svarting\/s\/5-8-2754879\" target=\"_blank\">B\u00e5de BA og BT skrev om hans historie<\/a>. Saken skapte harme i Bergen. Folk fant seg ikke i rasistisk motivert vold, <a rel=\"Follow nofollow noopener\" href=\"https:\/\/www.ba.no\/mohlenpris-mot-rasisme-det-som-skjedde-i-nygardsparken-finner-vi-oss-ikke-i\/s\/5-8-2767746\" target=\"_blank\">og slo ring om Ali.<\/a><\/p>\n<p>S\u00e5 kom politiet frem til at hans historie ikke kan stemme. <a rel=\"Follow nofollow noopener\" href=\"https:\/\/www.ba.no\/hamse-ali-tiltalt-for-uriktig-forklaring\/s\/5-8-2940327\" target=\"_blank\">Ali ble selv tiltalt for uriktig forklaring.<\/a><\/p>\n<p><b>\u2013 Jeg har ikke pr\u00f8vd \u00e5 lyge, sier Hamse Ali selv.<\/b><\/p>\n<p>\u2013 Jeg er ikke skyldig<\/p>\n<p>Tirsdag startet rettssaken i Hordaland tingrett.<\/p>\n<p>Ali svarte \u00abnei, jeg er ikke skyldig\u00bb p\u00e5 dommerens sp\u00f8rsm\u00e5l om han erkjenner straffskyld. Han st\u00e5r fremdeles fast ved sin forklaring.<\/p>\n<p>I retten gjentok han forklaringen om at han ble overfalt i Nyg\u00e5rdsparken.<\/p>\n<p>   <img decoding=\"async\" width=\"4128\" height=\"2752\" fetchpriority=\"low\"  loading=\"lazy\"  src=\"https:\/\/www.europesays.com\/no\/wp-content\/uploads\/2025\/10\/SE1_4123.JPG\" alt=\"\" class=\"brick-c-cFOWSL\" style=\"--brick-image-ratio: 4128 \/ 2752;\"\/><\/p>\n<p>    Alis forsvarer, Anette Vangsnes Askevold.<br \/>\n    Foto: Skjalg Ekeland\n  <\/p>\n<p>Ali sa at han ikke husket hele hendelsesforl\u00f8pet like detaljert som da han snakket med politiet og media for et dr\u00f8yt \u00e5r siden.<\/p>\n<p>\u2013 Men det er ett bilde som sitter fast i hodet: At jeg m\u00f8tte p\u00e5 noen folk i Nyg\u00e5rdsparken, som kom med noen kommentarer jeg reagerte p\u00e5. S\u00e5 f\u00e5r jeg f\u00f8rste slag i bakhodet, sa han.<\/p>\n<p>Tydelige skader<\/p>\n<p>Da Ali opps\u00f8kte legevakten s\u00f8ndag 22. september 2024, fikk han p\u00e5vist en rekke stygge skader. Hjernerystelse, fire utsl\u00e5tte tenner, en knekt nese og kuttskader i ansiktet.<\/p>\n<p>\u2013 Da jeg s\u00e5 meg i speilet f\u00f8rste gang, tenkte jeg \u00aboi, jeg ser ikke ut\u00bb, sa tiltalte i retten.<\/p>\n<p>   <img decoding=\"async\" width=\"692\" height=\"839\" fetchpriority=\"low\"  loading=\"lazy\"  src=\"https:\/\/www.europesays.com\/no\/wp-content\/uploads\/2025\/10\/Bilde1_1.jpg\" alt=\"\" class=\"brick-c-cFOWSL\" style=\"--brick-image-ratio: 692 \/ 839;\"\/><\/p>\n<p>    Noen av skadene Hamse Ali p\u00e5dro seg.<br \/>\n    Foto: Privat.\n  <\/p>\n<p>Han snakket med politiet p\u00e5 legevakten samme kveld. Politiet fikk h\u00f8re at han hadde f\u00e5tt bank, og dro til det utpekte \u00e5stedet for \u00e5 gj\u00f8re unders\u00f8kelser. De fant ingen spor etter gjerningspersoner, og henla saken raskt.<\/p>\n<p><b>Aktor konfronterte 26-\u00e5ringen med at han ikke sa noe om rasistiske utsagn p\u00e5 legevakten. Det fortalte han til politiet f\u00f8rst to dager senere.<\/b><\/p>\n<p>\u2013 Jeg trodde jeg hadde sagt det. Men p\u00e5 legevakten var jeg ganske rystet, forklarte tiltalte.<\/p>\n<p>Lokalmilj\u00f8et p\u00e5 M\u00f8hlenpris, byens politikere og en rekke andre bergensere reagerte p\u00e5 henleggelsen. Politiet gjenopptok derfor saken 30. september.<\/p>\n<p>8. oktober var Hamse Ali i sitt f\u00f8rste formelle avh\u00f8r. S\u00e5 ble tekniske spor hentet inn fra hans mobiltelefon.<\/p>\n<p>\u2013 Mest sannsynlig et trafikkuhell<\/p>\n<p>I dag er aktor Per \u00d8yvind Valland <a rel=\"Follow nofollow noopener\" href=\"https:\/\/www.ba.no\/mann-26-anmeldte-rasistisk-vold-i-nygardsparken-ekspert-har-vurdert-om-minnene-kan-vare-falske\/s\/5-8-3194919\" target=\"_blank\">klar p\u00e5 at Hamse Ali ikke kan ha f\u00e5tt juling i Nyg\u00e5rdsparken. <\/a><\/p>\n<p><b>\u2013 Skadene har mest sannsynlig oppst\u00e5tt i et trafikkuhell, p\u00e5 el-l\u00f8perhjul, mens Ali hadde promille, sa han i retten.<\/b><\/p>\n<p>Digitale bevis knytter Alis mobil til et el-l\u00f8perhjul, som ble l\u00e5st opp klokken 0515 den aktuelle natten. I retten ble koordinatene til kj\u00f8returen vist frem.<\/p>\n<p>   <img decoding=\"async\" width=\"6016\" height=\"4016\" fetchpriority=\"low\"  loading=\"lazy\"  src=\"https:\/\/www.europesays.com\/no\/wp-content\/uploads\/2025\/10\/BA45761.jpg\" alt=\"\" class=\"brick-c-cFOWSL\" style=\"--brick-image-ratio: 6016 \/ 4016;\"\/><\/p>\n<p>    Her mener politiet at tiltalte falt p\u00e5 el-l\u00f8perhjulet.<br \/>\n    Foto: EIRIK HAGES\u00c6TER (arkiv)\n  <\/p>\n<p>L\u00f8perhjulet ble kj\u00f8rt rundt i sentrumsomr\u00e5det og Solheimsviken, frem til en br\u00e5stans i V\u00e5gsallmenningen. I retten kom det frem at hastigheten gikk fra 25 til 0 kilometer i timen p\u00e5 under ett sekund.<\/p>\n<p>Etter stansen kj\u00f8rte Hamse Ali l\u00f8perhjulet videre til legevakten.<\/p>\n<p>\u2013 Politiet mener det samlede bevisbildet, alts\u00e5 b\u00e5de tekniske bevis og vitneforklaringer, viser at det som ble forklart om rasistisk vold i Nyg\u00e5rdsparken ikke kan ha skjedd, sa Valland til BA f\u00f8r rettssaken.<\/p>\n<p>\u2013 Et stort sjokk<\/p>\n<p>Tiltalte sier at han ikke husker \u00e5 ha kj\u00f8rt med el-l\u00f8perhjul den natten.<\/p>\n<p>I november 2024 ble Ali siktet for uriktig forklaring. Han fikk da se en video av seg selv p\u00e5 et el-l\u00f8perhjul den aktuelle natten.<\/p>\n<p><b>\u2013 Det var et stort sjokk \u00e5 se den videoen. Jeg ble satt ut, for jeg husker ikke den situasjonen i det hele tatt. N\u00e5r jeg i ettertid har f\u00e5tt h\u00f8re at noe annet enn det jeg husker kan ha skjedd, har ting g\u00e5tt ganske i surr for meg, sa Ali.<\/b><\/p>\n<p>Tiltalte er ikke i tvil om at det er ham man faktisk ser p\u00e5 videoen. Han har ogs\u00e5 sett av sin egen Ryde-logg at han kj\u00f8rte rundt p\u00e5 Ryde mellom 0515 og 0605 den aktuelle natten.<\/p>\n<p>   <img decoding=\"async\" width=\"4128\" height=\"2752\" fetchpriority=\"low\"  loading=\"lazy\"  src=\"https:\/\/www.europesays.com\/no\/wp-content\/uploads\/2025\/10\/SE1_3929.JPG\" alt=\"\" class=\"brick-c-cFOWSL\" style=\"--brick-image-ratio: 4128 \/ 2752;\"\/><\/p>\n<p>    Aktor Per \u00d8yvind Valland og etterforsker Vegard Lauritsen.<br \/>\n    Foto: Skjalg Ekeland\n  <\/p>\n<p>Kj\u00f8returen gikk p\u00e5 et tidspunkt gjennom Nyg\u00e5rdsparken, men stoppet aldri der.<\/p>\n<p>I ettertid har han tenkt gjennom hva som skjedde i sitt eget hode, flere ganger.<\/p>\n<p>\u2013 Jeg sitter igjen med akkurat de samme tankene og traumene. Jeg har forklart alt slik jeg husker det, gjentok han.<\/p>\n<p>Falske minner?<\/p>\n<p>Tiltaltes forsvarer, Anette Vangsnes Askevold, sier at vi alle skal v\u00e6re glade om det aldri skjedde et overfall i Nyg\u00e5rdsparken.<\/p>\n<p><b>\u2013 Men i Hamse Alis hode er det fremdeles det som har skjedd, sa hun.<\/b><\/p>\n<p>Senere i rettssaken skal nevropsykolog Knut Dalen uttale seg rundt om Ali kan ha f\u00e5tt falske minner, som f\u00f8lge av en hodesmell kombinert med alkoholp\u00e5virkning.<\/p>\n<p>   <img decoding=\"async\" width=\"4128\" height=\"2752\" fetchpriority=\"low\"  loading=\"lazy\"  src=\"https:\/\/www.europesays.com\/no\/wp-content\/uploads\/2025\/10\/SE1_3895.JPG\" alt=\"\" class=\"brick-c-cFOWSL\" style=\"--brick-image-ratio: 4128 \/ 2752;\"\/><\/p>\n<p>    Nevropsykolog Knut Dalen.<br \/>\n    Foto: Skjalg Ekeland\n  <\/p>\n<p>\u2013 Kan det v\u00e6re at en hjernerystelse, eventuelt med alkoholp\u00e5virkning, gj\u00f8r at man mister minnet fra det som har skjedd? Ja, det kan man utvilsomt. Men kan det ogs\u00e5 v\u00e6re slik at minnet blir fylt med noe helt annet? Det er det jeg er interessert i \u00e5 h\u00f8re Dalen forklare seg om, sa forsvarer Askevold.<\/p>\n<p>Det blir opp til retten \u00e5 vurdere hvilken betydning ekspertens konklusjon vil f\u00e5.<\/p>\n<p><b>Det er satt av to dager til rettssaken.<\/b><\/p>\n","protected":false},"excerpt":{"rendered":"I september 2024 leverte Hamse Ali en anmeldelse til politiet. Han hevdet at han var blitt banket opp&hellip;\n","protected":false},"author":2,"featured_media":66118,"comment_status":"","ping_status":"","sticky":false,"template":"","format":"standard","meta":{"footnotes":""},"categories":[10],"tags":[36,20,21,24,25,15,2838,983,22,23,13,30,28,29,9479,14,16,1510,26,27,9480,493],"class_list":{"0":"post-66117","1":"post","2":"type-post","3":"status-publish","4":"format-standard","5":"has-post-thumbnail","7":"category-norge","8":"tag-art","9":"tag-breaking-news","10":"tag-breakingnews","11":"tag-featured-news","12":"tag-featurednews","13":"tag-headlines","14":"tag-hordaland-tingrett","15":"tag-krim","16":"tag-latest-news","17":"tag-latestnews","18":"tag-news","19":"tag-no","20":"tag-norge","21":"tag-norway","22":"tag-nygardsparken","23":"tag-nyheter","24":"tag-overskrifter","25":"tag-story","26":"tag-top-stories","27":"tag-topstories","28":"tag-uriktig-forklaring","29":"tag-vold"},"share_on_mastodon":{"url":"","error":""},"_links":{"self":[{"href":"https:\/\/www.europesays.com\/no\/wp-json\/wp\/v2\/posts\/66117","targetHints":{"allow":["GET"]}}],"collection":[{"href":"https:\/\/www.europesays.com\/no\/wp-json\/wp\/v2\/posts"}],"about":[{"href":"https:\/\/www.europesays.com\/no\/wp-json\/wp\/v2\/types\/post"}],"author":[{"embeddable":true,"href":"https:\/\/www.europesays.com\/no\/wp-json\/wp\/v2\/users\/2"}],"replies":[{"embeddable":true,"href":"https:\/\/www.europesays.com\/no\/wp-json\/wp\/v2\/comments?post=66117"}],"version-history":[{"count":0,"href":"https:\/\/www.europesays.com\/no\/wp-json\/wp\/v2\/posts\/66117\/revisions"}],"wp:featuredmedia":[{"embeddable":true,"href":"https:\/\/www.europesays.com\/no\/wp-json\/wp\/v2\/media\/66118"}],"wp:attachment":[{"href":"https:\/\/www.europesays.com\/no\/wp-json\/wp\/v2\/media?parent=66117"}],"wp:term":[{"taxonomy":"category","embeddable":true,"href":"https:\/\/www.europesays.com\/no\/wp-json\/wp\/v2\/categories?post=66117"},{"taxonomy":"post_tag","embeddable":true,"href":"https:\/\/www.europesays.com\/no\/wp-json\/wp\/v2\/tags?post=66117"}],"curies":[{"name":"wp","href":"https:\/\/api.w.org\/{rel}","templated":true}]}}