{"id":66121,"date":"2025-10-21T10:42:08","date_gmt":"2025-10-21T10:42:08","guid":{"rendered":"https:\/\/www.europesays.com\/no\/66121\/"},"modified":"2025-10-21T10:42:08","modified_gmt":"2025-10-21T10:42:08","slug":"arni-gautur-arason-apner-om-huntingtons-sykdom","status":"publish","type":"post","link":"https:\/\/www.europesays.com\/no\/66121\/","title":{"rendered":"Arni Gautur Arason \u00e5pner om Huntingtons sykdom"},"content":{"rendered":"\n<p class=\"_lead_o9xde_2 _lead_xtcu6_50 layout-component text-serif-m layout-normal text-serif-l layout-component layout-wide layout-padded _wide_17hqh_1 layout-padded\">Den tidligere Rosenborg- og V\u00e5lerenga-m\u00e5lvakten \u00c1rni Gautur Arason (50) er blitt rammet av sykdommen Huntingtons.<\/p>\n<p><img alt=\"KEEPERPROFIL: \u00c1rni Gautur Arason var en av de aller fremste m\u00e5lvaktene i norsk fotball p\u00e5 2000-tallet. Foto: Trond Reidar Teigen \/ NTB\" class=\"_image_qp4xg_65 layout-component layout-wide\" data-fullscreen- data-track-element-type=\"Article image fullscreen\" data-track-name=\"ImageFullscreen\" fetchpriority=\"high\" decoding=\"sync\" loading=\"eager\" height=\"2336\" itemprop=\"image\"  src=\"https:\/\/www.europesays.com\/no\/wp-content\/uploads\/2025\/10\/daa5a51f-211e-42ca-a465-a5da3bd4c30c\"  style=\"object-position:0% 0%\" width=\"3504\"\/>KEEPERPROFIL: \u00c1rni Gautur Arason var en av de aller fremste m\u00e5lvaktene i norsk fotball p\u00e5 2000-tallet. Foto: Trond Reidar Teigen \/ NTB<\/p>\n<ul aria-hidden=\"true\" class=\"_images_18f0k_111\">\n<li><a class=\"_link_18f0k_116\" href=\"https:\/\/www.vg.no\/forfatter\/mats-arntzen\" style=\"z-index:1\" title=\"Mats Arntzen\" rel=\"nofollow noopener\" target=\"_blank\"><img alt=\"Bilde av Mats Arntzen\" class=\"_image_18f0k_93\" fetchpriority=\"low\" loading=\"lazy\" decoding=\"async\" itemprop=\"image\"  src=\"https:\/\/www.europesays.com\/no\/wp-content\/uploads\/2025\/10\/1761043327_782_29b4beac-bbee-4d70-98b8-fb24e4b95afc\"  width=\"480\"\/><\/a><\/li>\n<\/ul>\n<p> Oppdatert tirsdag 21. oktober kl. 12:24    <\/p>\n<ul class=\"_list_o9xde_3 _list_64s2r_85 _unordered_o9xde_106 text-sans-m\">\n<li class=\"_item_o9xde_30\">Tidligere toppm\u00e5lvakt \u00c1rni Gautur Arason har f\u00e5tt diagnosen Huntingtons sykdom.<\/li>\n<li class=\"_item_o9xde_30\">Arason deler sin t\u00f8ffe kamp med den arvelige, uhelbredelige sykdommen som svekker motoriske og mentale ferdigheter.<\/li>\n<li class=\"_item_o9xde_30\">Symptomene har forverret seg de siste fem \u00e5rene, men han holder seg aktiv for \u00e5 h\u00e5ndtere sykdommen.<\/li>\n<li class=\"_item_o9xde_30\">Arason spilte for Rosenborg, Manchester City og V\u00e5lerenga, og fikk 71 landskamper for Island.<\/li>\n<\/ul>\n<p>Vis mer <\/p>\n<p class=\"_paragraph_o9xde_4 _paragraph_xtcu6_10 layout-component text-serif-m layout-normal text-serif-m layout-padded\">Den tidligere landslagsm\u00e5lvakten st\u00e5r n\u00e5 midt i sin kanskje t\u00f8ffeste kamp.<\/p>\n<p class=\"_paragraph_o9xde_4 _paragraph_xtcu6_10 layout-component text-serif-m layout-normal text-serif-m layout-padded\">I et intervju med den islandske allmennkringkasteren <a href=\"https:\/\/www.ruv.is\/frettir\/ithrottir\/2025-10-19-arni-gautur-thetta-er-natturulega-krefjandi-sjukdomur-456527?utm_source=chatgpt.com\" class=\"_link_o9xde_39\" rel=\"nofollow noopener\" target=\"_blank\">R\u00daV<\/a> \u00e5pner Arason om at han har f\u00e5tt diagnosen Huntingtons sykdomHuntingtons sykdomHuntingtons sykdom er en arvelig, fremadskridende hjernesykdom som f\u00f8rer til gradvis tap av nevroner. Sykdommen gir ufrivillige bevegelser, endringer i atferd og svekket hukommelse. Det finnes ingen kur. \u2014 en arvelig og uhelbredelig nevrologisk lidelse som gradvis svekker b\u00e5de motoriske ferdigheter og mentale funksjoner.<\/p>\n<p class=\"_paragraph_o9xde_4 _paragraph_xtcu6_10 layout-component text-serif-m layout-normal text-serif-m layout-padded\">\u2013 Dette er naturligvis en krevende sykdom. Man pr\u00f8ver \u00e5 gj\u00f8re det beste ut av det, sier han.<\/p>\n<p><img alt=\"STORM\u00d8TE: \u00c1rni Gautur Arason spilte Champions League og fikk noen ord med Juventus\u2019 legendariske m\u00e5lvakt Gianluigi Buffon. Islendingen storspilte da italienerne kun vant 1\u20130 mot Rosenborg.  Foto: Terje Visnes \/ VG\" class=\"_image_qp4xg_65 layout-component layout-normal\" data-fullscreen- data-track-element-type=\"Article image fullscreen\" data-track-name=\"ImageFullscreen\" decoding=\"async\" loading=\"lazy\" height=\"1472\" itemprop=\"image\"  src=\"https:\/\/www.europesays.com\/no\/wp-content\/uploads\/2025\/10\/02d2c8bf-ab6a-465d-8ab2-d6604dbc0415\"  style=\"object-position:0% 0%\" width=\"2126\"\/>STORM\u00d8TE: \u00c1rni Gautur Arason spilte Champions League og fikk noen ord med Juventus\u2019 legendariske m\u00e5lvakt Gianluigi Buffon. Islendingen storspilte da italienerne kun vant 1\u20130 mot Rosenborg.  Foto: Terje Visnes \/ VG<\/p>\n<p class=\"_paragraph_o9xde_4 _paragraph_xtcu6_10 layout-component text-serif-m layout-normal text-serif-m layout-padded\">Den tidligere m\u00e5lvakten forteller at han ble diagnostisert med sykdommen for rundt ti \u00e5r siden \u2013 etter at karrieren var over.<\/p>\n<p class=\"_paragraph_o9xde_4 _paragraph_xtcu6_10 layout-component text-serif-m layout-normal text-serif-m layout-padded\">Sykdommen utvikler seg sakte, og det kan ta mange \u00e5r f\u00f8r man begynner \u00e5 merke det.<\/p>\n<p class=\"_paragraph_o9xde_4 _paragraph_xtcu6_10 layout-component text-serif-m layout-normal text-serif-m layout-padded\">\u2013 Jeg har levd med dette en stund. Det hjelper \u00e5 snakke om det og \u00e5 v\u00e6re \u00e5pen.<\/p>\n<p class=\"_paragraph_o9xde_4 _paragraph_xtcu6_10 layout-component text-serif-m layout-normal text-serif-m layout-padded\">For fem \u00e5r siden begynte han \u00e5 merke at symptomene ble forverret.<\/p>\n<p class=\"_paragraph_o9xde_4 _paragraph_xtcu6_10 layout-component text-serif-m layout-normal text-serif-m layout-padded\">\u2013 Jeg pr\u00f8ver \u00e5 v\u00e6re flink til \u00e5 g\u00e5 turer, trene og holde meg i aktivitet. Jeg synes det er ekstremt viktig \u00e5 trene eller gj\u00f8re noe. Det hjelper mye.<\/p>\n<p><img alt=\"IKONISK: \u00c1rni Gautur Arason bommet p\u00e5 ballen etter et tilbakespill da V\u00e5lerenga tapte mot Rosenborg. Men det ble seriegull likevel.  Foto: TV2 \/ TV2\" class=\"_image_qp4xg_65 layout-component layout-normal\" data-fullscreen- data-track-element-type=\"Article image fullscreen\" data-track-name=\"ImageFullscreen\" decoding=\"async\" loading=\"lazy\" height=\"576\" itemprop=\"image\"  src=\"https:\/\/www.europesays.com\/no\/wp-content\/uploads\/2025\/10\/1a2bff13-afff-4f5d-9c36-8053add9fbd1\"  style=\"object-position:0% 0%\" width=\"720\"\/>IKONISK: \u00c1rni Gautur Arason bommet p\u00e5 ballen etter et tilbakespill da V\u00e5lerenga tapte mot Rosenborg. Men det ble seriegull likevel.  Foto: TV2 \/ TV2<\/p>\n<p class=\"_paragraph_o9xde_4 _paragraph_xtcu6_10 layout-component text-serif-m layout-normal text-serif-m layout-padded\">\u00c1rni Gautur Arason spilte for Rosenborg i gull\u00e6raen fra 1998 til 2003. Deretter var han et kort opphold som reservekeeper i Manchester City, f\u00f8r han vendte hjem til Norge. Det endte med et nytt seriegull \u2013 denne gangen for V\u00e5lerenga. <\/p>\n<p class=\"_paragraph_o9xde_4 _paragraph_xtcu6_10 layout-component text-serif-m layout-normal text-serif-m layout-padded\">Islendingen avsluttet sin \u00abnorske\u00bb karriere i Odd. Totalt fikk han 71 landskamper mellom stengene for det islandske landslaget.<\/p>\n<p class=\"_paragraph_o9xde_4 _paragraph_xtcu6_10 layout-component text-serif-m layout-normal text-serif-m layout-padded\">Etter at keeperhanskene ble lagt p\u00e5 hyllen, har han jobbet som advokat i Reykjavik.<\/p>\n","protected":false},"excerpt":{"rendered":"Den tidligere Rosenborg- og V\u00e5lerenga-m\u00e5lvakten \u00c1rni Gautur Arason (50) er blitt rammet av sykdommen Huntingtons. KEEPERPROFIL: \u00c1rni Gautur&hellip;\n","protected":false},"author":2,"featured_media":66122,"comment_status":"","ping_status":"","sticky":false,"template":"","format":"standard","meta":{"footnotes":""},"categories":[59],"tags":[92,30,28,29,83,82,46],"class_list":{"0":"post-66121","1":"post","2":"type-post","3":"status-publish","4":"format-standard","5":"has-post-thumbnail","7":"category-sport","8":"tag-fotball","9":"tag-no","10":"tag-norge","11":"tag-norway","12":"tag-sport","13":"tag-sports","14":"tag-vgai"},"share_on_mastodon":{"url":"","error":""},"_links":{"self":[{"href":"https:\/\/www.europesays.com\/no\/wp-json\/wp\/v2\/posts\/66121","targetHints":{"allow":["GET"]}}],"collection":[{"href":"https:\/\/www.europesays.com\/no\/wp-json\/wp\/v2\/posts"}],"about":[{"href":"https:\/\/www.europesays.com\/no\/wp-json\/wp\/v2\/types\/post"}],"author":[{"embeddable":true,"href":"https:\/\/www.europesays.com\/no\/wp-json\/wp\/v2\/users\/2"}],"replies":[{"embeddable":true,"href":"https:\/\/www.europesays.com\/no\/wp-json\/wp\/v2\/comments?post=66121"}],"version-history":[{"count":0,"href":"https:\/\/www.europesays.com\/no\/wp-json\/wp\/v2\/posts\/66121\/revisions"}],"wp:featuredmedia":[{"embeddable":true,"href":"https:\/\/www.europesays.com\/no\/wp-json\/wp\/v2\/media\/66122"}],"wp:attachment":[{"href":"https:\/\/www.europesays.com\/no\/wp-json\/wp\/v2\/media?parent=66121"}],"wp:term":[{"taxonomy":"category","embeddable":true,"href":"https:\/\/www.europesays.com\/no\/wp-json\/wp\/v2\/categories?post=66121"},{"taxonomy":"post_tag","embeddable":true,"href":"https:\/\/www.europesays.com\/no\/wp-json\/wp\/v2\/tags?post=66121"}],"curies":[{"name":"wp","href":"https:\/\/api.w.org\/{rel}","templated":true}]}}