{"id":66128,"date":"2025-10-21T10:55:10","date_gmt":"2025-10-21T10:55:10","guid":{"rendered":"https:\/\/www.europesays.com\/no\/66128\/"},"modified":"2025-10-21T10:55:10","modified_gmt":"2025-10-21T10:55:10","slug":"krim-drap-politiet-etterlyser-tips-i-drapssaken-i-alver","status":"publish","type":"post","link":"https:\/\/www.europesays.com\/no\/66128\/","title":{"rendered":"Krim, Drap | Politiet etterlyser tips i drapssaken i Alver"},"content":{"rendered":"\n<p>Politiet har mottatt vitneobservasjoner av en syklist p\u00e5 fylkesvei 564 mellom Holmemarka og Frekhaug torsdag 16. oktober 2025 ca. kl. 19.<\/p>\n<p>\u2013 Politiet \u00f8nsker kontakt med syklisten eller personer som har observasjoner eller informasjon om syklende i omr\u00e5det denne kvelden, skriver kommunikasjonsdirekt\u00f8r Arne Lutro i en pressemelding.<\/p>\n<p>Tipsere kan kontakte politiet p\u00e5 telefon 45 60 60 78 eller <a href=\"https:\/\/www.politiet.no\/tjenester\/tips-politiet\/\" rel=\"Follow nofollow noopener\" target=\"_blank\">via politiet.no.<\/a><\/p>\n<p>Stort omr\u00e5de<\/p>\n<p>I pressemeldingen opplyser politiet at de ogs\u00e5 ser etter bilister som har video fra dashbordkamera i omr\u00e5det Holsn\u00f8y, Flat\u00f8y, Knarvik, og \u00c5sane.<\/p>\n<p>Dette gjelder folk som har kj\u00f8rt i disse omr\u00e5dene mellom klokken 18-23 om kvelden den 16. oktober.<\/p>\n<p>De vil ogs\u00e5 prate med personer som har g\u00e5tt tur i \u00c5sane mellom Ikea og Hordvik i omr\u00e5det Veten, H\u00f8gstefjellet og Postveien i samme tidsperiode.<\/p>\n<p>   <img decoding=\"async\" width=\"1200\" height=\"800\" fetchpriority=\"low\"  loading=\"lazy\"  src=\"https:\/\/www.europesays.com\/no\/wp-content\/uploads\/2025\/10\/IMG_2756%2B29.jpg\" alt=\"\" class=\"brick-c-cFOWSL\" style=\"--brick-image-ratio: 1200 \/ 800;\"\/><\/p>\n<p>    Politiet var i \u00c5sane om kvelden torsdag forrige uke. Om morgenen fredag ble siktede p\u00e5grepet.<br \/>\n    Foto: BA-tipser\n  <\/p>\n<p>  Siktet for drap p\u00e5 svigermoren<\/p>\n<p>Det var torsdag kveld i forrige uke at en kvinne<a href=\"https:\/\/www.ba.no\/politioppbud-i-asane-uklare-omstendigheter\/s\/5-8-3192467\" rel=\"Follow nofollow noopener\" target=\"_blank\"> ble funnet bevisstl\u00f8s p\u00e5 en adresse ved Frekhaug i Alver.<\/a><\/p>\n<p>Politiet rykket ut til stedet like f\u00f8r klokken 2030 den kvelden etter at en nabo hadde funnet henne. Den siktede var da ikke p\u00e5 adressen.<\/p>\n<p>Det denne naboen fortalte til politiet, er bakgrunnen for at de mistenkte svigers\u00f8nnen i 30-\u00e5rene for \u00e5 st\u00e5 bak. Etter det BA kjenner til, mistenker politiet at kvinnen ble kvalt.<\/p>\n<p>   <img decoding=\"async\" width=\"1200\" height=\"839\" fetchpriority=\"low\"  loading=\"lazy\"  src=\"https:\/\/www.europesays.com\/no\/wp-content\/uploads\/2025\/10\/Forseglet%2BsdB8r.jpg\" alt=\"\" class=\"brick-c-cFOWSL\" style=\"--brick-image-ratio: 1200 \/ 839;\"\/><\/p>\n<p>    Politiet har forseglet en d\u00f8r p\u00e5 adressen til mannen, som er i Bergen kommune.<br \/>\n    Foto: Magnhild Mostad\n  <\/p>\n<p>Kvinnen i 50-\u00e5rene ble innlagt intensivavdelingen p\u00e5 Haukeland sykehus. Mannen ble p\u00e5grepet i 06-tiden fredag morgen, og ble innledningsvis siktet for drapsfors\u00f8k.<\/p>\n<p><b>Men sent l\u00f8rdag kveld d\u00f8de hun p\u00e5 sykehuset, og<a href=\"https:\/\/www.ba.no\/kvinne-omkom-mann-siktet-for-drapsforsok\/s\/5-8-3194544\" rel=\"Follow nofollow noopener\" target=\"_blank\"> siktelsen ble endret til \u00e5 gjelde drap.<\/a><\/b><\/p>\n<p>Mannen i 30-\u00e5rene nekter straffskyld. Han ble i helgen varetektsfengslet.<\/p>\n<p>  <a href=\"https:\/\/www.ba.no\/5-8-3194579\" class=\"related-teaser has-image default-story-teaser article--c-eRUmMG article--c-eRUmMG-jKCPdD-design-default\" rel=\"nofollow noopener\" target=\"_blank\"><\/p>\n<p>    <img decoding=\"async\" loading=\"lazy\"  src=\"https:\/\/www.europesays.com\/no\/wp-content\/uploads\/2025\/10\/sladdetversjon.png\" alt=\"\" class=\"brick-c-cFOWSL\" style=\"\"\/><\/p>\n<p>\n            Les ogs\u00e5<\/p>\n<p>              Over hundre mennesker samlet seg til minnestund: \u2013 Vi pr\u00f8ver \u00e5 tr\u00f8ste hverandre\n        <\/p>\n<p>  <\/a><\/p>\n","protected":false},"excerpt":{"rendered":"Politiet har mottatt vitneobservasjoner av en syklist p\u00e5 fylkesvei 564 mellom Holmemarka og Frekhaug torsdag 16. oktober 2025&hellip;\n","protected":false},"author":2,"featured_media":66129,"comment_status":"","ping_status":"","sticky":false,"template":"","format":"standard","meta":{"footnotes":""},"categories":[10],"tags":[1751,36,20,21,377,24,25,15,983,22,23,13,30,28,29,14,16,1510,26,27],"class_list":{"0":"post-66128","1":"post","2":"type-post","3":"status-publish","4":"format-standard","5":"has-post-thumbnail","7":"category-norge","8":"tag-alver","9":"tag-art","10":"tag-breaking-news","11":"tag-breakingnews","12":"tag-drap","13":"tag-featured-news","14":"tag-featurednews","15":"tag-headlines","16":"tag-krim","17":"tag-latest-news","18":"tag-latestnews","19":"tag-news","20":"tag-no","21":"tag-norge","22":"tag-norway","23":"tag-nyheter","24":"tag-overskrifter","25":"tag-story","26":"tag-top-stories","27":"tag-topstories"},"share_on_mastodon":{"url":"","error":""},"_links":{"self":[{"href":"https:\/\/www.europesays.com\/no\/wp-json\/wp\/v2\/posts\/66128","targetHints":{"allow":["GET"]}}],"collection":[{"href":"https:\/\/www.europesays.com\/no\/wp-json\/wp\/v2\/posts"}],"about":[{"href":"https:\/\/www.europesays.com\/no\/wp-json\/wp\/v2\/types\/post"}],"author":[{"embeddable":true,"href":"https:\/\/www.europesays.com\/no\/wp-json\/wp\/v2\/users\/2"}],"replies":[{"embeddable":true,"href":"https:\/\/www.europesays.com\/no\/wp-json\/wp\/v2\/comments?post=66128"}],"version-history":[{"count":0,"href":"https:\/\/www.europesays.com\/no\/wp-json\/wp\/v2\/posts\/66128\/revisions"}],"wp:featuredmedia":[{"embeddable":true,"href":"https:\/\/www.europesays.com\/no\/wp-json\/wp\/v2\/media\/66129"}],"wp:attachment":[{"href":"https:\/\/www.europesays.com\/no\/wp-json\/wp\/v2\/media?parent=66128"}],"wp:term":[{"taxonomy":"category","embeddable":true,"href":"https:\/\/www.europesays.com\/no\/wp-json\/wp\/v2\/categories?post=66128"},{"taxonomy":"post_tag","embeddable":true,"href":"https:\/\/www.europesays.com\/no\/wp-json\/wp\/v2\/tags?post=66128"}],"curies":[{"name":"wp","href":"https:\/\/api.w.org\/{rel}","templated":true}]}}