{"id":66130,"date":"2025-10-21T10:56:14","date_gmt":"2025-10-21T10:56:14","guid":{"rendered":"https:\/\/www.europesays.com\/no\/66130\/"},"modified":"2025-10-21T10:56:14","modified_gmt":"2025-10-21T10:56:14","slug":"lanekassen-kuttet-i-studiestotten-til-studenten-david-24","status":"publish","type":"post","link":"https:\/\/www.europesays.com\/no\/66130\/","title":{"rendered":"L\u00e5nekassen kuttet i studiest\u00f8tten til studenten David (24)"},"content":{"rendered":"\n<ul class=\"_list_o9xde_3 _list_64s2r_85 _unordered_o9xde_106 text-sans-m\">\n<li class=\"_item_o9xde_30\">David Holmebakken ventet 15 uker p\u00e5 svar fra L\u00e5nekassen om st\u00f8tte til sitt siste studie\u00e5r i Barcelona.<\/li>\n<li class=\"_item_o9xde_30\">Han fikk f\u00f8rst avslag fordi studiet utelukkende er online, men etter han klagde fikk han vedtak om 80.000 kroner. Det er ikke nok til \u00e5 betale skolepengene. <\/li>\n<li class=\"_item_o9xde_30\">L\u00e5nekassen beklager den lange ventetiden og sier online-studier normalt ikke kvalifiserer til st\u00f8tte.<\/li>\n<\/ul>\n<p>Vis mer <\/p>\n<p class=\"_paragraph_o9xde_4 _paragraph_xtcu6_10 layout-component text-serif-m layout-normal text-serif-m layout-padded\">David Holmebakken har bodd og studert i Barcelona de siste to \u00e5rene. Denne h\u00f8sten var han klar for \u00e5 begi seg ut p\u00e5 det siste \u00e5ret av bachelorgraden i digital markedsf\u00f8ring ved GBSBGBSBGlobal Business School Barcelona. <\/p>\n<p class=\"_paragraph_o9xde_4 _paragraph_xtcu6_10 layout-component text-serif-m layout-normal text-serif-m layout-padded\">Men i juli fikk han den knusende beskjeden fra <a href=\"https:\/\/www.vg.no\/tag\/laanekassen?utm_source=vg-article&amp;utm_medium=auto-tagger&amp;utm_campaign=nypLOB\" class=\"_link_o9xde_39\" rel=\"nofollow noopener\" target=\"_blank\">L\u00e5nekassen<\/a>: <\/p>\n<p class=\"_paragraph_o9xde_4 _paragraph_xtcu6_10 layout-component text-serif-m layout-normal text-serif-m layout-padded\"><strong class=\"_strong_o9xde_25\">\u00abDu har f\u00e5tt avslag p\u00e5 s\u00f8knaden.\u00bb<\/strong><\/p>\n<p class=\"_paragraph_o9xde_4 _paragraph_xtcu6_10 layout-component text-serif-m layout-normal text-serif-m layout-padded\">\u2013 Jeg har ikke penger til \u00e5 betale skolepenger eller leilighet. Jeg vet virkelig ikke hva jeg skal gj\u00f8re, sier Holmebakken til VG. <\/p>\n<p>Kutter i st\u00f8tten<\/p>\n<p class=\"_paragraph_o9xde_4 _paragraph_xtcu6_10 layout-component text-serif-m layout-normal text-serif-m layout-padded\">Holmebakken fikk f\u00f8rst beskjed av L\u00e5nekassen om at han ikke f\u00e5r st\u00f8tte til det tredje \u00e5ret av bachelorgraden, fordi det siste \u00e5ret kun er \u00abonline\u00bb. VG har sett avslaget fra L\u00e5nekassen. <\/p>\n<p class=\"_paragraph_o9xde_4 _paragraph_xtcu6_10 layout-component text-serif-m layout-normal text-serif-m layout-padded\"><strong class=\"_strong_o9xde_25\">De ville derfor ikke gi ham en krone for det siste \u00e5ret av bachelorgraden. <\/strong><\/p>\n<p class=\"_paragraph_o9xde_4 _paragraph_xtcu6_10 layout-component text-serif-m layout-normal text-serif-m layout-padded\">\u2013 Det er oppsiktsvekkende \u00e5 f\u00e5 avslag p\u00e5 all st\u00f8tte midt i studiene, sier Holmebakken. <\/p>\n<p class=\"_paragraph_o9xde_4 _paragraph_xtcu6_10 layout-component text-serif-m layout-normal text-serif-m layout-padded\">Holmebakken klagde p\u00e5 vedtaket i juli, og L\u00e5nekassen skrev da at han skulle f\u00e5 svar etter tre uker. <\/p>\n<p class=\"_paragraph_o9xde_4 _paragraph_xtcu6_10 layout-component text-serif-m layout-normal text-serif-m layout-padded\">Men ukene gikk uten at Holmebakken h\u00f8rte noe som helst. <\/p>\n<p class=\"_paragraph_o9xde_4 _paragraph_xtcu6_10 layout-component text-serif-m layout-normal text-serif-m layout-padded\">I september s\u00e5 Holmebakken seg n\u00f8dt til \u00e5 dra tilbake til Barcelona for \u00e5 fortsette studiene, uvitende om han i det hele tatt kom til \u00e5 f\u00e5 st\u00f8tte. <\/p>\n<p class=\"_paragraph_o9xde_4 _paragraph_xtcu6_10 layout-component text-serif-m layout-normal text-serif-m layout-padded\">Han betalte halvparten av skolepengeavgiften fra egen lomme og fikk utsatt den andre halvdelen av betalingen til desember. <\/p>\n<p class=\"_paragraph_o9xde_4 _paragraph_xtcu6_10 layout-component text-serif-m layout-normal text-serif-m layout-padded\">\u2013 Det har v\u00e6rt utrolig stressende \u00e5 vente p\u00e5 svar i saken.<\/p>\n<p><img alt=\"David Holmebakken er tilbake i Barcelona for \u00e5 gjennomf\u00f8re siste\u00e5ret av studiet.  Foto: Privat\" class=\"_image_qp4xg_65 layout-component layout-normal\" data-fullscreen- data-track-element-type=\"Article image fullscreen\" data-track-name=\"ImageFullscreen\" decoding=\"async\" loading=\"lazy\" height=\"844\" itemprop=\"image\"  src=\"https:\/\/www.europesays.com\/no\/wp-content\/uploads\/2025\/10\/049d9ab1-49ed-4bb5-86af-e4ee503553c6\"  style=\"object-position:48.75555555555556% 29.620853080568722%\" width=\"1125\"\/>David Holmebakken er tilbake i Barcelona for \u00e5 gjennomf\u00f8re siste\u00e5ret av studiet.  Foto: Privat<\/p>\n<p class=\"_paragraph_o9xde_4 _paragraph_xtcu6_10 layout-component text-serif-m layout-normal text-serif-m layout-padded\">Etter at han hadde ventet i over tre m\u00e5neder, fikk Holmebakken endelig svar p\u00e5 klagen:<\/p>\n<p class=\"_paragraph_o9xde_4 _paragraph_xtcu6_10 layout-component text-serif-m layout-normal text-serif-m layout-padded\"><strong class=\"_strong_o9xde_25\">Han f\u00e5r litt under 80.000 kroner for \u00e5 gjennomf\u00f8re det siste \u00e5ret av bachelorgraden i Barcelona. <\/strong><\/p>\n<p class=\"_paragraph_o9xde_4 _paragraph_xtcu6_10 layout-component text-serif-m layout-normal text-serif-m layout-padded\">Det monner ikke for Holmebakken. Skolepengene alene ligger p\u00e5 150.000 kroner for ett studie\u00e5r.<\/p>\n<p class=\"_paragraph_o9xde_4 _paragraph_xtcu6_10 layout-component text-serif-m layout-normal text-serif-m layout-padded\">Om han hadde visst at han skulle f\u00e5 begrenset st\u00f8tte, er han ikke sikker p\u00e5 at han hadde fortsatt p\u00e5 studiet: <\/p>\n<p class=\"_paragraph_o9xde_4 _paragraph_xtcu6_10 layout-component text-serif-m layout-normal text-serif-m layout-padded\"><strong class=\"_strong_o9xde_25\">\u2013 Jeg hadde pr\u00f8vd \u00e5 bytte skole eller finne p\u00e5 noe annet. Det g\u00e5r ikke an \u00e5 leve p\u00e5 80.000 kroner i Barcelona i l\u00f8pet av et \u00e5r.<\/strong><\/p>\n<p class=\"_paragraph_o9xde_4 _paragraph_xtcu6_10 layout-component text-serif-m layout-normal text-serif-m layout-padded\">Holmebakken bor i Barcelona sammen med kj\u00e6resten sin. <\/p>\n<p class=\"_paragraph_o9xde_4 _paragraph_xtcu6_10 layout-component text-serif-m layout-normal text-serif-m layout-padded\">\u2013 Det er sv\u00e6rt inngripende. Dette g\u00e5r ogs\u00e5 utover samboeren min, fordi vi leier leilighet sammen.<\/p>\n<p><img alt=\"Holmebakken og kj\u00e6resten bor sammen i Barcelona.   Foto: Privat\" class=\"_image_qp4xg_65 layout-component layout-normal\" data-fullscreen- data-track-element-type=\"Article image fullscreen\" data-track-name=\"ImageFullscreen\" decoding=\"async\" loading=\"lazy\" height=\"1125\" itemprop=\"image\"  src=\"https:\/\/www.europesays.com\/no\/wp-content\/uploads\/2025\/10\/1ccb0675-2a97-4258-ae24-86850498fb73\"  style=\"object-position:0% 0%\" width=\"1500\"\/>Holmebakken og kj\u00e6resten bor sammen i Barcelona.   Foto: PrivatL\u00e5nekassen:  \u2013 Krevende<\/p>\n<p class=\"_paragraph_o9xde_4 _paragraph_xtcu6_10 layout-component text-serif-m layout-normal text-serif-m layout-padded\">\u2013 Vi beklager at kunden har m\u00e5ttet vente lenge p\u00e5 svar p\u00e5 klagen, skriver kommunikasjonsdirekt\u00f8r i L\u00e5nekassen Anette Bjerke i en e-post til VG. <\/p>\n<p class=\"_paragraph_o9xde_4 _paragraph_xtcu6_10 layout-component text-serif-m layout-normal text-serif-m layout-padded\"><strong class=\"_strong_o9xde_25\">\u2013 Vi forst\u00e5r at det kan v\u00e6re krevende \u00e5 vente p\u00e5 svar, s\u00e6rlig hvis du venter p\u00e5 ny behandling av et avslag p\u00e5 st\u00f8tte.<\/strong><\/p>\n<p class=\"_paragraph_o9xde_4 _paragraph_xtcu6_10 layout-component text-serif-m layout-normal text-serif-m layout-padded\">VG har fremlagt for L\u00e5nekassen at Holmebakken s\u00e5 seg n\u00f8dt til \u00e5 fortsette p\u00e5 studiene og betale skolepenger, n\u00e5r han ikke hadde f\u00e5tt svar p\u00e5 klagen ved studiestart. Om han hadde f\u00e5tt svar, ville han nok ikke ha fortsatt p\u00e5 studiet. P\u00e5 kritikken svarer Bjerke f\u00f8lgende: <\/p>\n<p class=\"_paragraph_o9xde_4 _paragraph_xtcu6_10 layout-component text-serif-m layout-normal text-serif-m layout-padded\">\u2013 N\u00e5r vi mottar en klage, gj\u00f8r vi alltid en ny vurdering av s\u00f8knaden og eventuelle nye opplysninger som kunden har gitt. Ved studiestart m\u00e5 vi prioritere s\u00f8knadene om stipend og l\u00e5n, men vi tar ogs\u00e5 tak i klager p\u00e5 vedtak s\u00e5 snart vi kan.<\/p>\n<p><img decoding=\"async\" alt=\"Bilde av Anette Bjerke\" class=\"_image_ygndg_42\" height=\"60\" itemprop=\"image\" loading=\"lazy\"  src=\"https:\/\/www.europesays.com\/no\/wp-content\/uploads\/2025\/10\/f3fb4cae-d501-485a-a945-5fe92e05d026\"  width=\"40\"\/><strong class=\"_name_ygndg_51 title-serif-xs\">Anette Bjerke<\/strong><\/p>\n<p class=\"_paragraph_o9xde_4 text-sans-m _description_ygndg_56\">Kommunikasjonsdirekt\u00f8r i L\u00e5nekassen<\/p>\n<p class=\"_paragraph_o9xde_4 _paragraph_xtcu6_10 layout-component text-serif-m layout-normal text-serif-m layout-padded\">Det har tatt lang tid, fordi Holmebakkens klage m\u00e5tte behandles p\u00e5 nytt av en saksbehandler, skriver Bjerke. Da tar det mer enn tre uker \u00e5 f\u00e5 svar. <\/p>\n<p class=\"_paragraph_o9xde_4 _paragraph_xtcu6_10 layout-component text-serif-m layout-normal text-serif-m layout-padded\">Hun viser til <a href=\"https:\/\/lanekassen.no\/nb-NO\/hjelp-og-kontakt\/behandlingstid2\/\" class=\"_link_o9xde_39\" rel=\"nofollow noopener\" target=\"_blank\">L\u00e5nekassens nettsider<\/a>, hvor behandlingstiden p\u00e5 klager er inntil 17 uker. Da Holmebakken sendte inn klagen i juli, var det oppgitt at det tok \u00e5tte uker \u00e5 behandle klager p\u00e5 den samme nettsiden. <\/p>\n<p class=\"_paragraph_o9xde_4 _paragraph_xtcu6_10 layout-component text-serif-m layout-normal text-serif-m layout-padded\">For \u00e5 f\u00e5 vanlig stipend og l\u00e5n til studier i utlandet, m\u00e5 utdanningen v\u00e6re stedbasert, skriver Bjerke videre<\/p>\n<p class=\"_paragraph_o9xde_4 _paragraph_xtcu6_10 layout-component text-serif-m layout-normal text-serif-m layout-padded\"><strong class=\"_strong_o9xde_25\">\u2013 Det betyr at studenten fysisk m\u00e5 oppholde seg ved l\u00e6restedet, og undervisningen m\u00e5 utelukkende foreg\u00e5 ved l\u00e6restedet. Nettstudier i utlandet kvalifiserer ikke til \u00e5 f\u00e5 vanlig stipend og l\u00e5n.<\/strong><\/p>\n<p class=\"_paragraph_o9xde_4 _paragraph_xtcu6_10 layout-component text-serif-m layout-normal text-serif-m layout-padded\">Det hjelper derfor ikke at Holmebakken bor i Barcelona og studerer ved l\u00e6restedets campus sammen med medstudentene sine. Det regnes fortsatt som et nettstudie, fordi undervisningen foreg\u00e5r p\u00e5 nett. <\/p>\n<p><img alt=\"Selv om Holmebakken bor i Barcelona og benytter seg av l\u00e6restedets campus, er det fortsatt et nettstudie, sier L\u00e5nekassen.  Foto: Privat\" class=\"_image_qp4xg_65 layout-component layout-normal\" data-fullscreen- data-track-element-type=\"Article image fullscreen\" data-track-name=\"ImageFullscreen\" decoding=\"async\" loading=\"lazy\" height=\"2252\" itemprop=\"image\"  src=\"https:\/\/www.europesays.com\/no\/wp-content\/uploads\/2025\/10\/3fc26287-cb77-423d-9ac2-92cfc4a61696\"  style=\"object-position:0% 0%\" width=\"3003\"\/>Selv om Holmebakken bor i Barcelona og benytter seg av l\u00e6restedets campus, er det fortsatt et nettstudie, sier L\u00e5nekassen.  Foto: Privat<\/p>\n<p class=\"_paragraph_o9xde_4 _paragraph_xtcu6_10 layout-component text-serif-m layout-normal text-serif-m layout-padded\">\u00c5rsaken til at Holmebakken likevel fikk innvilget noe st\u00f8tte etter at han klaget, er fordi det finnes en egen ordning for nettstudier i E\u00d8S-landE\u00d8S-landLandene som er medlemmer av Det europeiske \u00f8konomiske samarbeidsomr\u00e5de, som inkluderer EU-landene samt Island, Liechtenstein og Norge.. Satsen p\u00e5 dette er inntil 79.432 kroner per studie\u00e5r. <\/p>\n<p class=\"_paragraph_o9xde_4 _paragraph_xtcu6_10 layout-component text-serif-m layout-normal text-serif-m layout-padded\">\u2013 I denne kundens tilfelle foreg\u00e5r det siste \u00e5ret p\u00e5 nett, men ikke hele utdanningen. Selv om regelen er at hele utdanningen m\u00e5 skje p\u00e5 nett, ser vi at kunden her kan ha forst\u00e5tt det slik at det var mulig \u00e5 f\u00e5 st\u00f8tte til et tredje \u00e5r ogs\u00e5, skriver Bjerke. <\/p>\n<p> F\u00f8ler seg lurt<\/p>\n<p class=\"_paragraph_o9xde_4 _paragraph_xtcu6_10 layout-component text-serif-m layout-normal text-serif-m layout-padded\">Holmebakken bestemte seg for \u00e5 godta det nye vedtaket fra L\u00e5nekassen.<\/p>\n<p class=\"_paragraph_o9xde_4 _paragraph_xtcu6_10 layout-component text-serif-m layout-normal text-serif-m layout-padded\">Han sier han heldigvis f\u00e5r l\u00e5ne penger av familien. I tillegg er han p\u00e5 utkikk etter en deltidsjobb i Barcelona, selv om det er vanskelig \u00e5 skaffe seg som utlending, if\u00f8lge ham. <\/p>\n<p class=\"_paragraph_o9xde_4 _paragraph_xtcu6_10 layout-component text-serif-m layout-normal text-serif-m layout-padded\"><strong class=\"_strong_o9xde_25\">Men han er langt fra forn\u00f8yd. <\/strong><\/p>\n<p class=\"_paragraph_o9xde_4 _paragraph_xtcu6_10 layout-component text-serif-m layout-normal text-serif-m layout-padded\">\u2013 Jeg f\u00f8ler meg egentlig bare lurt og er s\u00e5 lei av dette. Derfor godtok jeg de stusslige 79.000, selv om det ikke er i n\u00e6rheten av nok penger for et \u00e5r med studier, sier han. <\/p>\n<p class=\"_paragraph_o9xde_4 _paragraph_xtcu6_10 layout-component text-serif-m layout-normal text-serif-m layout-padded\">Han viser til at L\u00e5nekassen i 2023 godkjente bachelorgraden hans. Dette trodde han betydde at han kunne f\u00e5 st\u00f8tte til hele graden.<\/p>\n<p class=\"_paragraph_o9xde_4 _paragraph_xtcu6_10 layout-component text-serif-m layout-normal text-serif-m layout-padded\">L\u00e5nekassen opplyser at selv om de godkjente graden, innvilger de bare st\u00f8tte for ett studie\u00e5r av gangen. <\/p>\n<p class=\"_paragraph_o9xde_4 _paragraph_xtcu6_10 layout-component text-serif-m layout-normal text-serif-m layout-padded\">\u2013 Satsene endrer seg fra \u00e5r til \u00e5r, utdanningen kan endre seg underveis, eller det kan skje endringer hos kunden \u2013 og det kan p\u00e5virke hva man f\u00e5r neste studie\u00e5r. For \u00e5 sikre at vilk\u00e5rene er oppfylt, m\u00e5 for eksempel studenter i utlandet hvert \u00e5r svare p\u00e5 om de skal f\u00f8lge undervisningen fysisk, skriver Bjerke. <\/p>\n","protected":false},"excerpt":{"rendered":"David Holmebakken ventet 15 uker p\u00e5 svar fra L\u00e5nekassen om st\u00f8tte til sitt siste studie\u00e5r i Barcelona. Han&hellip;\n","protected":false},"author":2,"featured_media":66131,"comment_status":"","ping_status":"","sticky":false,"template":"","format":"standard","meta":{"footnotes":""},"categories":[5],"tags":[20,21,24,25,15,19,1205,22,23,17,18,13,30,28,29,14,16,3897,26,27],"class_list":{"0":"post-66130","1":"post","2":"type-post","3":"status-publish","4":"format-standard","5":"has-post-thumbnail","7":"category-overskrifter","8":"tag-breaking-news","9":"tag-breakingnews","10":"tag-featured-news","11":"tag-featurednews","12":"tag-headlines","13":"tag-hovedoppslag","14":"tag-lanekassen","15":"tag-latest-news","16":"tag-latestnews","17":"tag-main-news","18":"tag-mainnews","19":"tag-news","20":"tag-no","21":"tag-norge","22":"tag-norway","23":"tag-nyheter","24":"tag-overskrifter","25":"tag-studier","26":"tag-top-stories","27":"tag-topstories"},"share_on_mastodon":{"url":"","error":""},"_links":{"self":[{"href":"https:\/\/www.europesays.com\/no\/wp-json\/wp\/v2\/posts\/66130","targetHints":{"allow":["GET"]}}],"collection":[{"href":"https:\/\/www.europesays.com\/no\/wp-json\/wp\/v2\/posts"}],"about":[{"href":"https:\/\/www.europesays.com\/no\/wp-json\/wp\/v2\/types\/post"}],"author":[{"embeddable":true,"href":"https:\/\/www.europesays.com\/no\/wp-json\/wp\/v2\/users\/2"}],"replies":[{"embeddable":true,"href":"https:\/\/www.europesays.com\/no\/wp-json\/wp\/v2\/comments?post=66130"}],"version-history":[{"count":0,"href":"https:\/\/www.europesays.com\/no\/wp-json\/wp\/v2\/posts\/66130\/revisions"}],"wp:featuredmedia":[{"embeddable":true,"href":"https:\/\/www.europesays.com\/no\/wp-json\/wp\/v2\/media\/66131"}],"wp:attachment":[{"href":"https:\/\/www.europesays.com\/no\/wp-json\/wp\/v2\/media?parent=66130"}],"wp:term":[{"taxonomy":"category","embeddable":true,"href":"https:\/\/www.europesays.com\/no\/wp-json\/wp\/v2\/categories?post=66130"},{"taxonomy":"post_tag","embeddable":true,"href":"https:\/\/www.europesays.com\/no\/wp-json\/wp\/v2\/tags?post=66130"}],"curies":[{"name":"wp","href":"https:\/\/api.w.org\/{rel}","templated":true}]}}