{"id":66132,"date":"2025-10-21T10:57:08","date_gmt":"2025-10-21T10:57:08","guid":{"rendered":"https:\/\/www.europesays.com\/no\/66132\/"},"modified":"2025-10-21T10:57:08","modified_gmt":"2025-10-21T10:57:08","slug":"norges-u21-kamp-mot-israel-i-host-blir-flyttet","status":"publish","type":"post","link":"https:\/\/www.europesays.com\/no\/66132\/","title":{"rendered":"Norges U21-kamp mot Israel i h\u00f8st blir flyttet"},"content":{"rendered":"\n<p class=\"_lead_o9xde_2 _lead_xtcu6_50 layout-component text-serif-m layout-normal text-serif-l layout-component layout-wide layout-padded _wide_17hqh_1 layout-padded\">Lagene har valgt \u00e5 bytte datoer for hjemme- og bortekamp p\u00e5 grunn av sikkerhetshensyn.<\/p>\n<p><img alt=\"P\u00c5 ULLEVAAL: Israelske fans  Foto: Bj\u00f8rn S. Delebekk \/ VG\" class=\"_image_qp4xg_65 layout-component layout-wide\" data-fullscreen- data-track-element-type=\"Article image fullscreen\" data-track-name=\"ImageFullscreen\" fetchpriority=\"high\" decoding=\"sync\" loading=\"eager\" height=\"3592\" itemprop=\"image\"  src=\"https:\/\/www.europesays.com\/no\/wp-content\/uploads\/2025\/10\/41d1b5c7-425c-4141-abe2-0cf38c0740fd\"  style=\"object-position:0% 0%\" width=\"5392\"\/>P\u00c5 ULLEVAAL: Israelske fans  Foto: Bj\u00f8rn S. Delebekk \/ VG<\/p>\n<ul aria-hidden=\"true\" class=\"_images_18f0k_111\">\n<li><a class=\"_link_18f0k_116\" href=\"https:\/\/www.vg.no\/forfatter\/mats-arntzen\" style=\"z-index:2\" title=\"Mats Arntzen\" rel=\"nofollow noopener\" target=\"_blank\"><img alt=\"Bilde av Mats Arntzen\" class=\"_image_18f0k_93\" fetchpriority=\"low\" loading=\"lazy\" decoding=\"async\" itemprop=\"image\"  src=\"https:\/\/www.europesays.com\/no\/wp-content\/uploads\/2025\/10\/1761044228_79_29b4beac-bbee-4d70-98b8-fb24e4b95afc\"  width=\"480\"\/><\/a><\/li>\n<li><a class=\"_link_18f0k_116\" href=\"https:\/\/www.vg.no\/forfatter\/ntb\" style=\"z-index:1\" title=\"NTB\" rel=\"nofollow noopener\" target=\"_blank\"><img alt=\"Bilde av NTB\" class=\"_image_18f0k_93\" fetchpriority=\"low\" loading=\"lazy\" decoding=\"async\" itemprop=\"image\"  src=\"https:\/\/www.europesays.com\/no\/wp-content\/uploads\/2025\/10\/1761044228_153_c33980b0-5d07-4027-84a1-813f90a7c8d6\"  width=\"480\"\/><\/a><\/li>\n<\/ul>\n<p> Oppdatert tirsdag 21. oktober kl. 12:33    <\/p>\n<ul class=\"_list_o9xde_3 _list_64s2r_85 _unordered_o9xde_106 text-sans-m\">\n<li class=\"_item_o9xde_30\">Norges U21-landslag bytter hjemme- og bortekamp mot Israel i EM-kvalifisering av sikkerhetshensyn.<\/li>\n<li class=\"_item_o9xde_30\">Kampen 14. november spilles i Ungarn, mens kampen i Norge blir 6. oktober 2026.<\/li>\n<li class=\"_item_o9xde_30\">NFF har ikke kommentert saken.<\/li>\n<\/ul>\n<p>Vis mer <\/p>\n<p class=\"_paragraph_o9xde_4 _paragraph_xtcu6_10 layout-component text-serif-m layout-normal text-serif-m layout-padded\">Norges U21-landslag skulle m\u00f8te Israel hjemme i EM-kvalifisering 14. november. N\u00e5 skal den isteden spilles i Debrecen i Ungarn.<\/p>\n<p class=\"_paragraph_o9xde_4 _paragraph_xtcu6_10 layout-component text-serif-m layout-normal text-serif-m layout-padded\">Det israelske fotballforbundet bekrefter overfor <a href=\"https:\/\/www.nrk.no\/sport\/flytter-norges-u21-kamp-mot-israel-1.17620604\" class=\"_link_o9xde_39\" rel=\"nofollow noopener\" target=\"_blank\">NRK<\/a> at de to landene har byttet om p\u00e5 hjemme- og bortekampene.<\/p>\n<p class=\"_paragraph_o9xde_4 _paragraph_xtcu6_10 layout-component text-serif-m layout-normal text-serif-m layout-padded\">\u2013 Vi har nettopp f\u00e5tt bekreftet at de to lagene er enige om \u00e5 bytte om p\u00e5 hjemme- og bortekampene. Israel arrangerer kamp i Ungarn 14. november og den andre kampen blir spilt i Norge 6. oktober 2026, skriver pressesjef Shlomi Barzel i det israelske fotballforbundet.<\/p>\n<p class=\"_paragraph_o9xde_4 _paragraph_xtcu6_10 layout-component text-serif-m layout-normal text-serif-m layout-padded\">Bakteppet er Israels krigf\u00f8ring i Gaza og sp\u00f8rsm\u00e5let om sikkerheten med \u00e5 gjennomf\u00f8re en slik kamp.<\/p>\n<p class=\"_paragraph_o9xde_4 _paragraph_xtcu6_10 layout-component text-serif-m layout-normal text-serif-m layout-padded\">I fjor ble en G19-landskamp mot Israel gjennomf\u00f8rt i Skien, og over 100 propalestinske demonstranter hadde m\u00f8tt opp. Utenfor stadion oppsto det kaos.<\/p>\n<p class=\"_paragraph_o9xde_4 _paragraph_xtcu6_10 layout-component text-serif-m layout-normal text-serif-m layout-padded\">Norges Fotballforbund (NFF) opplyste tidligere i h\u00f8st at de vurderte \u00e5 flytte hjemmekampen utenlands p\u00e5 grunn av sikkerhetssp\u00f8rsm\u00e5l.<\/p>\n<p class=\"_paragraph_o9xde_4 _paragraph_xtcu6_10 layout-component text-serif-m layout-normal text-serif-m layout-padded\">Kampen skulle opprinnelig spilles dagen etter at A-landslaget m\u00f8ter Estland p\u00e5 Ullevaal.<\/p>\n<p class=\"_paragraph_o9xde_4 _paragraph_xtcu6_10 layout-component text-serif-m layout-normal text-serif-m layout-padded\">NFF har ikke besvart NRKs henvendelser om saken.<\/p>\n<p class=\"_paragraph_o9xde_4 _paragraph_xtcu6_10 layout-component text-serif-m layout-normal text-serif-m layout-padded\">Norges U21-herrer \u00e5pnet EM-kvalifiseringen sterkt med 5-0-seier mot Slovenia p\u00e5 Marienlyst stadion i Drammen 9. september.<\/p>\n<p class=\"_paragraph_o9xde_4 _paragraph_xtcu6_10 layout-component text-serif-m layout-normal text-serif-m layout-padded\">U21-EM skal spilles i Albania og Serbia i 2027.<\/p>\n","protected":false},"excerpt":{"rendered":"Lagene har valgt \u00e5 bytte datoer for hjemme- og bortekamp p\u00e5 grunn av sikkerhetshensyn. P\u00c5 ULLEVAAL: Israelske fans&hellip;\n","protected":false},"author":2,"featured_media":66133,"comment_status":"","ping_status":"","sticky":false,"template":"","format":"standard","meta":{"footnotes":""},"categories":[59],"tags":[4844,30,28,4962,6871,29,83,82],"class_list":{"0":"post-66132","1":"post","2":"type-post","3":"status-publish","4":"format-standard","5":"has-post-thumbnail","7":"category-sport","8":"tag-israels-herrelandslag-i-fotball","9":"tag-no","10":"tag-norge","11":"tag-norge-u21","12":"tag-norges-fotballforbund-nff","13":"tag-norway","14":"tag-sport","15":"tag-sports"},"share_on_mastodon":{"url":"","error":""},"_links":{"self":[{"href":"https:\/\/www.europesays.com\/no\/wp-json\/wp\/v2\/posts\/66132","targetHints":{"allow":["GET"]}}],"collection":[{"href":"https:\/\/www.europesays.com\/no\/wp-json\/wp\/v2\/posts"}],"about":[{"href":"https:\/\/www.europesays.com\/no\/wp-json\/wp\/v2\/types\/post"}],"author":[{"embeddable":true,"href":"https:\/\/www.europesays.com\/no\/wp-json\/wp\/v2\/users\/2"}],"replies":[{"embeddable":true,"href":"https:\/\/www.europesays.com\/no\/wp-json\/wp\/v2\/comments?post=66132"}],"version-history":[{"count":0,"href":"https:\/\/www.europesays.com\/no\/wp-json\/wp\/v2\/posts\/66132\/revisions"}],"wp:featuredmedia":[{"embeddable":true,"href":"https:\/\/www.europesays.com\/no\/wp-json\/wp\/v2\/media\/66133"}],"wp:attachment":[{"href":"https:\/\/www.europesays.com\/no\/wp-json\/wp\/v2\/media?parent=66132"}],"wp:term":[{"taxonomy":"category","embeddable":true,"href":"https:\/\/www.europesays.com\/no\/wp-json\/wp\/v2\/categories?post=66132"},{"taxonomy":"post_tag","embeddable":true,"href":"https:\/\/www.europesays.com\/no\/wp-json\/wp\/v2\/tags?post=66132"}],"curies":[{"name":"wp","href":"https:\/\/api.w.org\/{rel}","templated":true}]}}